{"id":19315,"date":"2019-04-06T07:00:00","date_gmt":"2019-04-06T05:00:00","guid":{"rendered":"https:\/\/www.opinionpublica.tv\/portada\/2019\/04\/06\/la-historia-que-empujo-a-eu-a-dejar-su-neutralidad-y-entrar-en-la-primera-guerra-mundial\/"},"modified":"2019-04-06T07:00:00","modified_gmt":"2019-04-06T05:00:00","slug":"la-historia-que-empujo-a-eu-a-dejar-su-neutralidad-y-entrar-en-la-primera-guerra-mundial","status":"publish","type":"post","link":"https:\/\/www.opinionpublica.tv\/portada\/la-historia-que-empujo-a-eu-a-dejar-su-neutralidad-y-entrar-en-la-primera-guerra-mundial\/","title":{"rendered":"La historia que empuj\u00f3 a EU a dejar su neutralidad y entrar en la Primera Guerra Mundial"},"content":{"rendered":"<p><img fetchpriority=\"high\" decoding=\"async\" class=\" size-full wp-image-19310\" src=\"https:\/\/www.opinionpublica.tv\/portada\/wp-content\/uploads\/2019\/04\/ccbb02be1d3607f85e850500e0702edc.jpg\" alt=\"\" class=\"caption\" title=\"La entrada de Estados Unidos a la Primera Guerra Mundial marc\u00f3 el fin de Alemania.\" width=\"976\" height=\"549\" srcset=\"https:\/\/www.opinionpublica.tv\/portada\/wp-content\/uploads\/2019\/04\/ccbb02be1d3607f85e850500e0702edc.jpg 976w, https:\/\/www.opinionpublica.tv\/portada\/wp-content\/uploads\/2019\/04\/ccbb02be1d3607f85e850500e0702edc-300x169.jpg 300w, https:\/\/www.opinionpublica.tv\/portada\/wp-content\/uploads\/2019\/04\/ccbb02be1d3607f85e850500e0702edc-768x432.jpg 768w\" sizes=\"(max-width: 976px) 100vw, 976px\" \/><br \/>\n<!--more--><\/p>\n<p style=\"text-align: justify;\">Cuando el Congreso de Estados Unidos finalmente dio su aprobaci\u00f3n para entrar en la Primera Guerra Mundial el 6 de abril de 1917, hace ya 102 a\u00f1os, la decisi\u00f3n fue catalogada por la mayor\u00eda de los analistas como inevitable.<\/p>\n<p style=\"text-align: justify;\"><em>El autor Patrick Gregory explica c\u00f3mo el pa\u00eds lleg\u00f3 a ese punto.<\/em><\/p>\n<p style=\"text-align: justify;\">El camino rumbo a la guerra hab\u00eda comenzado poco m\u00e1s de dos meses antes, cuando el gobierno imperial alem\u00e1n decidi\u00f3\u00a0reanudar su pol\u00edtica b\u00e9lica de ataques submarinos sin restricciones\u00a0en las aguas costeras de los alrededores de las Islas Brit\u00e1nicas.<\/p>\n<p style=\"text-align: justify;\">En otras palabras, volver\u00edan a atacar a todos y cada uno de los buques mar\u00edtimos que pasaran por all\u00ed, incluyendo las embarcaciones estadounidenses.<\/p>\n<p style=\"text-align: justify;\">Sin embargo, la guerra, no siempre hab\u00eda sido algo \u00abinevitable\u00bb.<\/p>\n<p style=\"text-align: justify;\"><strong>Ser neutral<\/strong><\/p>\n<p style=\"text-align: justify;\">Durante dos a\u00f1os y medio, el entonces presidente de EE.UU., Woodrow Wilson, hab\u00eda conseguido\u00a0tejer un delicado equilibrio pol\u00edtico\u00a0para mantener al pa\u00eds fuera del conflicto europeo, a menudo enfrentando una intensa oposici\u00f3n pol\u00edtica interna.<\/p>\n<p style=\"text-align: justify;\"><img decoding=\"async\" class=\" size-full wp-image-19311\" src=\"https:\/\/www.opinionpublica.tv\/portada\/wp-content\/uploads\/2019\/04\/wilson.jpg\" width=\"600\" height=\"337\" srcset=\"https:\/\/www.opinionpublica.tv\/portada\/wp-content\/uploads\/2019\/04\/wilson.jpg 660w, https:\/\/www.opinionpublica.tv\/portada\/wp-content\/uploads\/2019\/04\/wilson-300x169.jpg 300w\" sizes=\"(max-width: 600px) 100vw, 600px\" \/><\/p>\n<p style=\"text-align: justify;\">Wilson era un intelectual reservado y severo, descendiente de escoceses presbiterianos. Su traum\u00e1tica experiencia como ni\u00f1o de un estado sure\u00f1o durante la Guerra Civil estadounidense lo llev\u00f3 a decidir que\u00a0el pa\u00eds deb\u00eda quedar por fuera del conflicto europeo cuando comenz\u00f3, en 1914.<\/p>\n<p style=\"text-align: justify;\">Era un conflicto cuyas causas y objetivos \u00e9l ve\u00eda, en el mejor de los casos, como oscuros. En su opini\u00f3n, la pol\u00edtica exterior estadounidense no se ver\u00eda beneficiada por la participaci\u00f3n.<\/p>\n<p style=\"text-align: justify;\">La neutralidad\u00a0se\u00a0convirti\u00f3 en el lema de\u00a0Wilson\u00a0y en el eje de los tratos del pa\u00eds con Europa. Para disgusto de muchos cr\u00edticos, entre ellos prominentes republicanos como el ex presidente Theodore Roosevelt, EE.UU. se convirti\u00f3 en una naci\u00f3n neutral \u00abtanto en pensamiento como en acci\u00f3n\u00bb.<\/p>\n<p style=\"text-align: justify;\"><strong>\u00abNos mantuvo fuera de la guerra\u00bb<\/strong><\/p>\n<p style=\"text-align: justify;\">Wilson mantuvo su pol\u00edtica durante los primeros a\u00f1os de la guerra, incluso ante provocaciones\u00a0extremas.<\/p>\n<p style=\"text-align: justify;\">El ejemplo m\u00e1s prominente sucedi\u00f3 en mayo de 1915, cuando un barco brit\u00e1nico de pasajeros llamado RMS Lusitania fue torpedeado por un submarino alem\u00e1n de la costa sur de Irlanda. Casi 1,200 personas murieron, incluyendo 128 estadounidenses.<\/p>\n<p style=\"text-align: justify;\"><img decoding=\"async\" class=\" size-full wp-image-19312\" src=\"https:\/\/www.opinionpublica.tv\/portada\/wp-content\/uploads\/2019\/04\/luisiana.jpg\" width=\"601\" height=\"338\" srcset=\"https:\/\/www.opinionpublica.tv\/portada\/wp-content\/uploads\/2019\/04\/luisiana.jpg 624w, https:\/\/www.opinionpublica.tv\/portada\/wp-content\/uploads\/2019\/04\/luisiana-300x169.jpg 300w\" sizes=\"(max-width: 601px) 100vw, 601px\" \/><\/p>\n<p style=\"text-align: justify;\">Mientras crec\u00edan las protestas internas exigiendo la intervenci\u00f3n, en septiembre de 1915,\u00a0Wilson consigui\u00f3\u00a0que el gobierno alem\u00e1n ordenara no hundir m\u00e1s buques de pasajeros sin previo aviso.<\/p>\n<p style=\"text-align: justify;\">De esta forma, Wilson mantuvo una suerte de cautela vigilante. Incluso, al a\u00f1o siguiente su campa\u00f1a presidencial para la reelecci\u00f3n tuvo como lema: \u00abNos mantuvo fuera de la guerra\u00bb.<\/p>\n<p style=\"text-align: justify;\">Y gan\u00f3, aunque de forma ajustada. El 31 de enero de 1917, en un discurso ante el Senado, inst\u00f3 a los legisladores a que, cuando terminara el conflicto en Europa, lo ayudaran a forjar los \u00abfundamentos de la paz entre las naciones\u00bb.<\/p>\n<p style=\"text-align: justify;\">Pero\u00a0Wilson se vio forzado a cambiar de opini\u00f3n\u00a0de forma abrupta.<\/p>\n<p style=\"text-align: justify;\"><strong>Una carta y un telegrama<\/strong><\/p>\n<p style=\"text-align: justify;\">Una semana despu\u00e9s de ese discurso, el embajador alem\u00e1n en Washington D.C., Johann Heinrich von Bernstorff, llam\u00f3 al secretario de Estado, Robert Lansing.<\/p>\n<p style=\"text-align: justify;\">Von Bernstorff ten\u00eda consigo una carta en la que Alemania declaraba la reanudaci\u00f3n de su pol\u00edtica de ataques submarinos sin restricciones.<\/p>\n<p style=\"text-align: justify;\"><strong>As\u00ed comenz\u00f3 la cuenta regresiva.<\/strong><\/p>\n<p style=\"text-align: justify;\">Primero se rompieron los lazos diplom\u00e1ticos. Luego se intent\u00f3 un punto intermedio que Wilson calific\u00f3 de \u00abneutralidad armada\u00bb. Pero el tema no termin\u00f3 all\u00ed.<\/p>\n<p style=\"text-align: justify;\"><img loading=\"lazy\" decoding=\"async\" class=\" size-full wp-image-19313\" src=\"https:\/\/www.opinionpublica.tv\/portada\/wp-content\/uploads\/2019\/04\/alemaniaeu_ok.jpg\" width=\"600\" height=\"337\" srcset=\"https:\/\/www.opinionpublica.tv\/portada\/wp-content\/uploads\/2019\/04\/alemaniaeu_ok.jpg 644w, https:\/\/www.opinionpublica.tv\/portada\/wp-content\/uploads\/2019\/04\/alemaniaeu_ok-300x169.jpg 300w\" sizes=\"(max-width: 600px) 100vw, 600px\" \/><\/p>\n<p style=\"text-align: justify;\">Un telegrama enviado a M\u00e9xico\u00a0de\u00a0parte del ministro alem\u00e1n\u00a0de Relaciones Exteriores, Arthur Zimmerman, se filtr\u00f3 a la prensa y enfureci\u00f3 a la opini\u00f3n p\u00fablica.<\/p>\n<p style=\"text-align: justify;\"><strong>El telegrama a M\u00e9xico que defini\u00f3 la suerte de la Primera Guerra Mundial<\/strong><\/p>\n<p style=\"text-align: justify;\">La propuesta de Zimmerman, enviada a trav\u00e9s de la embajada alemana en M\u00e9xico, ten\u00eda un mensaje directo: \u00abHagamos la guerra juntos, hagamos la paz juntos\u00bb.<\/p>\n<p style=\"text-align: justify;\">En concreto,\u00a0Berl\u00edn le ofrec\u00eda a M\u00e9xico un generoso apoyo financiero para entrar en guerra con Estados Unidos\u00a0y recuperar los territorios de Texas, Arizona y Nuevo M\u00e9xico, conquistados en el siglo XIX por su poderoso vecino del norte.<\/p>\n<p style=\"text-align: justify;\">Dado que el telegrama fue interceptado por el gobierno brit\u00e1nico, el cual advirti\u00f3 a EE.UU., algunos consideraron que el mensaje era una movida de los Aliados para poner fin a la neutralidad promovida por Wilson.<\/p>\n<p style=\"text-align: justify;\">Sin embargo, el 29 de marzo, Zimmerman habl\u00f3 del asunto en un discurso, admitiendo su participaci\u00f3n e incluso justificando la movida por la \u00abactitud hostil\u00bb del gobierno estadounidense.<\/p>\n<p style=\"text-align: justify;\"><strong>El paso \u00abinevitable\u00bb<\/strong><\/p>\n<p style=\"text-align: justify;\">El 2 abril Wilson habl\u00f3 ante el Congreso. Con un profundo sentido del paso solemne y tr\u00e1gico que estaba tomando, dijo a los parlamentarios que\u00a0deb\u00edan considerar las acciones alemanas como una declaraci\u00f3n de guerra contra el gobierno y el pueblo de Estados Unidos.<\/p>\n<p style=\"text-align: justify;\">La neutralidad armada hab\u00eda resultado ineficaz, pues era imposible de instrumentar para defender a los barcos contra los ataques de submarinos alemanes.<\/p>\n<p style=\"text-align: justify;\">\u00abNo tenemos nada en contra del pueblo alem\u00e1n. Nuestros \u00fanicos sentimientos hacia ellos son de simpat\u00eda y amistad\u00bb, dijo Wilson. Pero, agreg\u00f3,\u00a0\u00abel mundo debe ser un lugar seguro para que exista la democracia\u00bb.<\/p>\n<p style=\"text-align: justify;\"><img loading=\"lazy\" decoding=\"async\" class=\" size-full wp-image-19314\" src=\"https:\/\/www.opinionpublica.tv\/portada\/wp-content\/uploads\/2019\/04\/alemaniaeu_4.jpg\" width=\"601\" height=\"338\" srcset=\"https:\/\/www.opinionpublica.tv\/portada\/wp-content\/uploads\/2019\/04\/alemaniaeu_4.jpg 1200w, https:\/\/www.opinionpublica.tv\/portada\/wp-content\/uploads\/2019\/04\/alemaniaeu_4-300x169.jpg 300w, https:\/\/www.opinionpublica.tv\/portada\/wp-content\/uploads\/2019\/04\/alemaniaeu_4-1024x576.jpg 1024w, https:\/\/www.opinionpublica.tv\/portada\/wp-content\/uploads\/2019\/04\/alemaniaeu_4-768x432.jpg 768w\" sizes=\"(max-width: 601px) 100vw, 601px\" \/><\/p>\n<p style=\"text-align: justify;\">Dos d\u00edas m\u00e1s tarde el Senado vot\u00f3 a favor de la resoluci\u00f3n de Wilson y otros dos d\u00edas despu\u00e9s fue aprobado por la C\u00e1mara de Representantes.<\/p>\n<p style=\"text-align: justify;\">Fue as\u00ed que el 6 de abril de 1917, el presidente firm\u00f3 su declaraci\u00f3n oficial u Estados Unidos entraba en la Primera Guerra Mundial. (BBC)<\/p>\n<p style=\"text-align: justify;\">\u00a0<\/p>\n<p style=\"text-align: justify;\">* Patrick Gregory es coautor del libro\u00a0<a style=\"font-style: inherit;\" href=\"http:\/\/americanonthewesternfront.com\/\">An American on the Western Front: The First World War Letters of Arthur Clifford Kimber 1917-18\u00a0<\/a>(\u00abUn estadounidense en el frente occidental: cartas de Arthur Clifford Kimber en la Primera Guerra Mundial 1917-18\u00bb), publicado por The History Press en 2016.<\/p>\n","protected":false},"excerpt":{"rendered":"","protected":false},"author":6,"featured_media":19310,"comment_status":"open","ping_status":"open","sticky":false,"template":"","format":"standard","meta":{"_acf_changed":false,"_monsterinsights_skip_tracking":false,"slim_seo":{"title":"La historia que empuj\u00f3 a EU a dejar su neutralidad y entrar en la Primera Guerra Mundial - Opini\u00f3n P\u00fablica","description":"Cuando el Congreso de Estados Unidos finalmente dio su aprobaci\u00f3n para entrar en la Primera Guerra Mundial el 6 de abril de 1917, hace ya 102 a\u00f1os, la decisi\u00f3n"},"footnotes":""},"categories":[14],"tags":[],"class_list":["post-19315","post","type-post","status-publish","format-standard","has-post-thumbnail","hentry","category-historias"],"acf":[],"_links":{"self":[{"href":"https:\/\/www.opinionpublica.tv\/portada\/wp-json\/wp\/v2\/posts\/19315","targetHints":{"allow":["GET"]}}],"collection":[{"href":"https:\/\/www.opinionpublica.tv\/portada\/wp-json\/wp\/v2\/posts"}],"about":[{"href":"https:\/\/www.opinionpublica.tv\/portada\/wp-json\/wp\/v2\/types\/post"}],"author":[{"embeddable":true,"href":"https:\/\/www.opinionpublica.tv\/portada\/wp-json\/wp\/v2\/users\/6"}],"replies":[{"embeddable":true,"href":"https:\/\/www.opinionpublica.tv\/portada\/wp-json\/wp\/v2\/comments?post=19315"}],"version-history":[{"count":0,"href":"https:\/\/www.opinionpublica.tv\/portada\/wp-json\/wp\/v2\/posts\/19315\/revisions"}],"wp:featuredmedia":[{"embeddable":true,"href":"https:\/\/www.opinionpublica.tv\/portada\/wp-json\/wp\/v2\/media\/19310"}],"wp:attachment":[{"href":"https:\/\/www.opinionpublica.tv\/portada\/wp-json\/wp\/v2\/media?parent=19315"}],"wp:term":[{"taxonomy":"category","embeddable":true,"href":"https:\/\/www.opinionpublica.tv\/portada\/wp-json\/wp\/v2\/categories?post=19315"},{"taxonomy":"post_tag","embeddable":true,"href":"https:\/\/www.opinionpublica.tv\/portada\/wp-json\/wp\/v2\/tags?post=19315"}],"curies":[{"name":"wp","href":"https:\/\/api.w.org\/{rel}","templated":true}]}}