{"id":19309,"date":"2019-04-06T07:00:00","date_gmt":"2019-04-06T05:00:00","guid":{"rendered":"https:\/\/www.opinionpublica.tv\/portada\/2019\/04\/06\/efemerides-6-de-abril-2\/"},"modified":"2019-04-06T07:00:00","modified_gmt":"2019-04-06T05:00:00","slug":"efemerides-6-de-abril-2","status":"publish","type":"post","link":"https:\/\/www.opinionpublica.tv\/portada\/efemerides-6-de-abril-2\/","title":{"rendered":"Efem\u00e9rides 6 de abril"},"content":{"rendered":"<img fetchpriority=\"high\" decoding=\"async\" class=\" size-full wp-image-19308\" src=\"https:\/\/www.opinionpublica.tv\/portada\/wp-content\/uploads\/2019\/04\/3d6dc218f982521ab4ad5188f00e2c09.jpg\" alt=\"\" class=\"caption\" title=\"La entrada de Estados Unidos a la Primera Guerra Mundial marc\u00f3 el fin de Alemania.\" width=\"1280\" height=\"930\" srcset=\"https:\/\/www.opinionpublica.tv\/portada\/wp-content\/uploads\/2019\/04\/3d6dc218f982521ab4ad5188f00e2c09.jpg 1280w, https:\/\/www.opinionpublica.tv\/portada\/wp-content\/uploads\/2019\/04\/3d6dc218f982521ab4ad5188f00e2c09-300x218.jpg 300w, https:\/\/www.opinionpublica.tv\/portada\/wp-content\/uploads\/2019\/04\/3d6dc218f982521ab4ad5188f00e2c09-1024x744.jpg 1024w, https:\/\/www.opinionpublica.tv\/portada\/wp-content\/uploads\/2019\/04\/3d6dc218f982521ab4ad5188f00e2c09-768x558.jpg 768w\" sizes=\"(max-width: 1280px) 100vw, 1280px\" \/>\n<p style=\"text-align: justify;\">Un d\u00eda 6 de abril como hoy, pero de 1917, hace 102 a\u00f1os, Estados Unidos declara la guerra a Alemania, durante la Primera Guerra Mundial.<\/p>\n<p><!--more--><\/p>\n<p style=\"text-align: justify;\"><strong>Otras efem\u00e9rides<\/strong><\/p>\n<p style=\"text-align: justify;\">1520.- Fallece Rafael Sanzio de Urbino, pintor y arquitecto italiano.<\/p>\n<p style=\"text-align: justify;\">1528.- Fallece Alberto Durero, pintor y grabador alem\u00e1n.<\/p>\n<p style=\"text-align: justify;\">1713.- La Real Academia Espa\u00f1ola celebra su primera junta en casa de su promotor, el marqu\u00e9s de Villena.<\/p>\n<p style=\"text-align: justify;\">1732.- Nace Jos\u00e9 Celestino Mutis, bot\u00e1nico espa\u00f1ol.<\/p>\n<p style=\"text-align: justify;\">1763.- Un incendio destruye el Palais-Royal, de Par\u00eds, donde estaba instalada la Opera.<\/p>\n<p style=\"text-align: justify;\">1792.- Real decreto por el que se autoriza la publicaci\u00f3n del \u00abDiario de Barcelona\u00bb.<\/p>\n<p style=\"text-align: justify;\">1814.- Proclamaci\u00f3n del rey Luis XVIII de Francia.<\/p>\n<p style=\"text-align: justify;\">1830.- Joseph Smith funda en Nueva York la Iglesia de Jesucristo de los Santos del Ultimo D\u00eda, m\u00e1s conocida como Iglesia mormona.<\/p>\n<p style=\"text-align: justify;\">1835.- Fallece Jos\u00e9 Agust\u00edn Caballero, dirigente independentista cubano.<\/p>\n<p style=\"text-align: justify;\">1838.- Fallece Jos\u00e9 Bonifacio de Andrada, pr\u00f3cer de la independencia brasile\u00f1a.<\/p>\n<p style=\"text-align: justify;\">1865.- Nace Celso Lucio, dramaturgo espa\u00f1ol.<\/p>\n<p style=\"text-align: justify;\">1896.- Se inauguran en Atenas los primeros Juegos Ol\u00edmpicos de la Era Moderna.<\/p>\n<p style=\"text-align: justify;\">1909.- El explorador estadounidense Robert Edwin Peary llega al Polo Norte.<\/p>\n<p style=\"text-align: justify;\">1914.- Firma de un tratado entre Colombia y Estados Unidos por el que se restablecen relaciones diplom\u00e1ticas entre ambos pa\u00edses y el segundo se compromete a pagar una indemnizaci\u00f3n de 25 millones de d\u00f3lares por el despojo de Panam\u00e1.<\/p>\n<p style=\"text-align: justify;\">1916.- Primera Guerra Mundial: el Reichstag alem\u00e1n aprueba la guerra submarina ilimitada.<\/p>\n<p style=\"text-align: justify;\">1917.- Abolici\u00f3n de la pena de muerte en Rusia e instauraci\u00f3n de la jornada de 8 horas.<\/p>\n<p style=\"text-align: justify;\">1920.- Tropas francesas ocupan Frankfurt en respuesta a la intervenci\u00f3n alemana en el Ruhr.<\/p>\n<p style=\"text-align: justify;\">1924.- Salen de Seattle, EU, cuatro aviones Douglas para emprender la primera vuelta al mundo en avi\u00f3n, que finalizar\u00edan el 28 de septiembre dos de estos aparatos.<\/p>\n<p style=\"text-align: justify;\">1926.- Nace Ian Paisley, pol\u00edtico norirland\u00e9s.<\/p>\n<p style=\"text-align: justify;\">1928.- Nace James Watson, bioqu\u00edmico estadounidense, Nobel de Medicina 1962. estadounidense.<\/p>\n<p style=\"text-align: justify;\">1929.- Nace Andr\u00e9 Previn, m\u00fasico alem\u00e1n nacionalizado estadounidense.<\/p>\n<p style=\"text-align: justify;\">1931.- Estalla una revoluci\u00f3n en Venezuela, capitaneada por el general Ar\u00e9valo Cede\u00f1o, que fracasa.<\/p>\n<p style=\"text-align: justify;\">1931.- Tras el golpe de Estado en Funchal, el Gobierno portugu\u00e9s decreta el estado de excepci\u00f3n en Madeira y el de guerra en Azores.<\/p>\n<p style=\"text-align: justify;\">1932.- Nace Ren\u00e9 Essomba, m\u00e9dico camerun\u00e9s.<\/p>\n<p style=\"text-align: justify;\">1934.- El coronel del Ej\u00e9rcito espa\u00f1ol Fernando Capaz Montes ocupa pac\u00edficamente Ifni (Marruecos), de donde es nombrado gobernador.<\/p>\n<p style=\"text-align: justify;\">1936.- Un hurac\u00e1n causa en Misisipi (EEUU) 429 muertos y 1.727 heridos.<\/p>\n<p style=\"text-align: justify;\">1940.- Nace Andr\u00e9s Pajares, actor espa\u00f1ol.<\/p>\n<p style=\"text-align: justify;\">1941.- Segunda Guerra Mundial: los alemanes atacan Grecia y Yugoslavia y los brit\u00e1nicos conquistan Addis Abeba.<\/p>\n<p style=\"text-align: justify;\">1943.- Decreto por el que se autoriza la cartilla de racionamiento individual en Espa\u00f1a, en vez de la familiar empleada antes.<\/p>\n<p style=\"text-align: justify;\">1968.- La cantante espa\u00f1ola Massiel gana en Londres, por primera vez para Espa\u00f1a, el Festival de Eurovisi\u00f3n, con \u00abLa, la, la\u00bb.<\/p>\n<p style=\"text-align: justify;\">1971.- Igor Stravinsky, compositor estadounidense nacido en Rusia.<\/p>\n<p style=\"text-align: justify;\">1972.- El presidente Allende veta la enmienda constitucional que exige la aprobaci\u00f3n del Congreso para realizar expropiaciones en Chile.<\/p>\n<p style=\"text-align: justify;\">1972.- Ante la ofensiva comunista en Vietnam, aviones estadounidenses reanudan los bombardeos sobre Vietnam del Norte, interrumpidos desde 1968.<\/p>\n<p style=\"text-align: justify;\">1982.- Nace Adam Raga, piloto espa\u00f1ol de trial.<\/p>\n<p style=\"text-align: justify;\">1984.- Fallido golpe de Estado en Camer\u00fan.<\/p>\n<p style=\"text-align: justify;\">1985.- Golpe de Estado incruento en Sud\u00e1n. El ministro de Defensa, general Ad Dahab, destituye a Mohamed al Numeiri, presidente del pa\u00eds durante 16 a\u00f1os.<\/p>\n<p style=\"text-align: justify;\">1987.- El Papa Juan Pablo II llega a Buenos Aires en visita de seis d\u00edas por las principales ciudades argentinas.<\/p>\n<p style=\"text-align: justify;\">1991.- Guerra del Golfo P\u00e9rsico: Irak acepta la resoluci\u00f3n 687 del Consejo de Seguridad de la ONU sobre alto el fuego.<\/p>\n<p style=\"text-align: justify;\">1992.- Comienza la guerra civil en Bosnia-Herzegovina.<\/p>\n<p style=\"text-align: justify;\">1992.- Fallece Isaac Asimov, cient\u00edfico estadounidense de origen ruso.<\/p>\n<p style=\"text-align: justify;\">1994.- Mueren en atentado los presidentes de Burundi, Ciprien Ntaryamira, y de Ruanda, Juvenal Habyarimana, lo que desencaden\u00f3 una guerra civil en el segundo pa\u00eds.<\/p>\n<p style=\"text-align: justify;\">1996.- Fallece Greer Garson, actriz estadounidense nacida en Irlanda.<\/p>\n<p style=\"text-align: justify;\">1998.- Francia y Gran Breta\u00f1a ratifican el Tratado de Prohibici\u00f3n Total de Pruebas Nucleares.<\/p>\n<p style=\"text-align: justify;\">2000.- Fallece Habib Burguiba, ex presidente de T\u00fanez.<\/p>\n<p style=\"text-align: justify;\">2002.- La actriz mexicana Silvia Derbez, muere en Ciudad de M\u00e9xico a los 70 a\u00f1os.<\/p>\n<p style=\"text-align: justify;\">2004.- El Parlamento de Lituania destituye al presidente Rolanda Paksas, acusado de violar la Constituci\u00f3n.<\/p>\n<p style=\"text-align: justify;\">2005.- Fallece Pr\u00edncipe Rainiero de M\u00f3naco.<\/p>\n<p style=\"text-align: justify;\">2007.- Fallece Luigi Comencini, director de cine italiano.<\/p>\n<p style=\"text-align: justify;\">2008.- Fallece Charlton Heston, actor estadounidense.<\/p>\n","protected":false},"excerpt":{"rendered":"<p>Un d\u00eda 6 de abril como hoy, pero de 1917, hace 102 a\u00f1os, Estados Unidos declara la guerra a Alemania, durante la Primera Guerra Mundial.<\/p>\n","protected":false},"author":6,"featured_media":19308,"comment_status":"open","ping_status":"open","sticky":false,"template":"","format":"standard","meta":{"_acf_changed":false,"_monsterinsights_skip_tracking":false,"slim_seo":{"title":"Efem\u00e9rides 6 de abril - Opini\u00f3n P\u00fablica","description":"Un d\u00eda 6 de abril como hoy, pero de 1917, hace 102 a\u00f1os, Estados Unidos declara la guerra a Alemania, durante la Primera Guerra Mundial. Otras efem\u00e9rides 1520.-"},"footnotes":""},"categories":[27],"tags":[],"class_list":["post-19309","post","type-post","status-publish","format-standard","has-post-thumbnail","hentry","category-un-dia-como-hoy"],"acf":[],"_links":{"self":[{"href":"https:\/\/www.opinionpublica.tv\/portada\/wp-json\/wp\/v2\/posts\/19309","targetHints":{"allow":["GET"]}}],"collection":[{"href":"https:\/\/www.opinionpublica.tv\/portada\/wp-json\/wp\/v2\/posts"}],"about":[{"href":"https:\/\/www.opinionpublica.tv\/portada\/wp-json\/wp\/v2\/types\/post"}],"author":[{"embeddable":true,"href":"https:\/\/www.opinionpublica.tv\/portada\/wp-json\/wp\/v2\/users\/6"}],"replies":[{"embeddable":true,"href":"https:\/\/www.opinionpublica.tv\/portada\/wp-json\/wp\/v2\/comments?post=19309"}],"version-history":[{"count":0,"href":"https:\/\/www.opinionpublica.tv\/portada\/wp-json\/wp\/v2\/posts\/19309\/revisions"}],"wp:featuredmedia":[{"embeddable":true,"href":"https:\/\/www.opinionpublica.tv\/portada\/wp-json\/wp\/v2\/media\/19308"}],"wp:attachment":[{"href":"https:\/\/www.opinionpublica.tv\/portada\/wp-json\/wp\/v2\/media?parent=19309"}],"wp:term":[{"taxonomy":"category","embeddable":true,"href":"https:\/\/www.opinionpublica.tv\/portada\/wp-json\/wp\/v2\/categories?post=19309"},{"taxonomy":"post_tag","embeddable":true,"href":"https:\/\/www.opinionpublica.tv\/portada\/wp-json\/wp\/v2\/tags?post=19309"}],"curies":[{"name":"wp","href":"https:\/\/api.w.org\/{rel}","templated":true}]}}