{"id":19307,"date":"2019-04-06T07:00:00","date_gmt":"2019-04-06T05:00:00","guid":{"rendered":"https:\/\/www.opinionpublica.tv\/portada\/2019\/04\/06\/fotogaleria-la-violencia-sigue-rompiendo-records-en-mexico\/"},"modified":"2019-04-06T07:00:00","modified_gmt":"2019-04-06T05:00:00","slug":"fotogaleria-la-violencia-sigue-rompiendo-records-en-mexico","status":"publish","type":"post","link":"https:\/\/www.opinionpublica.tv\/portada\/fotogaleria-la-violencia-sigue-rompiendo-records-en-mexico\/","title":{"rendered":"Fotogaler\u00eda: La violencia sigue rompiendo r\u00e9cords en M\u00e9xico"},"content":{"rendered":"<p><img fetchpriority=\"high\" decoding=\"async\" class=\" size-full wp-image-19297\" src=\"https:\/\/www.opinionpublica.tv\/portada\/wp-content\/uploads\/2019\/04\/3324eaa35494ac0e2881e8caef2e6617.jpg\" alt=\"\" class=\"caption\" title=\"La violencia en M\u00e9xico sigue a la alza en todas sus modalidades.\" width=\"935\" height=\"623\" srcset=\"https:\/\/www.opinionpublica.tv\/portada\/wp-content\/uploads\/2019\/04\/3324eaa35494ac0e2881e8caef2e6617.jpg 935w, https:\/\/www.opinionpublica.tv\/portada\/wp-content\/uploads\/2019\/04\/3324eaa35494ac0e2881e8caef2e6617-300x200.jpg 300w, https:\/\/www.opinionpublica.tv\/portada\/wp-content\/uploads\/2019\/04\/3324eaa35494ac0e2881e8caef2e6617-768x512.jpg 768w\" sizes=\"(max-width: 935px) 100vw, 935px\" \/><br \/>\n<!--more--><\/p>\n<p style=\"text-align: justify;\"><em>Ciudad de M\u00e9xico<\/em>.- Seg\u00fan\u00a0cifras oficiales publicadas por el Secretariado Ejecutivo\u00a0del Sistema Nacional de Seguridad P\u00fablica (SESNSP), entre el 1 de enero y el 30 de junio de 2018 se cometieron 15,943 homicidios dolosos en M\u00e9xico, m\u00e1s de los\u00a012,185 asesinatos que se hab\u00edan contabilizado en el mismo per\u00edodo en 2017,\u00a0el a\u00f1o m\u00e1s violento que se hab\u00eda registrado hasta ahora.\u00a0<\/p>\n<p style=\"text-align: justify;\">A continuaci\u00f3n se presentan algunas im\u00e1genes que ilustran la realidad de la violencia en M\u00e9xico durante el 2018.<\/p>\n<p style=\"text-align: justify;\">Son im\u00e1genes fuertes, se recomienda discreci\u00f3n.<\/p>\n<p style=\"text-align: justify;\"><img decoding=\"async\" class=\" size-full wp-image-19298\" src=\"https:\/\/www.opinionpublica.tv\/portada\/wp-content\/uploads\/2019\/04\/violencia_1.jpeg\" width=\"600\" height=\"400\" srcset=\"https:\/\/www.opinionpublica.tv\/portada\/wp-content\/uploads\/2019\/04\/violencia_1.jpeg 935w, https:\/\/www.opinionpublica.tv\/portada\/wp-content\/uploads\/2019\/04\/violencia_1-300x200.jpeg 300w, https:\/\/www.opinionpublica.tv\/portada\/wp-content\/uploads\/2019\/04\/violencia_1-768x512.jpeg 768w\" sizes=\"(max-width: 600px) 100vw, 600px\" \/><\/p>\n<p style=\"text-align: justify;\">\u00a0<img decoding=\"async\" class=\" size-full wp-image-19299\" src=\"https:\/\/www.opinionpublica.tv\/portada\/wp-content\/uploads\/2019\/04\/violencia_3.jpeg\" width=\"600\" height=\"395\" srcset=\"https:\/\/www.opinionpublica.tv\/portada\/wp-content\/uploads\/2019\/04\/violencia_3.jpeg 935w, https:\/\/www.opinionpublica.tv\/portada\/wp-content\/uploads\/2019\/04\/violencia_3-300x198.jpeg 300w, https:\/\/www.opinionpublica.tv\/portada\/wp-content\/uploads\/2019\/04\/violencia_3-768x506.jpeg 768w\" sizes=\"(max-width: 600px) 100vw, 600px\" \/><\/p>\n<p style=\"text-align: justify;\">\u00a0<img loading=\"lazy\" decoding=\"async\" class=\" size-full wp-image-19300\" src=\"https:\/\/www.opinionpublica.tv\/portada\/wp-content\/uploads\/2019\/04\/violencia_4.jpeg\" width=\"600\" height=\"410\" srcset=\"https:\/\/www.opinionpublica.tv\/portada\/wp-content\/uploads\/2019\/04\/violencia_4.jpeg 935w, https:\/\/www.opinionpublica.tv\/portada\/wp-content\/uploads\/2019\/04\/violencia_4-300x205.jpeg 300w, https:\/\/www.opinionpublica.tv\/portada\/wp-content\/uploads\/2019\/04\/violencia_4-768x525.jpeg 768w\" sizes=\"(max-width: 600px) 100vw, 600px\" \/><\/p>\n<p style=\"text-align: justify;\"><img loading=\"lazy\" decoding=\"async\" class=\" size-full wp-image-19301\" src=\"https:\/\/www.opinionpublica.tv\/portada\/wp-content\/uploads\/2019\/04\/violencia_5.jpeg\" width=\"600\" height=\"400\" srcset=\"https:\/\/www.opinionpublica.tv\/portada\/wp-content\/uploads\/2019\/04\/violencia_5.jpeg 935w, https:\/\/www.opinionpublica.tv\/portada\/wp-content\/uploads\/2019\/04\/violencia_5-300x200.jpeg 300w, https:\/\/www.opinionpublica.tv\/portada\/wp-content\/uploads\/2019\/04\/violencia_5-768x512.jpeg 768w\" sizes=\"(max-width: 600px) 100vw, 600px\" \/><\/p>\n<p style=\"text-align: justify;\"><img loading=\"lazy\" decoding=\"async\" class=\" size-full wp-image-19302\" src=\"https:\/\/www.opinionpublica.tv\/portada\/wp-content\/uploads\/2019\/04\/violencia_6.jpeg\" width=\"600\" height=\"400\" srcset=\"https:\/\/www.opinionpublica.tv\/portada\/wp-content\/uploads\/2019\/04\/violencia_6.jpeg 935w, https:\/\/www.opinionpublica.tv\/portada\/wp-content\/uploads\/2019\/04\/violencia_6-300x200.jpeg 300w, https:\/\/www.opinionpublica.tv\/portada\/wp-content\/uploads\/2019\/04\/violencia_6-768x512.jpeg 768w\" sizes=\"(max-width: 600px) 100vw, 600px\" \/><\/p>\n<p style=\"text-align: justify;\"><img loading=\"lazy\" decoding=\"async\" class=\" size-full wp-image-19303\" src=\"https:\/\/www.opinionpublica.tv\/portada\/wp-content\/uploads\/2019\/04\/violencia_7.jpeg\" width=\"600\" height=\"403\" srcset=\"https:\/\/www.opinionpublica.tv\/portada\/wp-content\/uploads\/2019\/04\/violencia_7.jpeg 935w, https:\/\/www.opinionpublica.tv\/portada\/wp-content\/uploads\/2019\/04\/violencia_7-300x201.jpeg 300w, https:\/\/www.opinionpublica.tv\/portada\/wp-content\/uploads\/2019\/04\/violencia_7-768x516.jpeg 768w\" sizes=\"(max-width: 600px) 100vw, 600px\" \/><\/p>\n<p style=\"text-align: justify;\"><img loading=\"lazy\" decoding=\"async\" class=\" size-full wp-image-19304\" src=\"https:\/\/www.opinionpublica.tv\/portada\/wp-content\/uploads\/2019\/04\/violencia_8.jpeg\" width=\"600\" height=\"400\" srcset=\"https:\/\/www.opinionpublica.tv\/portada\/wp-content\/uploads\/2019\/04\/violencia_8.jpeg 935w, https:\/\/www.opinionpublica.tv\/portada\/wp-content\/uploads\/2019\/04\/violencia_8-300x200.jpeg 300w, https:\/\/www.opinionpublica.tv\/portada\/wp-content\/uploads\/2019\/04\/violencia_8-768x512.jpeg 768w\" sizes=\"(max-width: 600px) 100vw, 600px\" \/><\/p>\n<p style=\"text-align: justify;\"><img loading=\"lazy\" decoding=\"async\" class=\" size-full wp-image-19305\" src=\"https:\/\/www.opinionpublica.tv\/portada\/wp-content\/uploads\/2019\/04\/violencia_9.jpeg\" width=\"600\" height=\"415\" srcset=\"https:\/\/www.opinionpublica.tv\/portada\/wp-content\/uploads\/2019\/04\/violencia_9.jpeg 933w, https:\/\/www.opinionpublica.tv\/portada\/wp-content\/uploads\/2019\/04\/violencia_9-300x207.jpeg 300w, https:\/\/www.opinionpublica.tv\/portada\/wp-content\/uploads\/2019\/04\/violencia_9-768x531.jpeg 768w\" sizes=\"(max-width: 600px) 100vw, 600px\" \/><\/p>\n<p style=\"text-align: justify;\"><img loading=\"lazy\" decoding=\"async\" class=\" size-full wp-image-19306\" src=\"https:\/\/www.opinionpublica.tv\/portada\/wp-content\/uploads\/2019\/04\/violencia_10.jpeg\" width=\"601\" height=\"386\" srcset=\"https:\/\/www.opinionpublica.tv\/portada\/wp-content\/uploads\/2019\/04\/violencia_10.jpeg 935w, https:\/\/www.opinionpublica.tv\/portada\/wp-content\/uploads\/2019\/04\/violencia_10-300x193.jpeg 300w, https:\/\/www.opinionpublica.tv\/portada\/wp-content\/uploads\/2019\/04\/violencia_10-768x494.jpeg 768w\" sizes=\"(max-width: 601px) 100vw, 601px\" \/><\/p>\n<p style=\"text-align: justify;\">\u00a0<\/p>\n","protected":false},"excerpt":{"rendered":"","protected":false},"author":6,"featured_media":19297,"comment_status":"open","ping_status":"open","sticky":false,"template":"","format":"standard","meta":{"_acf_changed":false,"_monsterinsights_skip_tracking":false,"slim_seo":{"title":"Fotogaler\u00eda: La violencia sigue rompiendo r\u00e9cords en M\u00e9xico - Opini\u00f3n P\u00fablica","description":"Ciudad de M\u00e9xico .- Seg\u00fan\u00a0cifras oficiales publicadas por el Secretariado Ejecutivo\u00a0del Sistema Nacional de Seguridad P\u00fablica (SESNSP), entre el 1 de enero y el"},"footnotes":""},"categories":[15],"tags":[],"class_list":["post-19307","post","type-post","status-publish","format-standard","has-post-thumbnail","hentry","category-galerias"],"acf":[],"_links":{"self":[{"href":"https:\/\/www.opinionpublica.tv\/portada\/wp-json\/wp\/v2\/posts\/19307","targetHints":{"allow":["GET"]}}],"collection":[{"href":"https:\/\/www.opinionpublica.tv\/portada\/wp-json\/wp\/v2\/posts"}],"about":[{"href":"https:\/\/www.opinionpublica.tv\/portada\/wp-json\/wp\/v2\/types\/post"}],"author":[{"embeddable":true,"href":"https:\/\/www.opinionpublica.tv\/portada\/wp-json\/wp\/v2\/users\/6"}],"replies":[{"embeddable":true,"href":"https:\/\/www.opinionpublica.tv\/portada\/wp-json\/wp\/v2\/comments?post=19307"}],"version-history":[{"count":0,"href":"https:\/\/www.opinionpublica.tv\/portada\/wp-json\/wp\/v2\/posts\/19307\/revisions"}],"wp:featuredmedia":[{"embeddable":true,"href":"https:\/\/www.opinionpublica.tv\/portada\/wp-json\/wp\/v2\/media\/19297"}],"wp:attachment":[{"href":"https:\/\/www.opinionpublica.tv\/portada\/wp-json\/wp\/v2\/media?parent=19307"}],"wp:term":[{"taxonomy":"category","embeddable":true,"href":"https:\/\/www.opinionpublica.tv\/portada\/wp-json\/wp\/v2\/categories?post=19307"},{"taxonomy":"post_tag","embeddable":true,"href":"https:\/\/www.opinionpublica.tv\/portada\/wp-json\/wp\/v2\/tags?post=19307"}],"curies":[{"name":"wp","href":"https:\/\/api.w.org\/{rel}","templated":true}]}}