{"id":19271,"date":"2019-04-04T07:00:00","date_gmt":"2019-04-04T05:00:00","guid":{"rendered":"https:\/\/www.opinionpublica.tv\/portada\/2019\/04\/04\/mas-datos-de-usuarios-de-facebook-fueron-expuestos-publicamente\/"},"modified":"2019-04-04T07:00:00","modified_gmt":"2019-04-04T05:00:00","slug":"mas-datos-de-usuarios-de-facebook-fueron-expuestos-publicamente","status":"publish","type":"post","link":"https:\/\/www.opinionpublica.tv\/portada\/mas-datos-de-usuarios-de-facebook-fueron-expuestos-publicamente\/","title":{"rendered":"M\u00e1s datos de usuarios de Facebook fueron expuestos p\u00fablicamente"},"content":{"rendered":"<p><img fetchpriority=\"high\" decoding=\"async\" class=\" size-full wp-image-19270\" src=\"https:\/\/www.opinionpublica.tv\/portada\/wp-content\/uploads\/2019\/04\/4fc40b8d5f2632d3f9372d1190f4a8c0.jpg\" alt=\"\" class=\"caption\" title=\"La exposici\u00f3n p\u00fablica de datos en Facebook ya es un problema mundial.\" width=\"664\" height=\"498\" srcset=\"https:\/\/www.opinionpublica.tv\/portada\/wp-content\/uploads\/2019\/04\/4fc40b8d5f2632d3f9372d1190f4a8c0.jpg 664w, https:\/\/www.opinionpublica.tv\/portada\/wp-content\/uploads\/2019\/04\/4fc40b8d5f2632d3f9372d1190f4a8c0-300x225.jpg 300w\" sizes=\"(max-width: 664px) 100vw, 664px\" \/><br \/>\n<!--more--><\/p>\n<p style=\"text-align: justify;\"><em>San Francisco, EU<\/em>.- Investigadores de seguridad han descubierto m\u00e1s casos en los que\u00a0datos de usuarios de Facebook\u00a0se han expuesto p\u00fablicamente en internet, lo que enfatiza los problemas que pasa la red social para atender una serie de problemas de seguridad.<\/p>\n<p style=\"text-align: justify;\">Los investigadores de la firma UpGuard publicaron el mi\u00e9rcoles en internet que los datos, que incluyen nombres y contrase\u00f1as de usuarios, llegaron de dos aplicaciones de Facebook que\u00a0almacenan p\u00fablicamente los datos en los servicios de nube de Amazon.<\/p>\n<p style=\"text-align: justify;\">Facebook dijo que las bases de datos\u00a0ya fueron bajadas\u00a0de la nube.<\/p>\n<p style=\"text-align: justify;\">Sin embargo, el incidente ilustra los\u00a0problemas que tiene la red social\u00a0para controlar los datos de sus usuarios, sobre todo una vez que est\u00e1n en manos de desarrolladores externos. (Exc\u00e9lsior)<\/p>\n","protected":false},"excerpt":{"rendered":"","protected":false},"author":6,"featured_media":19270,"comment_status":"open","ping_status":"open","sticky":false,"template":"","format":"standard","meta":{"_acf_changed":false,"_monsterinsights_skip_tracking":false,"slim_seo":{"title":"M\u00e1s datos de usuarios de Facebook fueron expuestos p\u00fablicamente - Opini\u00f3n P\u00fablica","description":"San Francisco, EU .- Investigadores de seguridad han descubierto m\u00e1s casos en los que\u00a0datos de usuarios de Facebook\u00a0se han expuesto p\u00fablicamente en internet, lo"},"footnotes":""},"categories":[22],"tags":[],"class_list":["post-19271","post","type-post","status-publish","format-standard","has-post-thumbnail","hentry","category-ciencia-y-tecnologia"],"acf":[],"_links":{"self":[{"href":"https:\/\/www.opinionpublica.tv\/portada\/wp-json\/wp\/v2\/posts\/19271","targetHints":{"allow":["GET"]}}],"collection":[{"href":"https:\/\/www.opinionpublica.tv\/portada\/wp-json\/wp\/v2\/posts"}],"about":[{"href":"https:\/\/www.opinionpublica.tv\/portada\/wp-json\/wp\/v2\/types\/post"}],"author":[{"embeddable":true,"href":"https:\/\/www.opinionpublica.tv\/portada\/wp-json\/wp\/v2\/users\/6"}],"replies":[{"embeddable":true,"href":"https:\/\/www.opinionpublica.tv\/portada\/wp-json\/wp\/v2\/comments?post=19271"}],"version-history":[{"count":0,"href":"https:\/\/www.opinionpublica.tv\/portada\/wp-json\/wp\/v2\/posts\/19271\/revisions"}],"wp:featuredmedia":[{"embeddable":true,"href":"https:\/\/www.opinionpublica.tv\/portada\/wp-json\/wp\/v2\/media\/19270"}],"wp:attachment":[{"href":"https:\/\/www.opinionpublica.tv\/portada\/wp-json\/wp\/v2\/media?parent=19271"}],"wp:term":[{"taxonomy":"category","embeddable":true,"href":"https:\/\/www.opinionpublica.tv\/portada\/wp-json\/wp\/v2\/categories?post=19271"},{"taxonomy":"post_tag","embeddable":true,"href":"https:\/\/www.opinionpublica.tv\/portada\/wp-json\/wp\/v2\/tags?post=19271"}],"curies":[{"name":"wp","href":"https:\/\/api.w.org\/{rel}","templated":true}]}}