{"id":19269,"date":"2019-04-04T07:00:00","date_gmt":"2019-04-04T05:00:00","guid":{"rendered":"https:\/\/www.opinionpublica.tv\/portada\/2019\/04\/04\/aprueba-congreso-reforma-en-materia-de-prision-preventiva-oficiosa\/"},"modified":"2019-04-04T07:00:00","modified_gmt":"2019-04-04T05:00:00","slug":"aprueba-congreso-reforma-en-materia-de-prision-preventiva-oficiosa","status":"publish","type":"post","link":"https:\/\/www.opinionpublica.tv\/portada\/aprueba-congreso-reforma-en-materia-de-prision-preventiva-oficiosa\/","title":{"rendered":"Aprueba Congreso reforma sobre prisi\u00f3n preventiva oficiosa"},"content":{"rendered":"<p><img fetchpriority=\"high\" decoding=\"async\" class=\" size-full wp-image-19268\" src=\"https:\/\/www.opinionpublica.tv\/portada\/wp-content\/uploads\/2019\/04\/69606af15d8c967fe770b9cea01e3194.jpg\" alt=\"\" class=\"caption\" title=\"Hay mucha pol\u00e9mica por reforma a prisi\u00f3n preventiva oficiosa.\" width=\"831\" height=\"551\" srcset=\"https:\/\/www.opinionpublica.tv\/portada\/wp-content\/uploads\/2019\/04\/69606af15d8c967fe770b9cea01e3194.jpg 831w, https:\/\/www.opinionpublica.tv\/portada\/wp-content\/uploads\/2019\/04\/69606af15d8c967fe770b9cea01e3194-300x199.jpg 300w, https:\/\/www.opinionpublica.tv\/portada\/wp-content\/uploads\/2019\/04\/69606af15d8c967fe770b9cea01e3194-768x509.jpg 768w\" sizes=\"(max-width: 831px) 100vw, 831px\" \/><br \/>\n<!--more--><\/p>\n<p style=\"text-align: justify;\"><em>Ciudad de M\u00e9xico<\/em>.- El Congreso de la Uni\u00f3n declar\u00f3 aprobado al\u00a0art\u00edculo 19\u00a0en materia de prisi\u00f3n preventiva oficiosa\u00a0para incluir\u00a0nueve delitos m\u00e1s\u00a0como causales de privaci\u00f3n de la libertad, entre ellos robo de hidrocarburos, feminicidio, corrupci\u00f3n y delitos electorales.<\/p>\n<p style=\"text-align: justify;\">La reforma fue avalada en los Congresos locales de Baja California Sur, Campeche, Chiapas, Ciudad de M\u00e9xico, Colima, Estado de M\u00e9xico, Guanajuato, Guerrero, Hidalgo, Michoac\u00e1n, Oaxaca, Puebla, Quer\u00e9taro, Quintana Roo, Sinaloa, Sonora, Tabasco, Tlaxcala, Veracruz y Yucat\u00e1n, con lo que se super\u00f3 el m\u00ednimo de 17 Legislaturas para declarar la constitucionalidad.<\/p>\n<p style=\"text-align: justify;\">La declaratoria fue emitida por el presidente de la Mesa Directiva,\u00a0Porfirio Mu\u00f1oz Ledo, en uso de la facultad que le confiere el art\u00edculo 135 la Constituci\u00f3n Pol\u00edtica y se turn\u00f3 al Senado, en donde el presidente de la C\u00e1mara Alta, Mart\u00ed Batres emiti\u00f3 la declaratoria por la que se reforma la Constituci\u00f3n Pol\u00edtica de los Estados Unidos Mexicanos en materia de\u00a0prisi\u00f3n preventiva oficiosa.<\/p>\n<p style=\"text-align: justify;\">La\u00a0reforma constitucional\u00a0se remiti\u00f3 al Ejecutivo Federal para su publicaci\u00f3n. (Exc\u00e9lsior)<\/p>\n","protected":false},"excerpt":{"rendered":"","protected":false},"author":6,"featured_media":19268,"comment_status":"open","ping_status":"open","sticky":false,"template":"","format":"standard","meta":{"_acf_changed":false,"_monsterinsights_skip_tracking":false,"slim_seo":{"title":"Aprueba Congreso reforma sobre prisi\u00f3n preventiva oficiosa - Opini\u00f3n P\u00fablica","description":"Ciudad de M\u00e9xico .- El Congreso de la Uni\u00f3n declar\u00f3 aprobado al\u00a0art\u00edculo 19\u00a0en materia de prisi\u00f3n preventiva oficiosa\u00a0para incluir\u00a0nueve delitos m\u00e1s\u00a0como causal"},"footnotes":""},"categories":[9],"tags":[107,108],"class_list":["post-19269","post","type-post","status-publish","format-standard","has-post-thumbnail","hentry","category-nacional","tag-camara-de-diputados","tag-prision-preventiva-oficiosa"],"acf":[],"_links":{"self":[{"href":"https:\/\/www.opinionpublica.tv\/portada\/wp-json\/wp\/v2\/posts\/19269","targetHints":{"allow":["GET"]}}],"collection":[{"href":"https:\/\/www.opinionpublica.tv\/portada\/wp-json\/wp\/v2\/posts"}],"about":[{"href":"https:\/\/www.opinionpublica.tv\/portada\/wp-json\/wp\/v2\/types\/post"}],"author":[{"embeddable":true,"href":"https:\/\/www.opinionpublica.tv\/portada\/wp-json\/wp\/v2\/users\/6"}],"replies":[{"embeddable":true,"href":"https:\/\/www.opinionpublica.tv\/portada\/wp-json\/wp\/v2\/comments?post=19269"}],"version-history":[{"count":0,"href":"https:\/\/www.opinionpublica.tv\/portada\/wp-json\/wp\/v2\/posts\/19269\/revisions"}],"wp:featuredmedia":[{"embeddable":true,"href":"https:\/\/www.opinionpublica.tv\/portada\/wp-json\/wp\/v2\/media\/19268"}],"wp:attachment":[{"href":"https:\/\/www.opinionpublica.tv\/portada\/wp-json\/wp\/v2\/media?parent=19269"}],"wp:term":[{"taxonomy":"category","embeddable":true,"href":"https:\/\/www.opinionpublica.tv\/portada\/wp-json\/wp\/v2\/categories?post=19269"},{"taxonomy":"post_tag","embeddable":true,"href":"https:\/\/www.opinionpublica.tv\/portada\/wp-json\/wp\/v2\/tags?post=19269"}],"curies":[{"name":"wp","href":"https:\/\/api.w.org\/{rel}","templated":true}]}}