{"id":19252,"date":"2019-04-04T07:00:00","date_gmt":"2019-04-04T05:00:00","guid":{"rendered":"https:\/\/www.opinionpublica.tv\/portada\/2019\/04\/04\/efemerides-4-de-abril-2\/"},"modified":"2019-04-04T07:00:00","modified_gmt":"2019-04-04T05:00:00","slug":"efemerides-4-de-abril-2","status":"publish","type":"post","link":"https:\/\/www.opinionpublica.tv\/portada\/efemerides-4-de-abril-2\/","title":{"rendered":"Efem\u00e9rides 4 de abril"},"content":{"rendered":"<img fetchpriority=\"high\" decoding=\"async\" class=\" size-full wp-image-19251\" src=\"https:\/\/www.opinionpublica.tv\/portada\/wp-content\/uploads\/2019\/04\/0d1a748bb4851c9be387dd6106a6b6b3.jpg\" alt=\"\" class=\"caption\" title=\"Salvador Allende, ex presidente de Chile derrocado por Augusto Pinochet en golpe de estado.\" width=\"313\" height=\"161\" srcset=\"https:\/\/www.opinionpublica.tv\/portada\/wp-content\/uploads\/2019\/04\/0d1a748bb4851c9be387dd6106a6b6b3.jpg 313w, https:\/\/www.opinionpublica.tv\/portada\/wp-content\/uploads\/2019\/04\/0d1a748bb4851c9be387dd6106a6b6b3-300x154.jpg 300w\" sizes=\"(max-width: 313px) 100vw, 313px\" \/>\n<p style=\"text-align: justify;\">Un d\u00eda 4 de septiembre como hoy, pero de 1970, Salvador Allende, candidato de la Unidad Popular, gana las elecciones presidenciales en Chile.<\/p>\n<p><!--more--><\/p>\n<p style=\"text-align: justify;\"><strong>Otras efem\u00e9rides<\/strong><\/p>\n<p style=\"text-align: justify;\">1768.- Nace Francois-Ren\u00e9 Chateaubriand, escritor y pol\u00edtico franc\u00e9s.<\/p>\n<p style=\"text-align: justify;\">1821.- Fusilamiento del patriota Jos\u00e9 Miguel Carrera, caudillo de la independencia de Chile.<\/p>\n<p style=\"text-align: justify;\">1824.- Nace Anton Bruckner, compositor austr\u00edaco.<\/p>\n<p style=\"text-align: justify;\">1888.- Cat\u00e1strofe por un cicl\u00f3n en Cuba, y arrasada parte de la isla.<\/p>\n<p style=\"text-align: justify;\">1890.- Destrucci\u00f3n por un incendio de media ciudad de Sal\u00f3nica (Grecia).<\/p>\n<p style=\"text-align: justify;\">1904.- Un decreto imperial define en Rusia los derechos de residencia de los jud\u00edos.<\/p>\n<p style=\"text-align: justify;\">1907.- Muere Edvard Grieg, compositor noruego.<\/p>\n<p style=\"text-align: justify;\">1908.- Nace Richard Wright, escritor estadounidense.<\/p>\n<p style=\"text-align: justify;\">1912.- Serbia apoya las organizaciones clandestinas para la liberaci\u00f3n de Macedonia de la dominaci\u00f3n turca.<\/p>\n<p style=\"text-align: justify;\">1916.- I Guerra Mundial: Dar-es-Salaam (\u00c1frica Oriental alemana) es ocupada por los ingleses.<\/p>\n<p style=\"text-align: justify;\">1922.- Fallece Georges Sorel, soci\u00f3logo franc\u00e9s.<\/p>\n<p style=\"text-align: justify;\">1933.- Golpe de Estado en Cuba: Ram\u00f3n Grau San Mart\u00edn impone el Gobierno de Fulgencio Batista.<\/p>\n<p style=\"text-align: justify;\">1941.- II Guerra mundial: comienza el bombardeo de Leningrado y 900 d\u00edas de asedio.<\/p>\n<p style=\"text-align: justify;\">1942.- Ataque a\u00e9reo sovi\u00e9tico contra Budapest y Konigsberg.<\/p>\n<p style=\"text-align: justify;\">1946.- El radical Gabriel Gonz\u00e1lez Videla es elegido presidente de Chile por la muerte de Juan Antonio R\u00edos.<\/p>\n<p style=\"text-align: justify;\">1948.- La reina Guillermina de Holanda abdica en su hija Juliana.<\/p>\n<p style=\"text-align: justify;\">1950.- Cat\u00e1strofe por tif\u00f3n en Jap\u00f3n: 250 muertos y 5,000 heridos.<\/p>\n<p style=\"text-align: justify;\">1958.- El derechista Jorge Alessandri gana las elecciones presidenciales de Chile.<\/p>\n<p style=\"text-align: justify;\">1963.- Muere Robert Schuman, pol\u00edtico franc\u00e9s, uno de los fundadores del Mercado Com\u00fan.<\/p>\n<p style=\"text-align: justify;\">1964.- El democristiano Eduardo Frei es elegido presidente de Chile con un 55 % de los votos.<\/p>\n<p style=\"text-align: justify;\">1965.- Fallece Albert Schweitzer, te\u00f3logo, misionero y music\u00f3logo franc\u00e9s, Nobel de la Paz 1952.<\/p>\n<p style=\"text-align: justify;\">1981.- El general Celso Torrelio Villa sustituye a Luis Garc\u00eda Meza como presidente de Bolivia.<\/p>\n<p style=\"text-align: justify;\">1981.- Nace Beyonc\u00e9, cantante estadounidense.<\/p>\n<p style=\"text-align: justify;\">1982.- China abandona oficialmente el mao\u00edsmo en el Congreso comunista chino celebrado en Pek\u00edn.<\/p>\n<p style=\"text-align: justify;\">1986.- Yaser Arafat acepta la resoluci\u00f3n 242 de la ONU y el impl\u00edcito derecho a la existencia del Estado de Israel.<\/p>\n<p style=\"text-align: justify;\">1989.- Grupos ultraderechistas asesinan a Jecar Negheme, alto dirigente de la izquierda Revolucionaria de Chile.<\/p>\n<p style=\"text-align: justify;\">1989.- Un avi\u00f3n cubano se estrella en La Habana: 170 muertos.<\/p>\n<p style=\"text-align: justify;\">1990.- Primera reuni\u00f3n de los primeros ministros de las dos Coreas en 45 a\u00f1os.<\/p>\n<p style=\"text-align: justify;\">1992.- Condenado a 7 a\u00f1os de c\u00e1rcel Todor Yivkov, \u00faltimo presidente comunista de Bulgaria, por abuso de poder y malversaci\u00f3n de fondos.<\/p>\n<p style=\"text-align: justify;\">1992.- Fallece Luis Cardoza y Arag\u00f3n, escritor e historiador guatemalteco.<\/p>\n<p style=\"text-align: justify;\">1993.- Inauguraci\u00f3n de la nueva catedral de Managua.<\/p>\n<p style=\"text-align: justify;\">1997.- Irak abre un paso fronterizo con Ir\u00e1n tras diecisiete a\u00f1os de cierre de fronteras.<\/p>\n<p style=\"text-align: justify;\">1998.- Se constituye la compa\u00f1\u00eda estadounidense Google.<\/p>\n<p style=\"text-align: justify;\">1999.- El l\u00edder de la Autoridad Nacional Palestina (ANP), Yaser Arafat, y el primer ministro de Israel, Ehud Barak, firman en Sharm el-Sheik (Egipto) el acuerdo de aplicaci\u00f3n de \u00abWye Plantation\u00bb de retirada israel\u00ed de Cisjordania en tres fases.<\/p>\n<p style=\"text-align: justify;\">2001.- El Gobierno de Guatemala declara el estado de \u00abcalamidad p\u00fablica\u00bb por hambruna.<\/p>\n<p style=\"text-align: justify;\">2002.- El m\u00fasico israel\u00ed Daniel Barenboim y el escritor de origen palestino Edward Said (EEUU) comparten el Premio Pr\u00edncipe de Asturias de la Concordia.<\/p>\n<p style=\"text-align: justify;\">2004.- Muere Andr\u00e9 Stil, escritor franc\u00e9s.<\/p>\n<p style=\"text-align: justify;\">2005.- EEUU solicita a la UE y a la OTAN ayuda de emergencia para afrontar las consecuencias del hurac\u00e1n \u00abKatrina\u00bb.<\/p>\n<p style=\"text-align: justify;\">2006.- El escritor mexicano Carlos Monsiv\u00e1is gana el XVI Premio Juan Rulfo, fallado en Guadalajara (M\u00e9xico).<\/p>\n<p style=\"text-align: justify;\">2006.- Israel e Hizbul\u00e1 aceptan la mediaci\u00f3n de la ONU para canjear presos.<\/p>\n<p style=\"text-align: justify;\">2006.- Fallece Steve Irwin, naturista y divulgador cient\u00edfico australiano.<\/p>\n<p style=\"text-align: justify;\">2007.- El hurac\u00e1n \u00abF\u00e9lix\u00bb deja a su paso por Nicaragua y Honduras m\u00e1s de cien muertos y casi otro centenar de desaparecidos, unos 200,000 damnificados y un rastro de hambruna y enfermedad que lo convierten en uno de los m\u00e1s devastadores en la historia de la zona.<\/p>\n<p style=\"text-align: justify;\">2010.- Las intensas lluvias en Guatemala dejan 48 muertos y m\u00e1s de 51,000 damnificados.<\/p>\n<p style=\"text-align: justify;\">2011.- Muere Lala Aicha, princesa marroqu\u00ed.<\/p>\n<p style=\"text-align: justify;\">2012.- El presidente colombiano, Juan Manuel Santos, y las FARC anuncian el pr\u00f3ximo inicio del proceso de paz en La Habana.<\/p>\n<p style=\"text-align: justify;\">2013.- El comit\u00e9 de relaciones exteriores del Senado de EEUU aprueba una resoluci\u00f3n que autoriza el ataque a Siria.<\/p>\n<p style=\"text-align: justify;\">2014.- Fallece el m\u00fasico argentino Gustavo Cerati.<\/p>\n","protected":false},"excerpt":{"rendered":"<p>Un d\u00eda 4 de septiembre como hoy, pero de 1970, Salvador Allende, candidato de la Unidad Popular, gana las elecciones presidenciales en Chile.<\/p>\n","protected":false},"author":6,"featured_media":19251,"comment_status":"open","ping_status":"open","sticky":false,"template":"","format":"standard","meta":{"_acf_changed":false,"_monsterinsights_skip_tracking":false,"slim_seo":{"title":"Efem\u00e9rides 4 de abril - Opini\u00f3n P\u00fablica","description":"Un d\u00eda 4 de septiembre como hoy, pero de 1970, Salvador Allende, candidato de la Unidad Popular, gana las elecciones presidenciales en Chile. Otras efem\u00e9rides 1"},"footnotes":""},"categories":[27],"tags":[],"class_list":["post-19252","post","type-post","status-publish","format-standard","has-post-thumbnail","hentry","category-un-dia-como-hoy"],"acf":[],"_links":{"self":[{"href":"https:\/\/www.opinionpublica.tv\/portada\/wp-json\/wp\/v2\/posts\/19252","targetHints":{"allow":["GET"]}}],"collection":[{"href":"https:\/\/www.opinionpublica.tv\/portada\/wp-json\/wp\/v2\/posts"}],"about":[{"href":"https:\/\/www.opinionpublica.tv\/portada\/wp-json\/wp\/v2\/types\/post"}],"author":[{"embeddable":true,"href":"https:\/\/www.opinionpublica.tv\/portada\/wp-json\/wp\/v2\/users\/6"}],"replies":[{"embeddable":true,"href":"https:\/\/www.opinionpublica.tv\/portada\/wp-json\/wp\/v2\/comments?post=19252"}],"version-history":[{"count":0,"href":"https:\/\/www.opinionpublica.tv\/portada\/wp-json\/wp\/v2\/posts\/19252\/revisions"}],"wp:featuredmedia":[{"embeddable":true,"href":"https:\/\/www.opinionpublica.tv\/portada\/wp-json\/wp\/v2\/media\/19251"}],"wp:attachment":[{"href":"https:\/\/www.opinionpublica.tv\/portada\/wp-json\/wp\/v2\/media?parent=19252"}],"wp:term":[{"taxonomy":"category","embeddable":true,"href":"https:\/\/www.opinionpublica.tv\/portada\/wp-json\/wp\/v2\/categories?post=19252"},{"taxonomy":"post_tag","embeddable":true,"href":"https:\/\/www.opinionpublica.tv\/portada\/wp-json\/wp\/v2\/tags?post=19252"}],"curies":[{"name":"wp","href":"https:\/\/api.w.org\/{rel}","templated":true}]}}