{"id":19201,"date":"2019-03-27T07:00:00","date_gmt":"2019-03-27T06:00:00","guid":{"rendered":"https:\/\/www.opinionpublica.tv\/portada\/2019\/03\/27\/el-perdon\/"},"modified":"2019-03-27T07:00:00","modified_gmt":"2019-03-27T06:00:00","slug":"el-perdon","status":"publish","type":"post","link":"https:\/\/www.opinionpublica.tv\/portada\/el-perdon\/","title":{"rendered":"El perd\u00f3n"},"content":{"rendered":"<p style=\"text-align: justify;\">Ahora que se han puesto tan de moda los \u201cMemes\u201d y cr\u00edticas a AMLO relacionados con la exigencia de perd\u00f3n de nuestro presidente al Rey de Espa\u00f1a y al Papa por las atrocidades cometidas en la conquista de M\u00e9xico, no quiero a\u00f1adir m\u00e1s detalles de las m\u00faltiples opiniones que se han emitido, muchas chuscas y otras con creatividad extraordinaria de cr\u00edtica seria y acuciosa.<\/p>\n<p><!--more--><\/p>\n<p style=\"text-align: justify;\">Lo que quiero aportar son estas simples reflexiones:<\/p>\n<p style=\"text-align: justify;\">El hombre es el lobo del hombre: Thomas Hobbes, en su famoso libro Leviathan, aunque la frase originalmente viene de la cita: <em>Lupus est homo homini, non homo, quom qualis sit non novit<\/em>, que significa \u201c<em>Lobo es el hombre para el hombre, no hombre, cuando no sabe qui\u00e9n es el otro<\/em>, derivada de una comedia de Plauto (250-184 A.C.), citada por Erasmo en su colecci\u00f3n de Adagios.<\/p>\n<p style=\"text-align: justify;\">Lo anterior implica que el ser humano es el peor enemigo del ser humano. A trav\u00e9s de la historia se han cometido grandes atrocidades infligidas por los humanos hacia su misma especie.<\/p>\n<p style=\"text-align: justify;\">Ha existido y a\u00fan existe la esclavitud, la trata de personas, los homicidios de hijos a padres y de padres a hijos, toda clase de abusos sexuales, genocidios de toda especie.<\/p>\n<p style=\"text-align: justify;\">Por las religiones y por los ate\u00edsmos se ha matado y ultrajado a millones de personas.<\/p>\n<p style=\"text-align: justify;\">As\u00ed tenemos al Holocausto, a los millones de asesinatos cometidos por Stalin en Rusia, a los millones de muertos en China e Indochina por causa del comunismo y del capitalismo.<\/p>\n<p style=\"text-align: justify;\">Hemos sufrido la explotaci\u00f3n del hombre por el capitalismo, el abuso del hombre con pretexto del bien de la colectividad, el colonialismo feroz que existi\u00f3 por 500 a\u00f1os, las masacres de los aztecas en contra de los pueblos originarios aleda\u00f1os a su Imperio que lleg\u00f3 hasta Centroam\u00e9rica.<\/p>\n<p style=\"text-align: justify;\">Tambi\u00e9n tenemos los terribles acontecimientos de la Primera Guerra Mundial con sus sangrientas trincheras y los bombardeos incendiarios sin piedad de la Segunda Guerra Mundial en Londres, Dresden, Tokio, y las masacres at\u00f3micas de Hiroshima y Nagasaki.<\/p>\n<p style=\"text-align: justify;\">Tenemos al terrorismo moderno que no tiene piedad por los inocentes, as\u00ed como las guerras inventadas tras la riqueza petrolera.<\/p>\n<p style=\"text-align: justify;\">Pero no se digan los innumerables pecados que cometemos los seres humanos en contra de nuestro pr\u00f3jimo diariamente, por soberbia, codicia, envidia, lujuria; las infidelidades, las traiciones, las mentiras y muchas ofensas m\u00e1s.<\/p>\n<p style=\"text-align: justify;\">Es por todo ello que, en el cristianismo, en la religi\u00f3n cat\u00f3lica, iniciamos siempre nuestras misas pidiendo perd\u00f3n a Dios por todas nuestras faltas y pidiendo perd\u00f3n a nuestro pr\u00f3jimo por ellas.<\/p>\n<p style=\"text-align: justify;\">Solo as\u00ed la humanidad puede sobrevivir. Si llenamos nuestra vida de rencores y de ofensas, de no olvidar las faltas, de no pedir perd\u00f3n todos los d\u00edas, no sobreviviremos mucho tiempo como especie.<\/p>\n<p style=\"text-align: justify;\">En M\u00e9xico, no estamos exentos de los males que aquejan a la humanidad llevados a cabo por la humanidad misma, pero si nos comparamos a otras naciones, podemos decir que hemos sido en mucho bendecidos, valoremos eso con seriedad y olvidemos y perdonemos las ofensas pidiendo todos los d\u00edas perd\u00f3n por las que todos cometemos.<\/p>\n<p style=\"text-align: justify;\">Solo as\u00ed podremos salir adelante como Naci\u00f3n, mirando siempre hacia enfrente sin necesidad de reivindicaciones, ya todos tenemos pretexto para exigirlas.<\/p>\n<p style=\"text-align: justify;\">Debemos enfocarnos a trabajar para que todos tengamos el bien com\u00fan necesario para desarrollarnos en sociedad para convertirnos en una Naci\u00f3n que aporte al mundo paz, perd\u00f3n y reconciliaci\u00f3n sin exigencias, empezando por nosotros mismos.<\/p>\n","protected":false},"excerpt":{"rendered":"<p>Ahora que se han puesto tan de moda los \u201cMemes\u201d y cr\u00edticas a AMLO relacionados con la exigencia de perd\u00f3n de nuestro presidente al Rey de Espa\u00f1a y al Papa por las atrocidades cometidas en la conquista de M\u00e9xico, no quiero a\u00f1adir m\u00e1s detalles de las m\u00faltiples opiniones que se han emitido, muchas chuscas y [&hellip;]<\/p>\n","protected":false},"author":6,"featured_media":0,"comment_status":"open","ping_status":"open","sticky":false,"template":"","format":"standard","meta":{"_acf_changed":false,"_monsterinsights_skip_tracking":false,"slim_seo":{"title":"El perd\u00f3n - Opini\u00f3n P\u00fablica","description":"Ahora que se han puesto tan de moda los \u201cMemes\u201d y cr\u00edticas a AMLO relacionados con la exigencia de perd\u00f3n de nuestro presidente al Rey de Espa\u00f1a y al Papa por l"},"footnotes":""},"categories":[17],"tags":[],"class_list":["post-19201","post","type-post","status-publish","format-standard","hentry","category-ultima-instancia"],"acf":[],"_links":{"self":[{"href":"https:\/\/www.opinionpublica.tv\/portada\/wp-json\/wp\/v2\/posts\/19201","targetHints":{"allow":["GET"]}}],"collection":[{"href":"https:\/\/www.opinionpublica.tv\/portada\/wp-json\/wp\/v2\/posts"}],"about":[{"href":"https:\/\/www.opinionpublica.tv\/portada\/wp-json\/wp\/v2\/types\/post"}],"author":[{"embeddable":true,"href":"https:\/\/www.opinionpublica.tv\/portada\/wp-json\/wp\/v2\/users\/6"}],"replies":[{"embeddable":true,"href":"https:\/\/www.opinionpublica.tv\/portada\/wp-json\/wp\/v2\/comments?post=19201"}],"version-history":[{"count":0,"href":"https:\/\/www.opinionpublica.tv\/portada\/wp-json\/wp\/v2\/posts\/19201\/revisions"}],"wp:attachment":[{"href":"https:\/\/www.opinionpublica.tv\/portada\/wp-json\/wp\/v2\/media?parent=19201"}],"wp:term":[{"taxonomy":"category","embeddable":true,"href":"https:\/\/www.opinionpublica.tv\/portada\/wp-json\/wp\/v2\/categories?post=19201"},{"taxonomy":"post_tag","embeddable":true,"href":"https:\/\/www.opinionpublica.tv\/portada\/wp-json\/wp\/v2\/tags?post=19201"}],"curies":[{"name":"wp","href":"https:\/\/api.w.org\/{rel}","templated":true}]}}