{"id":19187,"date":"2019-03-23T07:00:00","date_gmt":"2019-03-23T06:00:00","guid":{"rendered":"https:\/\/www.opinionpublica.tv\/portada\/2019\/03\/23\/inaugura-lopez-obrador-el-estadio-alfredo-harp-helu\/"},"modified":"2019-03-23T07:00:00","modified_gmt":"2019-03-23T06:00:00","slug":"inaugura-lopez-obrador-el-estadio-alfredo-harp-helu","status":"publish","type":"post","link":"https:\/\/www.opinionpublica.tv\/portada\/inaugura-lopez-obrador-el-estadio-alfredo-harp-helu\/","title":{"rendered":"Inaugura L\u00f3pez Obrador el Estadio Alfredo Harp Hel\u00fa"},"content":{"rendered":"<p><img fetchpriority=\"high\" decoding=\"async\" class=\" size-full wp-image-19186\" src=\"https:\/\/www.opinionpublica.tv\/portada\/wp-content\/uploads\/2019\/03\/5db5a0815260b765510d362cb899b108.jpg\" alt=\"\" class=\"caption\" title=\"Andr\u00e9s Manuel L\u00f3pez Obrador, presidente de M\u00e9xico.\" width=\"664\" height=\"498\" srcset=\"https:\/\/www.opinionpublica.tv\/portada\/wp-content\/uploads\/2019\/03\/5db5a0815260b765510d362cb899b108.jpg 664w, https:\/\/www.opinionpublica.tv\/portada\/wp-content\/uploads\/2019\/03\/5db5a0815260b765510d362cb899b108-300x225.jpg 300w\" sizes=\"(max-width: 664px) 100vw, 664px\" \/><br \/>\n<!--more--><\/p>\n<p style=\"text-align: justify;\"><em>Ciudad de M\u00e9xico<\/em>.- El presidente de M\u00e9xico,\u00a0Andr\u00e9s Manuel L\u00f3pez Obrador, inaugur\u00f3 el\u00a0Estadio Alfredo Harp Hel\u00fa\u00a0y lanz\u00f3 la primera pelota en el recinto.<\/p>\n<p style=\"text-align: justify;\">El Presidente, al lado de\u00a0Alfredo Harp Hel\u00fa, recorri\u00f3 las diferentes instalaciones del estadio.<\/p>\n<p style=\"text-align: justify;\">En su intervenci\u00f3n, L\u00f3pez Obrador reiter\u00f3 que impulsar\u00e1 todos los deportes.<\/p>\n<p style=\"text-align: justify;\">Vamos a impulsar todos los deportes y vamos, desde luego, a impulsar el beisbol infantil, juvenil, amateur, profesional porque el beisbol es m\u00e1s que un deporte, es una pasi\u00f3n, que requiere de cabeza, coraz\u00f3n y de car\u00e1cter, eso es de beisbol\u201d, indic\u00f3.<\/p>\n<p style=\"text-align: justify;\">Por su parte, el Contador P\u00fablico, Alfredo Harp Hel\u00fa, le dio la bienvenida a los aficionados al para\u00edso de los Diablos y agradeci\u00f3 a las personas que trabajaron en la construcci\u00f3n del inmueble.<\/p>\n<p style=\"text-align: justify;\">\u201cBienvenidos al para\u00edso de los Diablos Rojos del M\u00e9xico. S\u00ed, en efecto, fue uno de mis sue\u00f1os construir un estadio porque siempre nos estaban cambiando de un lugar a otro. Quiero que todos estemos muy felices. Tengo que agradecer a m\u00e1s de nueve mil personas que trabajaron en la construcci\u00f3n de este bello estadio. Ahora podr\u00e1n gozar de este estadio\u201d, se\u00f1al\u00f3.<\/p>\n","protected":false},"excerpt":{"rendered":"","protected":false},"author":6,"featured_media":19186,"comment_status":"open","ping_status":"open","sticky":false,"template":"","format":"standard","meta":{"_acf_changed":false,"_monsterinsights_skip_tracking":false,"slim_seo":{"title":"Inaugura L\u00f3pez Obrador el Estadio Alfredo Harp Hel\u00fa - Opini\u00f3n P\u00fablica","description":"Ciudad de M\u00e9xico .- El presidente de M\u00e9xico,\u00a0Andr\u00e9s Manuel L\u00f3pez Obrador, inaugur\u00f3 el\u00a0Estadio Alfredo Harp Hel\u00fa\u00a0y lanz\u00f3 la primera pelota en el recinto. El Pres"},"footnotes":""},"categories":[9],"tags":[],"class_list":["post-19187","post","type-post","status-publish","format-standard","has-post-thumbnail","hentry","category-nacional"],"acf":[],"_links":{"self":[{"href":"https:\/\/www.opinionpublica.tv\/portada\/wp-json\/wp\/v2\/posts\/19187","targetHints":{"allow":["GET"]}}],"collection":[{"href":"https:\/\/www.opinionpublica.tv\/portada\/wp-json\/wp\/v2\/posts"}],"about":[{"href":"https:\/\/www.opinionpublica.tv\/portada\/wp-json\/wp\/v2\/types\/post"}],"author":[{"embeddable":true,"href":"https:\/\/www.opinionpublica.tv\/portada\/wp-json\/wp\/v2\/users\/6"}],"replies":[{"embeddable":true,"href":"https:\/\/www.opinionpublica.tv\/portada\/wp-json\/wp\/v2\/comments?post=19187"}],"version-history":[{"count":0,"href":"https:\/\/www.opinionpublica.tv\/portada\/wp-json\/wp\/v2\/posts\/19187\/revisions"}],"wp:featuredmedia":[{"embeddable":true,"href":"https:\/\/www.opinionpublica.tv\/portada\/wp-json\/wp\/v2\/media\/19186"}],"wp:attachment":[{"href":"https:\/\/www.opinionpublica.tv\/portada\/wp-json\/wp\/v2\/media?parent=19187"}],"wp:term":[{"taxonomy":"category","embeddable":true,"href":"https:\/\/www.opinionpublica.tv\/portada\/wp-json\/wp\/v2\/categories?post=19187"},{"taxonomy":"post_tag","embeddable":true,"href":"https:\/\/www.opinionpublica.tv\/portada\/wp-json\/wp\/v2\/tags?post=19187"}],"curies":[{"name":"wp","href":"https:\/\/api.w.org\/{rel}","templated":true}]}}