{"id":19167,"date":"2019-03-23T07:00:00","date_gmt":"2019-03-23T06:00:00","guid":{"rendered":"https:\/\/www.opinionpublica.tv\/portada\/2019\/03\/23\/migrantes-cubanos-viajan-en-caravana-por-mexico-rumbo-a-eu\/"},"modified":"2019-03-23T07:00:00","modified_gmt":"2019-03-23T06:00:00","slug":"migrantes-cubanos-viajan-en-caravana-por-mexico-rumbo-a-eu","status":"publish","type":"post","link":"https:\/\/www.opinionpublica.tv\/portada\/migrantes-cubanos-viajan-en-caravana-por-mexico-rumbo-a-eu\/","title":{"rendered":"Migrantes cubanos viajan en caravana por M\u00e9xico rumbo a EU"},"content":{"rendered":"<p><img fetchpriority=\"high\" decoding=\"async\" class=\" size-full wp-image-19166\" src=\"https:\/\/www.opinionpublica.tv\/portada\/wp-content\/uploads\/2019\/03\/1f622045d13ab8be8629c2b8ad0d78a7.jpg\" alt=\"\" class=\"caption\" title=\"Las caravanas de migrantes por M\u00e9xico siguen en aumento.\" width=\"664\" height=\"498\" srcset=\"https:\/\/www.opinionpublica.tv\/portada\/wp-content\/uploads\/2019\/03\/1f622045d13ab8be8629c2b8ad0d78a7.jpg 664w, https:\/\/www.opinionpublica.tv\/portada\/wp-content\/uploads\/2019\/03\/1f622045d13ab8be8629c2b8ad0d78a7-300x225.jpg 300w\" sizes=\"(max-width: 664px) 100vw, 664px\" \/><br \/>\n<!--more--><\/p>\n<p style=\"text-align: justify;\"><em>Tapachula, Chiapas<\/em>.- Un grupo de 700 cubanos y otro m\u00e1s de centroamericanos, iniciaron una caravana la ma\u00f1ana de este s\u00e1bado con la intenci\u00f3n de llegar al norte de la rep\u00fablica mexicana y lograr\u00a0cruzar a Estados Unidos.<\/p>\n<p style=\"text-align: justify;\">En el grupo caminan hombres, mujeres y ni\u00f1os. Iniciaron la traves\u00eda debido a la falta de documentaci\u00f3n legal que no les quiso otorgar el Instituto Nacional de Migraci\u00f3n.<\/p>\n<p style=\"text-align: justify;\">Los isle\u00f1os\u00a0permanec\u00edan varados desde hace dos semanas en la ciudad de Tapachula, a la espera de un salvo conducto que las autoridades migratorias de M\u00e9xico les deber\u00eda otorgar para estar legalmente en el territorio.<\/p>\n<p style=\"text-align: justify;\">Sin embargo,\u00a0los agentes migratorios les impusieron costos de hasta mil 500 pesos y abogado, recursos que no pod\u00edan pagar, am\u00e9n que el documento es gratis.<\/p>\n<p style=\"text-align: justify;\">Los cubanos, son acompa\u00f1ados, por hondure\u00f1os, guatemaltecos, haitianos y salvadore\u00f1os, quienes hab\u00edan arribado en grupos peque\u00f1os en la v\u00edspera a la ciudad de Tapachula.<\/p>\n<p style=\"text-align: justify;\">Los isle\u00f1os solicitaron al Instituto Nacional de Migraci\u00f3n el salvo conducto, pero el organismo cerr\u00f3 sus oficinas luego de un amotinamiento registrado el pasado 15 de marzo. (Exc\u00e9lsior)<\/p>\n","protected":false},"excerpt":{"rendered":"","protected":false},"author":6,"featured_media":19166,"comment_status":"open","ping_status":"open","sticky":false,"template":"","format":"standard","meta":{"_acf_changed":false,"_monsterinsights_skip_tracking":false,"slim_seo":{"title":"Migrantes cubanos viajan en caravana por M\u00e9xico rumbo a EU - Opini\u00f3n P\u00fablica","description":"Tapachula, Chiapas .- Un grupo de 700 cubanos y otro m\u00e1s de centroamericanos, iniciaron una caravana la ma\u00f1ana de este s\u00e1bado con la intenci\u00f3n de llegar al nort"},"footnotes":""},"categories":[9],"tags":[93,61,92],"class_list":["post-19167","post","type-post","status-publish","format-standard","has-post-thumbnail","hentry","category-nacional","tag-estados-unidos","tag-mexico","tag-migrantes"],"acf":[],"_links":{"self":[{"href":"https:\/\/www.opinionpublica.tv\/portada\/wp-json\/wp\/v2\/posts\/19167","targetHints":{"allow":["GET"]}}],"collection":[{"href":"https:\/\/www.opinionpublica.tv\/portada\/wp-json\/wp\/v2\/posts"}],"about":[{"href":"https:\/\/www.opinionpublica.tv\/portada\/wp-json\/wp\/v2\/types\/post"}],"author":[{"embeddable":true,"href":"https:\/\/www.opinionpublica.tv\/portada\/wp-json\/wp\/v2\/users\/6"}],"replies":[{"embeddable":true,"href":"https:\/\/www.opinionpublica.tv\/portada\/wp-json\/wp\/v2\/comments?post=19167"}],"version-history":[{"count":0,"href":"https:\/\/www.opinionpublica.tv\/portada\/wp-json\/wp\/v2\/posts\/19167\/revisions"}],"wp:featuredmedia":[{"embeddable":true,"href":"https:\/\/www.opinionpublica.tv\/portada\/wp-json\/wp\/v2\/media\/19166"}],"wp:attachment":[{"href":"https:\/\/www.opinionpublica.tv\/portada\/wp-json\/wp\/v2\/media?parent=19167"}],"wp:term":[{"taxonomy":"category","embeddable":true,"href":"https:\/\/www.opinionpublica.tv\/portada\/wp-json\/wp\/v2\/categories?post=19167"},{"taxonomy":"post_tag","embeddable":true,"href":"https:\/\/www.opinionpublica.tv\/portada\/wp-json\/wp\/v2\/tags?post=19167"}],"curies":[{"name":"wp","href":"https:\/\/api.w.org\/{rel}","templated":true}]}}