{"id":19158,"date":"2019-03-23T07:00:00","date_gmt":"2019-03-23T06:00:00","guid":{"rendered":"https:\/\/www.opinionpublica.tv\/portada\/2019\/03\/23\/efemerides-23-de-marzo-2\/"},"modified":"2019-03-23T07:00:00","modified_gmt":"2019-03-23T06:00:00","slug":"efemerides-23-de-marzo-2","status":"publish","type":"post","link":"https:\/\/www.opinionpublica.tv\/portada\/efemerides-23-de-marzo-2\/","title":{"rendered":"Efem\u00e9rides 23 de marzo"},"content":{"rendered":"<img fetchpriority=\"high\" decoding=\"async\" class=\" size-full wp-image-19157\" src=\"https:\/\/www.opinionpublica.tv\/portada\/wp-content\/uploads\/2019\/03\/a668cf1fa4787e38fb6f732e9a734908.jpg\" alt=\"\" class=\"caption\" title=\"Luis Donaldo Colosio, candidato presidencial del PRI asesinado el 23 de marzo de 1994.\" width=\"1200\" height=\"786\" srcset=\"https:\/\/www.opinionpublica.tv\/portada\/wp-content\/uploads\/2019\/03\/a668cf1fa4787e38fb6f732e9a734908.jpg 1200w, https:\/\/www.opinionpublica.tv\/portada\/wp-content\/uploads\/2019\/03\/a668cf1fa4787e38fb6f732e9a734908-300x197.jpg 300w, https:\/\/www.opinionpublica.tv\/portada\/wp-content\/uploads\/2019\/03\/a668cf1fa4787e38fb6f732e9a734908-1024x671.jpg 1024w, https:\/\/www.opinionpublica.tv\/portada\/wp-content\/uploads\/2019\/03\/a668cf1fa4787e38fb6f732e9a734908-768x503.jpg 768w\" sizes=\"(max-width: 1200px) 100vw, 1200px\" \/>\n<p style=\"text-align: justify;\">Un d\u00eda 23 de marzo como hoy, pero de 1994, es asesinado en Lomas Taurinas, Tijuana, el candidato presidencial del PRI, Luis Donaldo Colosio Murrieta.<\/p>\n<p><!--more--><\/p>\n<p style=\"text-align: justify;\"><strong>Otras efem\u00e9rides<\/strong><\/p>\n<p style=\"text-align: justify;\">1508.- Capitulaciones de Fernando el Cat\u00f3lico con Juan D\u00edaz de Sol\u00eds y Vicente Y\u00e1\u00f1ez Pinz\u00f3n, por las que \u00e9stos se comprometen a buscar un estrecho entre el Atl\u00e1ntico y el Pac\u00edfico.<\/p>\n<p style=\"text-align: justify;\">1534.- Clemente VII declara excomulgado a Enrique VIII de Inglaterra si persiste en divorciarse de Catalina de Arag\u00f3n.<\/p>\n<p style=\"text-align: justify;\">1748.- Un terremoto convierte en un mont\u00f3n de escombros el castillo de Montesa (Valencia), sede de la orden militar de este nombre.<\/p>\n<p style=\"text-align: justify;\">1749.- Nace Pierre Simon Laplace, sabio franc\u00e9s.<\/p>\n<p style=\"text-align: justify;\">1766.- Comienza en Madrid el mot\u00edn de Esquilache, originado por la orden, bajo penas de multa y c\u00e1rcel, de este ministro de Carlos III de sustituir el sombrero gach\u00f3 por el de tres picos y la capa larga por la corta para dejar ver mejor el rostro y si se lleva espada bajo la capa.<\/p>\n<p style=\"text-align: justify;\">1814.- Nace Gertrudis G\u00f3mez de Avellaneda, poetisa espa\u00f1ola.<\/p>\n<p style=\"text-align: justify;\">1843.- Fallece Henri Beyle, \u00abStendhal\u00bb, escritor franc\u00e9s.<\/p>\n<p style=\"text-align: justify;\">1848.- Proclamaci\u00f3n de la Rep\u00fablica de San Marcos, en Venecia, que se libera de Austria.<\/p>\n<p style=\"text-align: justify;\">1849.- Fallece Andr\u00e9s Manuel del R\u00edo, mineralogista mexicano.<\/p>\n<p style=\"text-align: justify;\">1859.- Un terremoto produce graves da\u00f1os materiales en Quito.<\/p>\n<p style=\"text-align: justify;\">1860.- Batalla de Wad-Ras, que puso fin a la guerra de Africa, ganada por las tropas espa\u00f1olas, dirigidas por O&#8217;Donnell y con la decisiva intervenci\u00f3n de Prim.<\/p>\n<p style=\"text-align: justify;\">1863.- Las tropas francesas partidarias de la entronizaci\u00f3n del emperador Maximiliano en M\u00e9xico atacan la ciudad de Puebla.<\/p>\n<p style=\"text-align: justify;\">1887.- Nace Juan Gris, seud\u00f3nimo de Jos\u00e9 Gonz\u00e1lez, pintor espa\u00f1ol.<\/p>\n<p style=\"text-align: justify;\">1898.- Nace Ricardo Molinari, escritor y acad\u00e9mico argentino.<\/p>\n<p style=\"text-align: justify;\">1900.- Nace Erich Fromm, psicoanalista germano-estadounidense.<\/p>\n<p style=\"text-align: justify;\">1901.- Estados Unidos entrega a Espa\u00f1a el precio de la venta de las islas de Jol\u00f3 (Filipinas).<\/p>\n<p style=\"text-align: justify;\">1902.- La C\u00e1mara de Italia eleva la edad legal para el trabajo: de 9 a 12 a\u00f1os para los ni\u00f1os y de 11 a 15 para las ni\u00f1as.<\/p>\n<p style=\"text-align: justify;\">1903.- Nace Alejandro Casona, dramaturgo espa\u00f1ol.<\/p>\n<p style=\"text-align: justify;\">1906.- Nace Joan Crawford, actriz estadounidense de cine.<\/p>\n<p style=\"text-align: justify;\">1907.- Tropas de Nicaragua derrotan a los ej\u00e9rcitos aliados de El Salvador y Honduras, y conquistan la ciudad hondure\u00f1a de Choluteca.<\/p>\n<p style=\"text-align: justify;\">1909.- Un incendio destruye en la capital de M\u00e9xico la C\u00e1mara de los Diputados.<\/p>\n<p style=\"text-align: justify;\">1910.- Nace Akira Kurosawa, director japon\u00e9s de cine.<\/p>\n<p style=\"text-align: justify;\">1918.- Proclamaci\u00f3n de la independencia de Letonia.<\/p>\n<p style=\"text-align: justify;\">1919.- Fundados en Mil\u00e1n los \u00abFasci di combattimento\u00bb (fascio de combate), por iniciativa de Benito Mussolini.<\/p>\n<p style=\"text-align: justify;\">1927.- El poeta Antonio Machado es elegido para ocupar un sill\u00f3n en la Real Academia Espa\u00f1ola.<\/p>\n<p style=\"text-align: justify;\">1931.- Nace Viktor Korchnoi, ajedrecista sovi\u00e9tico.<\/p>\n<p style=\"text-align: justify;\">1933.- El Reichtag aprueba una ley por la que se conceden plenos y excepcionales poderes al Gobierno de Hitler.<\/p>\n<p style=\"text-align: justify;\">1937.- Nace Robert Gallo, m\u00e9dico estadounidense, codescubridor del virus del SIDA.<\/p>\n<p style=\"text-align: justify;\">1942.- Fallece Marcelo T. de Alvear, pol\u00edtico argentino.<\/p>\n<p style=\"text-align: justify;\">1944.- Nace Michael Nyman, compositor, pianista y director de orquesta brit\u00e1nico.<\/p>\n<p style=\"text-align: justify;\">1945.- Los japoneses realizan una matanza de espa\u00f1oles en Manila.<\/p>\n<p style=\"text-align: justify;\">1946.- Fallece Francisco Largo Caballero, pol\u00edtico socialista espa\u00f1ol.<\/p>\n<p style=\"text-align: justify;\">1948.- Fallece Alberto Ghiraldo, escritor argentino.<\/p>\n<p style=\"text-align: justify;\">1956.- Pakist\u00e1n se proclama Rep\u00fablica Isl\u00e1mica.<\/p>\n<p style=\"text-align: justify;\">1959.- G\u00fcnther Grass publica la novela \u00abEl tambor de hojalata\u00bb.<\/p>\n<p style=\"text-align: justify;\">1963.- Nace Ana Fidelia Quirot, atleta cubana.<\/p>\n<p style=\"text-align: justify;\">1965.- La Asamblea Nacional de Honduras declara presidente constitucional a Oswaldo L\u00f3pez Arellano.<\/p>\n<p style=\"text-align: justify;\">1968.- Nace Fernando Hierro, futbolista espa\u00f1ol.<\/p>\n<p style=\"text-align: justify;\">1971.- El presidente argentino, Roberto M. Levingston, renuncia a su cargo y asume el poder la Junta de Comandantes.<\/p>\n<p style=\"text-align: justify;\">1981.- Golpe de Estado en Bangladesh.<\/p>\n<p style=\"text-align: justify;\">1982.- El presidente de Guatemala, Romeo Lucas, es derrocado por un golpe de Estado, que instaura en el poder a una junta militar encabezada por el general Efra\u00edn R\u00edos Montt.<\/p>\n<p style=\"text-align: justify;\">1987.- Willy Brandt dimite como presidente del Partido Socialdem\u00f3crata Alem\u00e1n. Le sucede Hans Jochen Vogel.<\/p>\n<p style=\"text-align: justify;\">1989.- Legalizado el derecho a la huelga en Hungr\u00eda, segundo pa\u00eds de la Europa del Este, tras Polonia, que lo hace.<\/p>\n<p style=\"text-align: justify;\">1992.- Fallece Friedrich von Hayek, brit\u00e1nico de origen austr\u00edaco, padre del neoliberalismo econ\u00f3mico, Nobel de Econom\u00eda 1974.<\/p>\n<p style=\"text-align: justify;\">1993.- Fallece Werner Richter, escritor alem\u00e1n.<\/p>\n<p style=\"text-align: justify;\">1994.- Fallece Giulietta Masina, actriz italiana.<\/p>\n<p style=\"text-align: justify;\">1994.- Fallece \u00c1lvaro del Portillo, prelado del Opus Dei.<\/p>\n<p style=\"text-align: justify;\">1998.- El presidente ruso Boris Yeltsin destituye al Gobierno en bloque y nombra a Sergu\u00e9i Kirienko primer ministro en funciones.<\/p>\n<p style=\"text-align: justify;\">1998.- El presidente de Nicaragua, Arnoldo Alem\u00e1n, anuncia un nuevo plan de ajuste econ\u00f3mico con el visto bueno del FMI.<\/p>\n<p style=\"text-align: justify;\">1998.-\u00abTitanic\u00bb, del estadounidense James Cameron, gana once Oscar.<\/p>\n<p style=\"text-align: justify;\">1999.- Luis Mar\u00eda Arga\u00f1a, vicepresidente de Paraguay, es asesinado cuando se dirig\u00eda a su despacho.<\/p>\n<p style=\"text-align: justify;\">2000.- Un equipo de investigadores desvela la secuencia completa del genoma de la mosca del vinagre, el m\u00e1s complejo descubierto hasta la fecha.<\/p>\n<p style=\"text-align: justify;\">2001.- Rusia hunde en el Pac\u00edfico la estaci\u00f3n espacial Mir, tras quince a\u00f1os en \u00f3rbita.<\/p>\n<p style=\"text-align: justify;\">2001.- Fallece David McTaggart Freser, fundador de Greenpeace.<\/p>\n<p style=\"text-align: justify;\">2001.- Fallece William Hanna, dibujante estadounidense.<\/p>\n<p style=\"text-align: justify;\">2002.- Unos 150 miembros del Movimiento de los Sin Tierra ocupan durante 24 horas la hacienda del presidente de Brasil, Fernando Henrique Cardoso.<\/p>\n<p style=\"text-align: justify;\">2003.- \u00abHable con ella\u00bb de Pedro Almod\u00f3var consigue el \u00fanico Oscar al mejor gui\u00f3n original ganado por una pel\u00edcula espa\u00f1ola, un premio destinado habitualmente a filmes de habla inglesa.<\/p>\n<p style=\"text-align: justify;\">2003.- Los eslovenos aprueban en sendos referendos su ingreso en la UE y la OTAN.<\/p>\n<p style=\"text-align: justify;\">2008.- Fallece Antonio Garc\u00eda Dalda, fot\u00f3grafo oficial de la Casa Real espa\u00f1ola.<\/p>\n<p style=\"text-align: justify;\">2009.- Fallece Carlos Sempr\u00fan Maura, escritor e historiador, 82 a\u00f1os.<\/p>\n","protected":false},"excerpt":{"rendered":"<p>Un d\u00eda 23 de marzo como hoy, pero de 1994, es asesinado en Lomas Taurinas, Tijuana, el candidato presidencial del PRI, Luis Donaldo Colosio Murrieta.<\/p>\n","protected":false},"author":6,"featured_media":19157,"comment_status":"open","ping_status":"open","sticky":false,"template":"","format":"standard","meta":{"_acf_changed":false,"_monsterinsights_skip_tracking":false,"slim_seo":{"title":"Efem\u00e9rides 23 de marzo - Opini\u00f3n P\u00fablica","description":"Un d\u00eda 23 de marzo como hoy, pero de 1994, es asesinado en Lomas Taurinas, Tijuana, el candidato presidencial del PRI, Luis Donaldo Colosio Murrieta. Otras efem"},"footnotes":""},"categories":[27],"tags":[],"class_list":["post-19158","post","type-post","status-publish","format-standard","has-post-thumbnail","hentry","category-un-dia-como-hoy"],"acf":[],"_links":{"self":[{"href":"https:\/\/www.opinionpublica.tv\/portada\/wp-json\/wp\/v2\/posts\/19158","targetHints":{"allow":["GET"]}}],"collection":[{"href":"https:\/\/www.opinionpublica.tv\/portada\/wp-json\/wp\/v2\/posts"}],"about":[{"href":"https:\/\/www.opinionpublica.tv\/portada\/wp-json\/wp\/v2\/types\/post"}],"author":[{"embeddable":true,"href":"https:\/\/www.opinionpublica.tv\/portada\/wp-json\/wp\/v2\/users\/6"}],"replies":[{"embeddable":true,"href":"https:\/\/www.opinionpublica.tv\/portada\/wp-json\/wp\/v2\/comments?post=19158"}],"version-history":[{"count":0,"href":"https:\/\/www.opinionpublica.tv\/portada\/wp-json\/wp\/v2\/posts\/19158\/revisions"}],"wp:featuredmedia":[{"embeddable":true,"href":"https:\/\/www.opinionpublica.tv\/portada\/wp-json\/wp\/v2\/media\/19157"}],"wp:attachment":[{"href":"https:\/\/www.opinionpublica.tv\/portada\/wp-json\/wp\/v2\/media?parent=19158"}],"wp:term":[{"taxonomy":"category","embeddable":true,"href":"https:\/\/www.opinionpublica.tv\/portada\/wp-json\/wp\/v2\/categories?post=19158"},{"taxonomy":"post_tag","embeddable":true,"href":"https:\/\/www.opinionpublica.tv\/portada\/wp-json\/wp\/v2\/tags?post=19158"}],"curies":[{"name":"wp","href":"https:\/\/api.w.org\/{rel}","templated":true}]}}