{"id":19129,"date":"2019-03-20T07:00:00","date_gmt":"2019-03-20T06:00:00","guid":{"rendered":"https:\/\/www.opinionpublica.tv\/portada\/2019\/03\/20\/tepjf-revoca-expulsion-del-ex-gobernador-de-chihuahua-cesar-duarte-del-pri\/"},"modified":"2019-03-20T07:00:00","modified_gmt":"2019-03-20T06:00:00","slug":"tepjf-revoca-expulsion-del-ex-gobernador-de-chihuahua-cesar-duarte-del-pri","status":"publish","type":"post","link":"https:\/\/www.opinionpublica.tv\/portada\/tepjf-revoca-expulsion-del-ex-gobernador-de-chihuahua-cesar-duarte-del-pri\/","title":{"rendered":"Tribunal Electoral revoca expulsi\u00f3n del PRI a ex gobernador de Chihuahua C\u00e9sar Duarte"},"content":{"rendered":"<p><img fetchpriority=\"high\" decoding=\"async\" class=\" size-full wp-image-19128\" src=\"https:\/\/www.opinionpublica.tv\/portada\/wp-content\/uploads\/2019\/03\/4a7661376a2f80faeeec6733571649eb.jpg\" alt=\"\" class=\"caption\" title=\"C\u00e9sar Duarte, ex gobernador de Chihuahua.\" width=\"698\" height=\"450\" srcset=\"https:\/\/www.opinionpublica.tv\/portada\/wp-content\/uploads\/2019\/03\/4a7661376a2f80faeeec6733571649eb.jpg 698w, https:\/\/www.opinionpublica.tv\/portada\/wp-content\/uploads\/2019\/03\/4a7661376a2f80faeeec6733571649eb-300x193.jpg 300w\" sizes=\"(max-width: 698px) 100vw, 698px\" \/><br \/>\n<!--more--><\/p>\n<p style=\"text-align: justify;\"><em>Ciudad de M\u00e9xico<\/em>.- El Tribunal Electoral del Poder Judicial de la Federaci\u00f3n (TEPJF) revoc\u00f3 la resoluci\u00f3n de la Comisi\u00f3n Nacional de Justicia Partidaria del PRI, en la que determin\u00f3 la expulsi\u00f3n de\u00a0C\u00e9sar Duarte\u00a0como militante del tricolor.<\/p>\n<p style=\"text-align: justify;\">En sesi\u00f3n de la Sala Superior, los magistrados electorales resolvieron la impugnaci\u00f3n que present\u00f3 el ex gobernador de Chihuahua contra la decisi\u00f3n del partido y determin\u00f3 que el procedimiento intrapartidista fue ilegalmente emplazado.<\/p>\n<p style=\"text-align: justify;\">Los integrantes del pleno respaldaron, por unanimidad, el proyecto de resoluci\u00f3n presentado por el magistrado\u00a0Indalfer Infante Gonzales, quien plante\u00f3 que la Comisi\u00f3n Nacional de Justicia Partidaria priista no se condujo de manera adecuada al ordenar el emplazamiento del proceso mediante c\u00e9dula por estrados, dado que no fue posible verificar el domicilio de Duarte J\u00e1quez.<\/p>\n<p style=\"text-align: justify;\">\u201c(El \u00f3rgano intrapartidista) actu\u00f3 de manera indebida al haber ordenado el emplazamiento mediante c\u00e9dula por estrados, dado que no fue posible que el notificador se cerciorara de que en el lugar en que se constituy\u00f3 para emplazar al denunciado fuera su domicilio, ya que nadie acudi\u00f3 a su llamado, de ah\u00ed que ante la imposibilidad del cercioramiento, es decir, de tener la certeza de que el domicilio en que actuaba fuera el del denunciado no era dable dar la notificaci\u00f3n por estrados y, por tanto, el llamamiento al procedimiento sancionador estuvo viciado\u201d, puntualiz\u00f3.<\/p>\n<p style=\"text-align: justify;\">Por ello, el magistrado presidente\u00a0Felipe Fuentes Barrera\u00a0se\u00f1al\u00f3 que la instrucci\u00f3n del TEPJF es revocar la resoluci\u00f3n de los \u00f3rganos pri\u00edstas. (El Financiero)<\/p>\n","protected":false},"excerpt":{"rendered":"","protected":false},"author":6,"featured_media":19128,"comment_status":"open","ping_status":"open","sticky":false,"template":"","format":"standard","meta":{"_acf_changed":false,"_monsterinsights_skip_tracking":false,"slim_seo":{"title":"Tribunal Electoral revoca expulsi\u00f3n del PRI a ex gobernador de Chihuahua C\u00e9sar Duarte - Opini\u00f3n P\u00fablica","description":"Ciudad de M\u00e9xico .- El Tribunal Electoral del Poder Judicial de la Federaci\u00f3n (TEPJF) revoc\u00f3 la resoluci\u00f3n de la Comisi\u00f3n Nacional de Justicia Partidaria del PR"},"footnotes":""},"categories":[3],"tags":[86,88,87,89],"class_list":["post-19129","post","type-post","status-publish","format-standard","has-post-thumbnail","hentry","category-principal","tag-cesar-duarte","tag-chihuahua","tag-pri","tag-tepjf"],"acf":[],"_links":{"self":[{"href":"https:\/\/www.opinionpublica.tv\/portada\/wp-json\/wp\/v2\/posts\/19129","targetHints":{"allow":["GET"]}}],"collection":[{"href":"https:\/\/www.opinionpublica.tv\/portada\/wp-json\/wp\/v2\/posts"}],"about":[{"href":"https:\/\/www.opinionpublica.tv\/portada\/wp-json\/wp\/v2\/types\/post"}],"author":[{"embeddable":true,"href":"https:\/\/www.opinionpublica.tv\/portada\/wp-json\/wp\/v2\/users\/6"}],"replies":[{"embeddable":true,"href":"https:\/\/www.opinionpublica.tv\/portada\/wp-json\/wp\/v2\/comments?post=19129"}],"version-history":[{"count":0,"href":"https:\/\/www.opinionpublica.tv\/portada\/wp-json\/wp\/v2\/posts\/19129\/revisions"}],"wp:featuredmedia":[{"embeddable":true,"href":"https:\/\/www.opinionpublica.tv\/portada\/wp-json\/wp\/v2\/media\/19128"}],"wp:attachment":[{"href":"https:\/\/www.opinionpublica.tv\/portada\/wp-json\/wp\/v2\/media?parent=19129"}],"wp:term":[{"taxonomy":"category","embeddable":true,"href":"https:\/\/www.opinionpublica.tv\/portada\/wp-json\/wp\/v2\/categories?post=19129"},{"taxonomy":"post_tag","embeddable":true,"href":"https:\/\/www.opinionpublica.tv\/portada\/wp-json\/wp\/v2\/tags?post=19129"}],"curies":[{"name":"wp","href":"https:\/\/api.w.org\/{rel}","templated":true}]}}