{"id":19125,"date":"2019-03-20T07:00:00","date_gmt":"2019-03-20T06:00:00","guid":{"rendered":"https:\/\/www.opinionpublica.tv\/portada\/2019\/03\/20\/se-registra-barbosa-como-candidato-a-gubernatura-de-puebla\/"},"modified":"2019-03-20T07:00:00","modified_gmt":"2019-03-20T06:00:00","slug":"se-registra-barbosa-como-candidato-a-gubernatura-de-puebla","status":"publish","type":"post","link":"https:\/\/www.opinionpublica.tv\/portada\/se-registra-barbosa-como-candidato-a-gubernatura-de-puebla\/","title":{"rendered":"Miguel Barbosa ya es candidato a la gubernatura de Puebla"},"content":{"rendered":"<p><img fetchpriority=\"high\" decoding=\"async\" class=\" size-full wp-image-19124\" src=\"https:\/\/www.opinionpublica.tv\/portada\/wp-content\/uploads\/2019\/03\/076fe58999ce27b42437ac01cec0ba7e.jpg\" alt=\"\" class=\"caption\" title=\"Miguel Barbosa perdi\u00f3 contra la gobernadora Martha Ericka Alonso, quien muri\u00f3 en diciembre pasado en un accidente de helic\u00f3ptero.\" width=\"664\" height=\"498\" srcset=\"https:\/\/www.opinionpublica.tv\/portada\/wp-content\/uploads\/2019\/03\/076fe58999ce27b42437ac01cec0ba7e.jpg 664w, https:\/\/www.opinionpublica.tv\/portada\/wp-content\/uploads\/2019\/03\/076fe58999ce27b42437ac01cec0ba7e-300x225.jpg 300w\" sizes=\"(max-width: 664px) 100vw, 664px\" \/><br \/>\n<!--more--><\/p>\n<p style=\"text-align: justify;\"><em>Puebla, Pue<\/em>.- Miguel Barbosa Huerta se registr\u00f3 como candidato de la coalici\u00f3n Juntos Haremos Historia a la\u00a0gubernatura de Puebla\u00a0ante la Junta Local del Instituto Nacional Electoral (INE), donde consider\u00f3 necesario acabar con frivolidades y fantocher\u00edas que hubo en el poder p\u00fablico durante los \u00faltimos a\u00f1os en la entidad.<\/p>\n<p style=\"text-align: justify;\">El abanderado de los partidos Movimiento de Regeneraci\u00f3n Nacional\u00a0(Morena), del Trabajo (PT) y Verde Ecologista de M\u00e9xico (PVEM), dijo que el poder p\u00fablico debe usarse para beneficio de la sociedad, en vez de espiar a los adversarios pol\u00edticos, como sucedi\u00f3 en el pasado.<\/p>\n<p style=\"text-align: justify;\">Al poder p\u00fablico hay que quitarle la frivolidad, la fantocher\u00eda, hay que hacer del ejercicio p\u00fablico algo \u00fatil, el poder no debe ser pera el mal, el poder p\u00fablico debe ser para atender a la sociedad\u00bb, se\u00f1al\u00f3.<\/p>\n<p style=\"text-align: justify;\">En entrevista, rechaz\u00f3 que sean hombre de \u00e9lites o privilegios; adem\u00e1s, prometi\u00f3 que si gana los comicios del 2 de junio, realizar\u00e1 un trabajo cercano a la gente.<\/p>\n<p style=\"text-align: justify;\">Admiti\u00f3 que necesita de todos los integrantes de Morena, como tambi\u00e9n de sus partidos aliados para promover la campa\u00f1a de altura que requiere Puebla.<\/p>\n<p style=\"text-align: justify;\">Por su parte, la presidenta del Comit\u00e9 Ejecutivo Nacional (CEN) de Morena, Yeidckol Polevnsky,\u00a0defendi\u00f3 el resultado de la encuesta interna para definir al candidato a gobernador.<\/p>\n<p style=\"text-align: justify;\">Es un hombre de ideales y compromiso, es un hombre a quien no marea el poder. Ya bien lo ha dicho Andr\u00e9s Manuel L\u00f3pez Obrador, el poder atonta. Efectivamente a los inteligentes los atonta, pero a los tontos, los vuelve locos. Miguel Barbosa es un hombre idealista y por eso lo estamos apoyando\u00bb, dijo.<\/p>\n<p style=\"text-align: justify;\">M\u00e1s tarde, el presidente del Comit\u00e9 Directivo Estatal de Nueva Alianza,\u00a0Emilio Salgado N\u00e9stor, anunci\u00f3 que el partido se sum\u00f3 de facto al proyecto de Barbosa Huerta, tras encontrar coincidencias importantes. (Exc\u00e9lsior)<\/p>\n","protected":false},"excerpt":{"rendered":"","protected":false},"author":6,"featured_media":19124,"comment_status":"open","ping_status":"open","sticky":false,"template":"","format":"standard","meta":{"_acf_changed":false,"_monsterinsights_skip_tracking":false,"slim_seo":{"title":"Miguel Barbosa ya es candidato a la gubernatura de Puebla - Opini\u00f3n P\u00fablica","description":"Puebla, Pue .- Miguel Barbosa Huerta se registr\u00f3 como candidato de la coalici\u00f3n Juntos Haremos Historia a la\u00a0gubernatura de Puebla\u00a0ante la Junta Local del Insti"},"footnotes":""},"categories":[9],"tags":[83,85,84],"class_list":["post-19125","post","type-post","status-publish","format-standard","has-post-thumbnail","hentry","category-nacional","tag-miguel-barbosa","tag-morena","tag-puebla"],"acf":[],"_links":{"self":[{"href":"https:\/\/www.opinionpublica.tv\/portada\/wp-json\/wp\/v2\/posts\/19125","targetHints":{"allow":["GET"]}}],"collection":[{"href":"https:\/\/www.opinionpublica.tv\/portada\/wp-json\/wp\/v2\/posts"}],"about":[{"href":"https:\/\/www.opinionpublica.tv\/portada\/wp-json\/wp\/v2\/types\/post"}],"author":[{"embeddable":true,"href":"https:\/\/www.opinionpublica.tv\/portada\/wp-json\/wp\/v2\/users\/6"}],"replies":[{"embeddable":true,"href":"https:\/\/www.opinionpublica.tv\/portada\/wp-json\/wp\/v2\/comments?post=19125"}],"version-history":[{"count":0,"href":"https:\/\/www.opinionpublica.tv\/portada\/wp-json\/wp\/v2\/posts\/19125\/revisions"}],"wp:featuredmedia":[{"embeddable":true,"href":"https:\/\/www.opinionpublica.tv\/portada\/wp-json\/wp\/v2\/media\/19124"}],"wp:attachment":[{"href":"https:\/\/www.opinionpublica.tv\/portada\/wp-json\/wp\/v2\/media?parent=19125"}],"wp:term":[{"taxonomy":"category","embeddable":true,"href":"https:\/\/www.opinionpublica.tv\/portada\/wp-json\/wp\/v2\/categories?post=19125"},{"taxonomy":"post_tag","embeddable":true,"href":"https:\/\/www.opinionpublica.tv\/portada\/wp-json\/wp\/v2\/tags?post=19125"}],"curies":[{"name":"wp","href":"https:\/\/api.w.org\/{rel}","templated":true}]}}