{"id":19123,"date":"2019-03-20T07:00:00","date_gmt":"2019-03-20T06:00:00","guid":{"rendered":"https:\/\/www.opinionpublica.tv\/portada\/2019\/03\/20\/el-no-bis\/"},"modified":"2019-03-20T07:00:00","modified_gmt":"2019-03-20T06:00:00","slug":"el-no-bis","status":"publish","type":"post","link":"https:\/\/www.opinionpublica.tv\/portada\/el-no-bis\/","title":{"rendered":"El \u2018No\u2019 (Bis)"},"content":{"rendered":"<p style=\"text-align: justify;\">A ra\u00edz de algunos debates y comentarios sobre la revocaci\u00f3n de mandato y las perspectivas de 2021, quisiera retomar ciertos aspectos de esta discusi\u00f3n y de mi entrega de la semana pasada. La discusi\u00f3n estriba sobre un tema especulativo, pero que Andr\u00e9s Manuel L\u00f3pez Obrador ha colocado en el centro del debate nacional de fondo.<\/p>\n<p><!--more--><\/p>\n<p style=\"text-align: justify;\">Primera disyuntiva: se aprueba o no en el Senado la revocaci\u00f3n del mandato presidencial, con determinadas caracter\u00edsticas t\u00e9cnicas. Estas van desde la fecha de la votaci\u00f3n hasta las condiciones del abandono en caso de perder la Presidencia, o de ganar el \u201cNo\u201d, pasando por la tasa de participaci\u00f3n para otorgarle un car\u00e1cter vinculante al resultado. En mi opini\u00f3n, el PRI no resistir\u00e1 la presi\u00f3n de Morena y de Palacio y votar\u00e1 a favor de las modificaciones constitucionales que permitir\u00e1n la revocaci\u00f3n o ratificaci\u00f3n de mandato. Lo har\u00e1 quiz\u00e1s con el taparrabos de la fecha; es decir, que no ocurra esa votaci\u00f3n el mismo d\u00eda de las elecciones intermedias. Es el tipo de maniobra que a los priistas les encanta.<\/p>\n<p style=\"text-align: justify;\">Segunda disyuntiva: gana o pierde AMLO en 2021. Muchos temen el efecto de arrastre del Presidente en una boleta, que de otra manera se limitar\u00eda a la C\u00e1mara de Diputados, las alcald\u00edas de la Ciudad de M\u00e9xico, y algunas gubernaturas. Otros piensan (pensamos) que la revocaci\u00f3n se convertir\u00eda en el ensayo general de un intento de reelecci\u00f3n del propio AMLO, m\u00e1s all\u00e1 de sus firmas tipo Pe\u00f1a Nieto (\u201cTe lo firmo y te lo cumplo\u201d). Y de todas maneras arrasar\u00e1 en 2021, en vista de sus n\u00fameros en las encuestas hoy.<\/p>\n<p style=\"text-align: justify;\">Yo tengo mis dudas. Repito mis razones. En primer lugar, todos los presidentes de M\u00e9xico de la \u00e9poca democr\u00e1tica han gozado de una luna de miel en las encuestas. Unas duraron m\u00e1s que otras, pero todas, desde Zedillo, llevaron a una derrota (o debacle) en los comicios de medio periodo. En las condiciones que sean, gobernar este pa\u00eds es muy complicado, los instrumentos disponibles son limitados, y la opini\u00f3n p\u00fablica es voluble y en ocasiones traicionera. Nadie ha sobrevivido m\u00e1s all\u00e1 del primer a\u00f1o con cifras an\u00e1logas a las de los primeros meses.<\/p>\n<p style=\"text-align: justify;\">En segundo t\u00e9rmino, la elecci\u00f3n binaria polariza en ambos sentidos. Moviliza a los partidarios de aquel que pone su puesto en juego, pero unifica tambi\u00e9n a sus opositores. Reviste la enorme ventaja, para la oposici\u00f3n, de no verse obligada a nada, salvo poner un t\u00e9rmino a una gesti\u00f3n con la que no concuerda. No hay necesidad de programa com\u00fan, de candidatos comunes, de un comando de campa\u00f1a com\u00fan, absolutamente nada. Podr\u00e1n converger los votantes y dirigentes, actuales o antiguos, del PAN, PRI, PRD, MC, m\u00e1s lo que se acumule. A ellos, podr\u00e1n sumarse, en su caso, los empresarios cuyo momento de tapete con AMLO haya concluido; los intelectuales que a\u00fan resistan; los gobernadores capaces de alzar la cabeza, y sobre todo, las clases medias afectadas o devastadas por las pol\u00edticas econ\u00f3micas y sociales de la 4T durante dos a\u00f1os y medio.<\/p>\n<p style=\"text-align: justify;\">He all\u00ed el tercer elemento importante. Sabemos a estas alturas que 2019 y 2020 ser\u00e1n a\u00f1os de escaso crecimiento, si es que hay alguno. Sabemos tambi\u00e9n que los sectores m\u00e1s vulnerables se ver\u00e1n m\u00e1s o menos beneficiados por los nuevos y viejos programas sociales de AMLO. Y sabemos que la ira y la volatilidad de las clases medias pueden ser feroces. Si se mueve el tipo de cambio, si suben las tasas de inter\u00e9s, si cae el empleo y no disminuyen ni la corrupci\u00f3n ni la violencia, pueden abandonar a su Presidente con gran celeridad.<\/p>\n<p style=\"text-align: justify;\">Por \u00faltimo, la preparaci\u00f3n. AMLO y el gobierno ya est\u00e1n trabajando sobre el refer\u00e9ndum revocatorio. Sus opositores pueden hacer lo mismo. Disponen de veintisiete meses para conformar un \u201cNO\u201d que alcance el 50%. Se me hace que el\u00a0<em>hubris\u00a0<\/em>le gan\u00f3 a AMLO; los dioses castigan a quienes se creen superiores a ellos.<\/p>\n","protected":false},"excerpt":{"rendered":"<p>A ra\u00edz de algunos debates y comentarios sobre la revocaci\u00f3n de mandato y las perspectivas de 2021, quisiera retomar ciertos aspectos de esta discusi\u00f3n y de mi entrega de la semana pasada. La discusi\u00f3n estriba sobre un tema especulativo, pero que Andr\u00e9s Manuel L\u00f3pez Obrador ha colocado en el centro del debate nacional de fondo.<\/p>\n","protected":false},"author":6,"featured_media":0,"comment_status":"open","ping_status":"open","sticky":false,"template":"","format":"standard","meta":{"_acf_changed":false,"_monsterinsights_skip_tracking":false,"slim_seo":{"title":"El \u2018No\u2019 (Bis) - Opini\u00f3n P\u00fablica","description":"A ra\u00edz de algunos debates y comentarios sobre la revocaci\u00f3n de mandato y las perspectivas de 2021, quisiera retomar ciertos aspectos de esta discusi\u00f3n y de mi e"},"footnotes":""},"categories":[18],"tags":[82],"class_list":["post-19123","post","type-post","status-publish","format-standard","hentry","category-castaneda-opina","tag-jorge-castaneda"],"acf":[],"_links":{"self":[{"href":"https:\/\/www.opinionpublica.tv\/portada\/wp-json\/wp\/v2\/posts\/19123","targetHints":{"allow":["GET"]}}],"collection":[{"href":"https:\/\/www.opinionpublica.tv\/portada\/wp-json\/wp\/v2\/posts"}],"about":[{"href":"https:\/\/www.opinionpublica.tv\/portada\/wp-json\/wp\/v2\/types\/post"}],"author":[{"embeddable":true,"href":"https:\/\/www.opinionpublica.tv\/portada\/wp-json\/wp\/v2\/users\/6"}],"replies":[{"embeddable":true,"href":"https:\/\/www.opinionpublica.tv\/portada\/wp-json\/wp\/v2\/comments?post=19123"}],"version-history":[{"count":0,"href":"https:\/\/www.opinionpublica.tv\/portada\/wp-json\/wp\/v2\/posts\/19123\/revisions"}],"wp:attachment":[{"href":"https:\/\/www.opinionpublica.tv\/portada\/wp-json\/wp\/v2\/media?parent=19123"}],"wp:term":[{"taxonomy":"category","embeddable":true,"href":"https:\/\/www.opinionpublica.tv\/portada\/wp-json\/wp\/v2\/categories?post=19123"},{"taxonomy":"post_tag","embeddable":true,"href":"https:\/\/www.opinionpublica.tv\/portada\/wp-json\/wp\/v2\/tags?post=19123"}],"curies":[{"name":"wp","href":"https:\/\/api.w.org\/{rel}","templated":true}]}}