{"id":19118,"date":"2019-03-20T07:00:00","date_gmt":"2019-03-20T06:00:00","guid":{"rendered":"https:\/\/www.opinionpublica.tv\/portada\/2019\/03\/20\/efemerides-20-de-marzo-3\/"},"modified":"2019-03-20T07:00:00","modified_gmt":"2019-03-20T06:00:00","slug":"efemerides-20-de-marzo-3","status":"publish","type":"post","link":"https:\/\/www.opinionpublica.tv\/portada\/efemerides-20-de-marzo-3\/","title":{"rendered":"Efem\u00e9rides 20 de marzo"},"content":{"rendered":"<img fetchpriority=\"high\" decoding=\"async\" class=\" size-full wp-image-19117\" src=\"https:\/\/www.opinionpublica.tv\/portada\/wp-content\/uploads\/2019\/03\/52b77967dbf7bd6c8ea5d3f07f7cfab3.jpg\" alt=\"\" class=\"caption\" title=\"La Caba\u00f1a del T\u00edo Tom, de Harriet Stowe es un cl\u00e1sico de la literatura de Estados Unidos.\" width=\"783\" height=\"1000\" srcset=\"https:\/\/www.opinionpublica.tv\/portada\/wp-content\/uploads\/2019\/03\/52b77967dbf7bd6c8ea5d3f07f7cfab3.jpg 783w, https:\/\/www.opinionpublica.tv\/portada\/wp-content\/uploads\/2019\/03\/52b77967dbf7bd6c8ea5d3f07f7cfab3-235x300.jpg 235w, https:\/\/www.opinionpublica.tv\/portada\/wp-content\/uploads\/2019\/03\/52b77967dbf7bd6c8ea5d3f07f7cfab3-768x981.jpg 768w\" sizes=\"(max-width: 783px) 100vw, 783px\" \/>\n<p style=\"text-align: justify;\">Un d\u00eda 20 de marzo como hoy, pero de 1852, se publica el libro \u00abLa Caba\u00f1a del T\u00edo Tom\u00bb, de Harriet Stowe, que supuso un gran apoyo a la causa de la emancipaci\u00f3n de los negros en Estados Unidos.<\/p>\n<p><!--more--><\/p>\n<p style=\"text-align: justify;\"><strong>Otras efem\u00e9rides<\/strong><\/p>\n<p style=\"text-align: justify;\">1565.- Felipe II encarga a Pedro Men\u00e9ndez de Avil\u00e9s la conquista y conversi\u00f3n a la fe cat\u00f3lica de los ind\u00edgenas de las provincias de la Florida.<\/p>\n<p style=\"text-align: justify;\">1583.- Juan de Garay y 40 espa\u00f1oles m\u00e1s mueren a manos de los ind\u00edgenas mientras dorm\u00edan al raso, en su viaje hacia Santa Fe de la Vera Cruz (Argentina).<\/p>\n<p style=\"text-align: justify;\">1786.- Fundaci\u00f3n de la Academia Sueca.<\/p>\n<p style=\"text-align: justify;\">1807.- Los ingleses se apoderan de la ciudad de Alejandr\u00eda, tras la llegada del ej\u00e9rcito de Napole\u00f3n a Egipto.<\/p>\n<p style=\"text-align: justify;\">1814.- El ej\u00e9rcito chileno, a las \u00f3rdenes del general O&#8217;Higgins, derrota a las tropas reales, mandadas por el general Gabino Ga\u00ednza, en los campos de Membrillar.<\/p>\n<p style=\"text-align: justify;\">1815.- Napole\u00f3n llega a Par\u00eds y comienza el periodo de su segundo y ef\u00edmero mandato: los \u00abcien d\u00edas\u00bb.<\/p>\n<p style=\"text-align: justify;\">1816.- Mar\u00eda I, reina de Portugal y madre del Pr\u00edncipe Juan, fallece en R\u00edo de Janeiro. Juan VI es coronado rey de Brasil.<\/p>\n<p style=\"text-align: justify;\">1828.- Nace Henrik Ibsen, dramaturgo noruego, Premio Nobel 1903.<\/p>\n<p style=\"text-align: justify;\">1856.- El Ej\u00e9rcito costarricense derrota en Santa Rosa a las huestes del aventurero estadounidense William Walker.<\/p>\n<p style=\"text-align: justify;\">1861.- Un terremoto destruye casi por completo la ciudad argentina de Mendoza y causa m\u00e1s de 10,000 muertos.<\/p>\n<p style=\"text-align: justify;\">1878.- Tratado Salgar-Wyse, en virtud del cual Colombia cede a Lucien Napole\u00f3n Bonaparte Wyse el privilegio de construir el canal de Panam\u00e1.<\/p>\n<p style=\"text-align: justify;\">1915.- El astr\u00f3nomo espa\u00f1ol Comas Sol\u00e1 descubre el asteroide n\u00famero 804, al que denomina \u00abHispania\u00bb.<\/p>\n<p style=\"text-align: justify;\">1926.- Golpe de Chiang-Kai-Chek en Cant\u00f3n. Comienza la represi\u00f3n contra los comunistas.<\/p>\n<p style=\"text-align: justify;\">1935.- Nace Lolita Sevilla, cantante y actriz espa\u00f1ola.<\/p>\n<p style=\"text-align: justify;\">1945.- Segunda Guerra Mundial. La isla de Iwo Yima, defendida por japoneses, queda en poder de los estadounidenses tras un mes de combates, en los que murieron 20,000 soldados por cada bando.<\/p>\n<p style=\"text-align: justify;\">1946.- El Senado de Puerto Rico aprueba un proyecto de ley que restablece el castellano como lengua oficial.<\/p>\n<p style=\"text-align: justify;\">1947.- Muere Pedro Emilio Coll, escritor venezolano.<\/p>\n<p style=\"text-align: justify;\">1956.- T\u00fanez proclama su independencia.<\/p>\n<p style=\"text-align: justify;\">1985.- El presidente argentino, Ra\u00fal Alfons\u00edn, niega su apoyo a la pol\u00edtica de fuerza sobre Centroam\u00e9rica del presidente Ronald Reagan, en su intervenci\u00f3n ante el Congreso de los EE.UU.<\/p>\n<p style=\"text-align: justify;\">1985.- Las fuerzas militares y policiales asumen el control de La Paz tras 13 d\u00edas de huelga general en Bolivia.<\/p>\n<p style=\"text-align: justify;\">1990.- Muere Victor Rothschild, financiero brit\u00e1nico.<\/p>\n<p style=\"text-align: justify;\">1993.- El Salvador aprueba la ley de Amnist\u00eda para todos los acusados de asesinatos pol\u00edticos y cr\u00edmenes contra los derechos humanos durante la guerra civil.<\/p>\n<p style=\"text-align: justify;\">1993.- El presidente Bor\u00eds Yeltsin disuelve el Parlamento ruso y asume poderes especiales, medidas declaradas inconstitucionales tres d\u00edas despu\u00e9s.<\/p>\n<p style=\"text-align: justify;\">1993.- Muere Antonio Quadros, fil\u00f3sofo e historiador portugu\u00e9s.<\/p>\n<p style=\"text-align: justify;\">1994.- La Alianza Republicana Nacionalista (ARENA) vence en las elecciones generales en El Salvador.<\/p>\n<p style=\"text-align: justify;\">1994.- Zine al Abid\u00edn Ben Al\u00ed, reelegido presidente de T\u00fanez.<\/p>\n<p style=\"text-align: justify;\">1995.- La Organizaci\u00f3n para la Seguridad y la Cooperaci\u00f3n en Europa (OSCE) aprueban en Par\u00eds el Pacto de Estabilidad.<\/p>\n<p style=\"text-align: justify;\">1996.- Aprobada la ley que autoriza un juicio parlamentario p\u00fablico al presidente de Colombia, Ernesto Samper, por el \u00abnarcoesc\u00e1ndalo\u00bb.<\/p>\n<p style=\"text-align: justify;\">2001.- El Vaticano confirma la existencia de abusos sexuales a religiosas por parte de misioneros y sacerdotes.<\/p>\n<p style=\"text-align: justify;\">2001.- Domingo Cavallo, nuevo ministro de Econom\u00eda de Argentina, el tercero en este mes.<\/p>\n<p style=\"text-align: justify;\">2001.- La Corte Interamericana de Derechos Humanos (CIDH) condena a Per\u00fa por una matanza de campesinos en 1991 conocida como caso \u00abBarrios Altos\u00bb.<\/p>\n<p style=\"text-align: justify;\">2002.- Nueve muertos en un atentado cerca de la embajada de EEUU en Lima tres d\u00edas antes de la visita oficial a Per\u00fa del presidente George W. Bush.<\/p>\n<p style=\"text-align: justify;\">2003.- Comienza la guerra en Irak.<\/p>\n<p style=\"text-align: justify;\">2004.- Muere Juliana de Holanda, madre de la reina Beatriz.<\/p>\n<p style=\"text-align: justify;\">2009.- Muere Abdelatif Filali, ex primer ministro marroqu\u00ed.<\/p>\n<p style=\"text-align: justify;\">2010.- El papa Benedicto XVI pide perd\u00f3n a las v\u00edctimas de los curas pederastas en Irlanda.<\/p>\n<p style=\"text-align: justify;\">2013.- La polic\u00eda registra el domicilio parisino de la directora general del FMI, Christine Legaderde, por un presunto delito econ\u00f3mico.<\/p>\n","protected":false},"excerpt":{"rendered":"<p>Un d\u00eda 20 de marzo como hoy, pero de 1852, se publica el libro \u00abLa Caba\u00f1a del T\u00edo Tom\u00bb, de Harriet Stowe, que supuso un gran apoyo a la causa de la emancipaci\u00f3n de los negros en Estados Unidos.<\/p>\n","protected":false},"author":6,"featured_media":19117,"comment_status":"open","ping_status":"open","sticky":false,"template":"","format":"standard","meta":{"_acf_changed":false,"_monsterinsights_skip_tracking":false,"slim_seo":{"title":"Efem\u00e9rides 20 de marzo - Opini\u00f3n P\u00fablica","description":"Un d\u00eda 20 de marzo como hoy, pero de 1852, se publica el libro \"La Caba\u00f1a del T\u00edo Tom\", de Harriet Stowe, que supuso un gran apoyo a la causa de la emancipaci\u00f3n"},"footnotes":""},"categories":[27],"tags":[],"class_list":["post-19118","post","type-post","status-publish","format-standard","has-post-thumbnail","hentry","category-un-dia-como-hoy"],"acf":[],"_links":{"self":[{"href":"https:\/\/www.opinionpublica.tv\/portada\/wp-json\/wp\/v2\/posts\/19118","targetHints":{"allow":["GET"]}}],"collection":[{"href":"https:\/\/www.opinionpublica.tv\/portada\/wp-json\/wp\/v2\/posts"}],"about":[{"href":"https:\/\/www.opinionpublica.tv\/portada\/wp-json\/wp\/v2\/types\/post"}],"author":[{"embeddable":true,"href":"https:\/\/www.opinionpublica.tv\/portada\/wp-json\/wp\/v2\/users\/6"}],"replies":[{"embeddable":true,"href":"https:\/\/www.opinionpublica.tv\/portada\/wp-json\/wp\/v2\/comments?post=19118"}],"version-history":[{"count":0,"href":"https:\/\/www.opinionpublica.tv\/portada\/wp-json\/wp\/v2\/posts\/19118\/revisions"}],"wp:featuredmedia":[{"embeddable":true,"href":"https:\/\/www.opinionpublica.tv\/portada\/wp-json\/wp\/v2\/media\/19117"}],"wp:attachment":[{"href":"https:\/\/www.opinionpublica.tv\/portada\/wp-json\/wp\/v2\/media?parent=19118"}],"wp:term":[{"taxonomy":"category","embeddable":true,"href":"https:\/\/www.opinionpublica.tv\/portada\/wp-json\/wp\/v2\/categories?post=19118"},{"taxonomy":"post_tag","embeddable":true,"href":"https:\/\/www.opinionpublica.tv\/portada\/wp-json\/wp\/v2\/tags?post=19118"}],"curies":[{"name":"wp","href":"https:\/\/api.w.org\/{rel}","templated":true}]}}