{"id":19116,"date":"2019-03-20T07:00:00","date_gmt":"2019-03-20T06:00:00","guid":{"rendered":"https:\/\/www.opinionpublica.tv\/portada\/2019\/03\/20\/equinoccio-de-primavera-2019-coincidira-con-ultima-superluna\/"},"modified":"2019-03-20T07:00:00","modified_gmt":"2019-03-20T06:00:00","slug":"equinoccio-de-primavera-2019-coincidira-con-ultima-superluna","status":"publish","type":"post","link":"https:\/\/www.opinionpublica.tv\/portada\/equinoccio-de-primavera-2019-coincidira-con-ultima-superluna\/","title":{"rendered":"Equinoccio de Primavera 2019 coincidir\u00e1 con \u00faltima Superluna"},"content":{"rendered":"<p><img fetchpriority=\"high\" decoding=\"async\" class=\" size-full wp-image-19113\" src=\"https:\/\/www.opinionpublica.tv\/portada\/wp-content\/uploads\/2019\/03\/71f41720f6d126dfc5c5baab7324ba23.jpg\" alt=\"\" class=\"caption\" title=\"El equinoccio de primavera 2019 ocurrir\u00e1 a las 15:58 horas de este mi\u00e9rcoles 20 de marzo.\" width=\"770\" height=\"395\" srcset=\"https:\/\/www.opinionpublica.tv\/portada\/wp-content\/uploads\/2019\/03\/71f41720f6d126dfc5c5baab7324ba23.jpg 770w, https:\/\/www.opinionpublica.tv\/portada\/wp-content\/uploads\/2019\/03\/71f41720f6d126dfc5c5baab7324ba23-300x154.jpg 300w, https:\/\/www.opinionpublica.tv\/portada\/wp-content\/uploads\/2019\/03\/71f41720f6d126dfc5c5baab7324ba23-768x394.jpg 768w\" sizes=\"(max-width: 770px) 100vw, 770px\" \/><br \/>\n<!--more--><\/p>\n<p>Marzo traer\u00e1 un regalo c\u00f3smico a todos los habitantes de la Tierra que no suced\u00eda desde hace 19 a\u00f1os, ya que\u00a0este 20 de marzo ser\u00e1 la \u00faltima Superluna de este 2019\u00a0y el\u00a0equinoccio de primavera en el hemisferio norte\u00a0y la llegada del oto\u00f1o en el hemisferio sur. Este coincidencia no suced\u00eda desde el a\u00f1o 2000.<\/p>\n<p>Esta coincidencia c\u00f3smica no volver\u00e1 a suceder hasta el a\u00f1o 2030.<\/p>\n<p>Este 2019 la entrada de la primavera tendr\u00e1 lugar este mi\u00e9rcoles 20 de marzo a las 15:58 horas (tiempo de M\u00e9xico) en el hemisferio norte.<\/p>\n<p>Esta divisi\u00f3n tan clara en nuestro d\u00eda de 24 horas est\u00e1 vinculada a la misma raz\u00f3n por la que la Tierra tiene estaciones. El planeta gira en un eje con una inclinaci\u00f3n de 23.5 grados respecto a su plano orbital. Esto significa que mientras la Tierra realiza su \u00f3rbita de 365 d\u00edas, los hemisferios se inclinan y por lo tanto est\u00e1n m\u00e1s cerca o m\u00e1s lejos de los rayos solares.<\/p>\n<p>Esto hace que la l\u00ednea divisoria entre la parte diurna y nocturna del planeta, pase por los polos norte y sur del planeta. Este \u00e1ngulo hace que todo el planeta experimente la misma cantidad de luz y oscuridad durante un d\u00eda dos veces al a\u00f1o.<\/p>\n<p><strong>\u00bfQu\u00e9 es una superluna?<\/strong><\/p>\n<p>\u201cSuperluna\u201d hace referencia cuando la Tierra se encuentra en el momento m\u00e1s cercano a la Luna (perigeo). Sin embargo, este no es un t\u00e9rmino astron\u00f3mico oficial porque no existe una definici\u00f3n sobre cu\u00e1n cerca del perigeo debe estar este sat\u00e9lite natural para ser llamado \u201cs\u00faper\u201d.<\/p>\n<p><img decoding=\"async\" class=\" size-full wp-image-19114\" src=\"https:\/\/www.opinionpublica.tv\/portada\/wp-content\/uploads\/2019\/03\/superluna.jpg\" width=\"600\" height=\"295\" srcset=\"https:\/\/www.opinionpublica.tv\/portada\/wp-content\/uploads\/2019\/03\/superluna.jpg 1500w, https:\/\/www.opinionpublica.tv\/portada\/wp-content\/uploads\/2019\/03\/superluna-300x148.jpg 300w, https:\/\/www.opinionpublica.tv\/portada\/wp-content\/uploads\/2019\/03\/superluna-1024x504.jpg 1024w, https:\/\/www.opinionpublica.tv\/portada\/wp-content\/uploads\/2019\/03\/superluna-768x378.jpg 768w\" sizes=\"(max-width: 600px) 100vw, 600px\" \/><\/p>\n<p>Por otro lado, cuando el concepto fue acu\u00f1ado, tambi\u00e9n se us\u00f3 para describir a la luna nueva en la misma posici\u00f3n, pero como no era f\u00e1cil de ver desde la Tierra, se dej\u00f3 de usar en ese contexto.<\/p>\n<p>Por lo que, este 20 de marzo la Luna se ver\u00e1 m\u00e1s grande y brillante.<\/p>\n<p><strong>\u00bfQu\u00e9 sucede en un equinoccio?<\/strong><\/p>\n<p>Los equinoccios ocurren dos veces al a\u00f1o y son momentos en los que el d\u00eda y la noche tienen la misma duraci\u00f3n. Todos los planetas del sistema solar experimentan equinoccios. Este fen\u00f3meno tiene lugar cuando el sol se encuentra exactamente sobre el ecuador de un planeta.<\/p>\n<p><img decoding=\"async\" class=\" size-full wp-image-19115\" src=\"https:\/\/www.opinionpublica.tv\/portada\/wp-content\/uploads\/2019\/03\/equinoccio.jpg\" width=\"599\" height=\"321\" srcset=\"https:\/\/www.opinionpublica.tv\/portada\/wp-content\/uploads\/2019\/03\/equinoccio.jpg 1000w, https:\/\/www.opinionpublica.tv\/portada\/wp-content\/uploads\/2019\/03\/equinoccio-300x161.jpg 300w, https:\/\/www.opinionpublica.tv\/portada\/wp-content\/uploads\/2019\/03\/equinoccio-768x412.jpg 768w\" sizes=\"(max-width: 599px) 100vw, 599px\" \/><\/p>\n<p>En marzo, el equinoccio marca el inicio de la primavera en los pa\u00edses del hemisferio norte y el oto\u00f1o en el hemisferio. No obstante, para muchas culturas antiguas de Am\u00e9rica, los equinoccios eran algo m\u00e1s: un momento de celebraci\u00f3n y de migraci\u00f3n.<\/p>\n","protected":false},"excerpt":{"rendered":"","protected":false},"author":6,"featured_media":19113,"comment_status":"open","ping_status":"open","sticky":false,"template":"","format":"standard","meta":{"_acf_changed":false,"_monsterinsights_skip_tracking":false,"slim_seo":{"title":"Equinoccio de Primavera 2019 coincidir\u00e1 con \u00faltima Superluna - Opini\u00f3n P\u00fablica","description":"Marzo traer\u00e1 un regalo c\u00f3smico a todos los habitantes de la Tierra que no suced\u00eda desde hace 19 a\u00f1os, ya que\u00a0este 20 de marzo ser\u00e1 la \u00faltima Superluna de este 2"},"footnotes":""},"categories":[11],"tags":[],"class_list":["post-19116","post","type-post","status-publish","format-standard","has-post-thumbnail","hentry","category-tendencias"],"acf":[],"_links":{"self":[{"href":"https:\/\/www.opinionpublica.tv\/portada\/wp-json\/wp\/v2\/posts\/19116","targetHints":{"allow":["GET"]}}],"collection":[{"href":"https:\/\/www.opinionpublica.tv\/portada\/wp-json\/wp\/v2\/posts"}],"about":[{"href":"https:\/\/www.opinionpublica.tv\/portada\/wp-json\/wp\/v2\/types\/post"}],"author":[{"embeddable":true,"href":"https:\/\/www.opinionpublica.tv\/portada\/wp-json\/wp\/v2\/users\/6"}],"replies":[{"embeddable":true,"href":"https:\/\/www.opinionpublica.tv\/portada\/wp-json\/wp\/v2\/comments?post=19116"}],"version-history":[{"count":0,"href":"https:\/\/www.opinionpublica.tv\/portada\/wp-json\/wp\/v2\/posts\/19116\/revisions"}],"wp:featuredmedia":[{"embeddable":true,"href":"https:\/\/www.opinionpublica.tv\/portada\/wp-json\/wp\/v2\/media\/19113"}],"wp:attachment":[{"href":"https:\/\/www.opinionpublica.tv\/portada\/wp-json\/wp\/v2\/media?parent=19116"}],"wp:term":[{"taxonomy":"category","embeddable":true,"href":"https:\/\/www.opinionpublica.tv\/portada\/wp-json\/wp\/v2\/categories?post=19116"},{"taxonomy":"post_tag","embeddable":true,"href":"https:\/\/www.opinionpublica.tv\/portada\/wp-json\/wp\/v2\/tags?post=19116"}],"curies":[{"name":"wp","href":"https:\/\/api.w.org\/{rel}","templated":true}]}}