{"id":19101,"date":"2019-03-18T07:00:00","date_gmt":"2019-03-18T06:00:00","guid":{"rendered":"https:\/\/www.opinionpublica.tv\/portada\/2019\/03\/18\/arresta-policia-municipal-a-sujeto-por-maltrato-animal\/"},"modified":"2019-03-18T07:00:00","modified_gmt":"2019-03-18T06:00:00","slug":"arresta-policia-municipal-a-sujeto-por-maltrato-animal","status":"publish","type":"post","link":"https:\/\/www.opinionpublica.tv\/portada\/arresta-policia-municipal-a-sujeto-por-maltrato-animal\/","title":{"rendered":"Arresta Polic\u00eda Municipal a sujeto por cometer maltrato animal"},"content":{"rendered":"<p><img fetchpriority=\"high\" decoding=\"async\" class=\" size-full wp-image-19100\" src=\"https:\/\/www.opinionpublica.tv\/portada\/wp-content\/uploads\/2019\/03\/c61219cb438927f4c8a6e4633e609a10.jpg\" alt=\"\" class=\"caption\" title=\"En el estado de Chihuahua ya es delito el maltrato animal.\" width=\"1280\" height=\"850\" srcset=\"https:\/\/www.opinionpublica.tv\/portada\/wp-content\/uploads\/2019\/03\/c61219cb438927f4c8a6e4633e609a10.jpg 1280w, https:\/\/www.opinionpublica.tv\/portada\/wp-content\/uploads\/2019\/03\/c61219cb438927f4c8a6e4633e609a10-300x199.jpg 300w, https:\/\/www.opinionpublica.tv\/portada\/wp-content\/uploads\/2019\/03\/c61219cb438927f4c8a6e4633e609a10-1024x680.jpg 1024w, https:\/\/www.opinionpublica.tv\/portada\/wp-content\/uploads\/2019\/03\/c61219cb438927f4c8a6e4633e609a10-768x510.jpg 768w\" sizes=\"(max-width: 1280px) 100vw, 1280px\" \/><br \/>\n<!--more--><\/p>\n<p><em>Ciudad Ju\u00e1rez, Chih<\/em>.- Agentes municipales realizaron el arresto de Roberto U. P., por su presunta responsabilidad en la comisi\u00f3n del delito de maltrato animal.<\/p>\n<p>Agentes municipales que realizaban labores de prevenci\u00f3n y vigilancia en la colonia Ampliaci\u00f3n Plutarco El\u00edas Calles, recibieron un llamado a la l\u00ednea de emergencias 911, donde reportaron un caso de maltrato animal en el cruce de las calles Isla Curazao y Tolcayuca, de la citada colonia.<\/p>\n<p>Ante esto agentes preventivos se trasladaron al lugar del reporte, donde se entrevistaron con la quejosa, la cual manifest\u00f3 que su vecino se encontraba golpeando a su mascota con una tabla de madera sin raz\u00f3n aparente, por lo que solicitaba el apoyo de los agentes para que lo detuvieran.<\/p>\n<p>Por lo que ante el se\u00f1alamiento directo, los oficiales procedieron a poner bajo arresto a quien se identific\u00f3 como Roberto U. P. de 40 a\u00f1os.<\/p>\n<p>Previa lectura de derechos, fue consignado ante la autoridad correspondiente por su presunta responsabilidad en la comisi\u00f3n del delito antes se\u00f1alado.<\/p>\n","protected":false},"excerpt":{"rendered":"","protected":false},"author":6,"featured_media":19100,"comment_status":"open","ping_status":"open","sticky":false,"template":"","format":"standard","meta":{"_acf_changed":false,"_monsterinsights_skip_tracking":false,"slim_seo":{"title":"Arresta Polic\u00eda Municipal a sujeto por cometer maltrato animal - Opini\u00f3n P\u00fablica","description":"Ciudad Ju\u00e1rez, Chih .- Agentes municipales realizaron el arresto de Roberto U. P., por su presunta responsabilidad en la comisi\u00f3n del delito de maltrato animal."},"footnotes":""},"categories":[5],"tags":[],"class_list":["post-19101","post","type-post","status-publish","format-standard","has-post-thumbnail","hentry","category-frontera"],"acf":[],"_links":{"self":[{"href":"https:\/\/www.opinionpublica.tv\/portada\/wp-json\/wp\/v2\/posts\/19101","targetHints":{"allow":["GET"]}}],"collection":[{"href":"https:\/\/www.opinionpublica.tv\/portada\/wp-json\/wp\/v2\/posts"}],"about":[{"href":"https:\/\/www.opinionpublica.tv\/portada\/wp-json\/wp\/v2\/types\/post"}],"author":[{"embeddable":true,"href":"https:\/\/www.opinionpublica.tv\/portada\/wp-json\/wp\/v2\/users\/6"}],"replies":[{"embeddable":true,"href":"https:\/\/www.opinionpublica.tv\/portada\/wp-json\/wp\/v2\/comments?post=19101"}],"version-history":[{"count":0,"href":"https:\/\/www.opinionpublica.tv\/portada\/wp-json\/wp\/v2\/posts\/19101\/revisions"}],"wp:featuredmedia":[{"embeddable":true,"href":"https:\/\/www.opinionpublica.tv\/portada\/wp-json\/wp\/v2\/media\/19100"}],"wp:attachment":[{"href":"https:\/\/www.opinionpublica.tv\/portada\/wp-json\/wp\/v2\/media?parent=19101"}],"wp:term":[{"taxonomy":"category","embeddable":true,"href":"https:\/\/www.opinionpublica.tv\/portada\/wp-json\/wp\/v2\/categories?post=19101"},{"taxonomy":"post_tag","embeddable":true,"href":"https:\/\/www.opinionpublica.tv\/portada\/wp-json\/wp\/v2\/tags?post=19101"}],"curies":[{"name":"wp","href":"https:\/\/api.w.org\/{rel}","templated":true}]}}