{"id":19097,"date":"2019-03-18T07:00:00","date_gmt":"2019-03-18T06:00:00","guid":{"rendered":"https:\/\/www.opinionpublica.tv\/portada\/2019\/03\/18\/el-paseno-beto-o-rourke-recauda-6-1-mdd-en-24-horas-para-campana-presidencial\/"},"modified":"2019-03-18T07:00:00","modified_gmt":"2019-03-18T06:00:00","slug":"el-paseno-beto-o-rourke-recauda-6-1-mdd-en-24-horas-para-campana-presidencial","status":"publish","type":"post","link":"https:\/\/www.opinionpublica.tv\/portada\/el-paseno-beto-o-rourke-recauda-6-1-mdd-en-24-horas-para-campana-presidencial\/","title":{"rendered":"El pase\u00f1o Beto O&#8217;Rourke recauda 6.1 mdd en 24 horas para campa\u00f1a presidencial"},"content":{"rendered":"<p><img fetchpriority=\"high\" decoding=\"async\" class=\" size-full wp-image-19096\" src=\"https:\/\/www.opinionpublica.tv\/portada\/wp-content\/uploads\/2019\/03\/21f2be7e13eb071adb01c3ccddafb04b.jpg\" alt=\"\" class=\"caption\" title=\"El ex congresista pase\u00f1o Beto O'Rourke busca ser candidato presidencial dem\u00f3crata.\" width=\"900\" height=\"506\" srcset=\"https:\/\/www.opinionpublica.tv\/portada\/wp-content\/uploads\/2019\/03\/21f2be7e13eb071adb01c3ccddafb04b.jpg 900w, https:\/\/www.opinionpublica.tv\/portada\/wp-content\/uploads\/2019\/03\/21f2be7e13eb071adb01c3ccddafb04b-300x169.jpg 300w, https:\/\/www.opinionpublica.tv\/portada\/wp-content\/uploads\/2019\/03\/21f2be7e13eb071adb01c3ccddafb04b-768x432.jpg 768w\" sizes=\"(max-width: 900px) 100vw, 900px\" \/><br \/>\n<!--more--><\/p>\n<p style=\"text-align: justify;\"><em>Michigan, EU.<\/em>&#8211; El dem\u00f3crata Beto O&#8217;Rourke recaud\u00f3 la cifra r\u00e9cord de 6.1 millones de d\u00f3lares en las primeras 24 horas despu\u00e9s de anunciar que se postular\u00eda para la Casa Blanca, superando por poco lo que el senador de Vermont Bernie Sanders report\u00f3 en su primer d\u00eda como candidato.<\/p>\n<p style=\"text-align: justify;\">Los m\u00e1s de 6 millones de d\u00f3lares llegaron de comit\u00e9s de acci\u00f3n pol\u00edtica, corporaciones o intereses especiales, tuite\u00f3 Chris Evans, el vocero de O&#8217;Rourke.<\/p>\n<p style=\"text-align: justify;\">El ex congresista de Texas, se postul\u00f3 el jueves a la contienda presidencial del 2020 despu\u00e9s de meses de especulaci\u00f3n, agitando un campo dem\u00f3crata ya saturado y jurando convencer a los votantes de todo el espectro pol\u00edtico.<\/p>\n<p style=\"text-align: justify;\">\u201cGracias a todos los que ayudan a crear la mayor campa\u00f1a pol\u00edtica de bases que este pa\u00eds haya visto, financiada completamente por el pueblo, no por los PACs (comit\u00e9s de acci\u00f3n pol\u00edtica), no por los cabilderos, no por las corporaciones y no por los intereses especiales\u201d, dijo O&#8217;Rourke a la prensa en Center Line, un suburbio de Detroit.<\/p>\n<p style=\"text-align: justify;\">\u201cEs una de las mejores formas de unir al pa\u00eds para asegurar que nos escuchamos entre nosotros y no a esa consolidaci\u00f3n de riqueza, poder y privilegio que define a tanta de nuestra pol\u00edtica de antes\u201d.<\/p>\n<p style=\"text-align: justify;\">O&#8217;Rourke recaud\u00f3 80 millones de d\u00f3lares en donativos de movimientos pol\u00edticos comunitarios el a\u00f1o pasado durante su fallida contienda al Senado de Estados Unidos en Texas contra el republicano en funciones Ted Cruz, mientras evitaba dinero de los comit\u00e9s de acci\u00f3n pol\u00edtica.<\/p>\n<p style=\"text-align: justify;\">Sus primeras cifras de recaudaci\u00f3n de fondos para la presidencia ser\u00e1n consideradas como una primera se\u00f1al de si ser\u00e1 tan popular en la contienda a la Casa Blanca como lo fue para el Senado.<\/p>\n<p style=\"text-align: justify;\">Las nuevas cifras separan a O&#8217;Rourke y Sanders del resto de los dem\u00f3cratas en cuanto a recaudaci\u00f3n de fondos el d\u00eda en que anunciaron su postulaci\u00f3n.<\/p>\n<p style=\"text-align: justify;\">Sanders ha marcado el paso de las donaciones de movimientos pol\u00edticos comunitarios para el 2020. Apoyado por los 6 millones de d\u00f3lares que recaud\u00f3 en su primer d\u00eda como candidato, recibi\u00f3 m\u00e1s de 10 millones de d\u00f3lares en la primera semana, en su mayor\u00eda de peque\u00f1os donantes.<\/p>\n","protected":false},"excerpt":{"rendered":"","protected":false},"author":6,"featured_media":19096,"comment_status":"open","ping_status":"open","sticky":false,"template":"","format":"standard","meta":{"_acf_changed":false,"_monsterinsights_skip_tracking":false,"slim_seo":{"title":"El pase\u00f1o Beto O'Rourke recauda 6.1 mdd en 24 horas para campa\u00f1a presidencial - Opini\u00f3n P\u00fablica","description":"Michigan, EU. - El dem\u00f3crata Beto O'Rourke recaud\u00f3 la cifra r\u00e9cord de 6.1 millones de d\u00f3lares en las primeras 24 horas despu\u00e9s de anunciar que se postular\u00eda par"},"footnotes":""},"categories":[24],"tags":[71,72],"class_list":["post-19097","post","type-post","status-publish","format-standard","has-post-thumbnail","hentry","category-estados-unidos","tag-beto-orourke","tag-el-paso-tx"],"acf":[],"_links":{"self":[{"href":"https:\/\/www.opinionpublica.tv\/portada\/wp-json\/wp\/v2\/posts\/19097","targetHints":{"allow":["GET"]}}],"collection":[{"href":"https:\/\/www.opinionpublica.tv\/portada\/wp-json\/wp\/v2\/posts"}],"about":[{"href":"https:\/\/www.opinionpublica.tv\/portada\/wp-json\/wp\/v2\/types\/post"}],"author":[{"embeddable":true,"href":"https:\/\/www.opinionpublica.tv\/portada\/wp-json\/wp\/v2\/users\/6"}],"replies":[{"embeddable":true,"href":"https:\/\/www.opinionpublica.tv\/portada\/wp-json\/wp\/v2\/comments?post=19097"}],"version-history":[{"count":0,"href":"https:\/\/www.opinionpublica.tv\/portada\/wp-json\/wp\/v2\/posts\/19097\/revisions"}],"wp:featuredmedia":[{"embeddable":true,"href":"https:\/\/www.opinionpublica.tv\/portada\/wp-json\/wp\/v2\/media\/19096"}],"wp:attachment":[{"href":"https:\/\/www.opinionpublica.tv\/portada\/wp-json\/wp\/v2\/media?parent=19097"}],"wp:term":[{"taxonomy":"category","embeddable":true,"href":"https:\/\/www.opinionpublica.tv\/portada\/wp-json\/wp\/v2\/categories?post=19097"},{"taxonomy":"post_tag","embeddable":true,"href":"https:\/\/www.opinionpublica.tv\/portada\/wp-json\/wp\/v2\/tags?post=19097"}],"curies":[{"name":"wp","href":"https:\/\/api.w.org\/{rel}","templated":true}]}}