{"id":19095,"date":"2019-03-18T07:00:00","date_gmt":"2019-03-18T06:00:00","guid":{"rendered":"https:\/\/www.opinionpublica.tv\/portada\/2019\/03\/18\/llevan-hasta-la-onu-tema-de-las-estancias-infantiles\/"},"modified":"2019-03-18T07:00:00","modified_gmt":"2019-03-18T06:00:00","slug":"llevan-hasta-la-onu-tema-de-las-estancias-infantiles","status":"publish","type":"post","link":"https:\/\/www.opinionpublica.tv\/portada\/llevan-hasta-la-onu-tema-de-las-estancias-infantiles\/","title":{"rendered":"Llevan hasta la ONU reclamo por las estancias infantiles"},"content":{"rendered":"<p><img decoding=\"async\" class=\" size-full wp-image-19094\" src=\"https:\/\/www.opinionpublica.tv\/portada\/wp-content\/uploads\/2019\/03\/f52793a3cf60c8f1dd915eef76962d02.jpg\" alt=\"\" class=\"caption\" title=\"La senadora panista Kenia L\u00f3pez llev\u00f3 el tema de la estancias infantiles a las Naciones Unidas.\" width=\"168\" height=\"109\" \/><br \/>\n<!--more--><\/p>\n<p style=\"text-align: justify;\"><em>Nueva York, EU<\/em>.- La senadora panista Kenia L\u00f3pez se manifest\u00f3 en las Naciones Unidas durante el periodo de sesiones de la Comisi\u00f3n de la Condici\u00f3n Jur\u00eddica y Social de la Mujer contra el recorte presupuestal a las estancias infantiles en M\u00e9xico.<\/p>\n<p style=\"text-align: justify;\">En el marco del 63 periodo de sesiones de la Comisi\u00f3n de la Condici\u00f3n Jur\u00eddica y Social de la Mujer en Nueva York, donde se aborda el empoderamiento de la mujer y su v\u00ednculo con el desarrollo sostenible, la legisladora despleg\u00f3 un cartel en el que se le\u00eda \u00abEstancias Infantiles S\u00ed\u00bb, para hacer un llamado al Gobierno federal a que desista de su decisi\u00f3n de recortar el presupuesto a las estancias infantiles.<\/p>\n<p style=\"text-align: justify;\">\u201cMientras las mujeres del mundo se re\u00fanen en la ONU para hablar del empoderamiento de las mujeres y las ni\u00f1as, as\u00ed como de la igualdad entre los g\u00e9neros, en M\u00e9xico estamos viviendo un retroceso en ambos casos\u201d, manifest\u00f3 la legisladora.<\/p>\n<p style=\"text-align: justify;\">\u201cNo podemos hablar de empoderamiento cuando m\u00e1s de 300 mil madres de familia mexicanas que trabajan, buscan empleo o estudian, no tienen en d\u00f3nde dejar a sus hijos para desarrollarse plenamente. Es lamentable la decisi\u00f3n del Gobierno mexicano de recortar el presupuesto para este programa, que ha demostrado que funciona\u201d, a\u00f1adi\u00f3.<\/p>\n<p style=\"text-align: justify;\">El recorte presupuestal a Estancias Infantiles, que operaba en 2018 con 4 mil 70 millones de pesos, qued\u00f3 reducido en 50 por ciento, es decir que este a\u00f1o, 2019, las m\u00e1s de 9 mil estancias infantiles tendr\u00edan que operar con 2 mil 41 millones de pesos.<\/p>\n<p style=\"text-align: justify;\">L\u00f3pez dijo que el recorte a las estancias infantiles est\u00e1 asfixiando a las mam\u00e1s que se apoyan de este programa, ya que no han tenido el respaldo econ\u00f3mico del Gobierno federal.<\/p>\n<p style=\"text-align: justify;\">\u201cDesde la ONU hago un llamado a las autoridades mexicanas para que echen atr\u00e1s su decisi\u00f3n de recortar el presupuesto a este programa que est\u00e1 afectando a m\u00e1s de 9 mil estancias que hay en el Pa\u00eds y que dan empleo directo a pedagogas, especialistas, enfermeras, personal de limpieza, asistentes, entre otras\u201d, expres\u00f3.<\/p>\n<p style=\"text-align: justify;\">De acuerdo con datos de la sociedad civil, se estima que en 12 estados del Pa\u00eds ya han cerrado 190 estancias infantiles, mientras 875 est\u00e1n en riesgo de hacerlo, lo que afecta a 7 mil familias. (Reforma)<\/p>\n","protected":false},"excerpt":{"rendered":"","protected":false},"author":6,"featured_media":19094,"comment_status":"open","ping_status":"open","sticky":false,"template":"","format":"standard","meta":{"_acf_changed":false,"_monsterinsights_skip_tracking":false,"slim_seo":{"title":"Llevan hasta la ONU reclamo por las estancias infantiles - Opini\u00f3n P\u00fablica","description":"Nueva York, EU .- La senadora panista Kenia L\u00f3pez se manifest\u00f3 en las Naciones Unidas durante el periodo de sesiones de la Comisi\u00f3n de la Condici\u00f3n Jur\u00eddica y S"},"footnotes":""},"categories":[9],"tags":[],"class_list":["post-19095","post","type-post","status-publish","format-standard","has-post-thumbnail","hentry","category-nacional"],"acf":[],"_links":{"self":[{"href":"https:\/\/www.opinionpublica.tv\/portada\/wp-json\/wp\/v2\/posts\/19095","targetHints":{"allow":["GET"]}}],"collection":[{"href":"https:\/\/www.opinionpublica.tv\/portada\/wp-json\/wp\/v2\/posts"}],"about":[{"href":"https:\/\/www.opinionpublica.tv\/portada\/wp-json\/wp\/v2\/types\/post"}],"author":[{"embeddable":true,"href":"https:\/\/www.opinionpublica.tv\/portada\/wp-json\/wp\/v2\/users\/6"}],"replies":[{"embeddable":true,"href":"https:\/\/www.opinionpublica.tv\/portada\/wp-json\/wp\/v2\/comments?post=19095"}],"version-history":[{"count":0,"href":"https:\/\/www.opinionpublica.tv\/portada\/wp-json\/wp\/v2\/posts\/19095\/revisions"}],"wp:featuredmedia":[{"embeddable":true,"href":"https:\/\/www.opinionpublica.tv\/portada\/wp-json\/wp\/v2\/media\/19094"}],"wp:attachment":[{"href":"https:\/\/www.opinionpublica.tv\/portada\/wp-json\/wp\/v2\/media?parent=19095"}],"wp:term":[{"taxonomy":"category","embeddable":true,"href":"https:\/\/www.opinionpublica.tv\/portada\/wp-json\/wp\/v2\/categories?post=19095"},{"taxonomy":"post_tag","embeddable":true,"href":"https:\/\/www.opinionpublica.tv\/portada\/wp-json\/wp\/v2\/tags?post=19095"}],"curies":[{"name":"wp","href":"https:\/\/api.w.org\/{rel}","templated":true}]}}