{"id":19087,"date":"2019-03-18T07:00:00","date_gmt":"2019-03-18T06:00:00","guid":{"rendered":"https:\/\/www.opinionpublica.tv\/portada\/2019\/03\/18\/efemerides-18-de-marzo-3\/"},"modified":"2019-03-18T07:00:00","modified_gmt":"2019-03-18T06:00:00","slug":"efemerides-18-de-marzo-3","status":"publish","type":"post","link":"https:\/\/www.opinionpublica.tv\/portada\/efemerides-18-de-marzo-3\/","title":{"rendered":"Efem\u00e9rides 18 de marzo"},"content":{"rendered":"<img fetchpriority=\"high\" decoding=\"async\" class=\" size-full wp-image-19086\" src=\"https:\/\/www.opinionpublica.tv\/portada\/wp-content\/uploads\/2019\/03\/ac4ba1c5fb1508683a99f4c747620278.jpg\" alt=\"\" class=\"caption\" title=\"Rudolf Diesel, ingeniero alem\u00e1n, inventor del motor que lleva su nombre.\" width=\"413\" height=\"247\" srcset=\"https:\/\/www.opinionpublica.tv\/portada\/wp-content\/uploads\/2019\/03\/ac4ba1c5fb1508683a99f4c747620278.jpg 413w, https:\/\/www.opinionpublica.tv\/portada\/wp-content\/uploads\/2019\/03\/ac4ba1c5fb1508683a99f4c747620278-300x179.jpg 300w\" sizes=\"(max-width: 413px) 100vw, 413px\" \/>\n<p style=\"text-align: justify;\">Un d\u00eda 18 de marzo como hoy, pero de 1858, nace Rudolf Diesel, ingeniero alem\u00e1n, inventor del motor que lleva su nombre.<\/p>\n<p><!--more--><\/p>\n<p style=\"text-align: justify;\"><strong>Otras efem\u00e9rides<\/strong><\/p>\n<p style=\"text-align: justify;\">1814.- Un decreto de Napole\u00f3n restituye los Estados Pontificios a P\u00edo VII.<\/p>\n<p style=\"text-align: justify;\">1842.- Nace Esteban Mallarm\u00e9, poeta franc\u00e9s.<\/p>\n<p style=\"text-align: justify;\">1844.- Nace Nicolai Rimski-Korsakov, compositor ruso.<\/p>\n<p style=\"text-align: justify;\">1860.- Nace Arthur Neville Chamberlain, estadista ingl\u00e9s.<\/p>\n<p style=\"text-align: justify;\">1865.- Fusilamiento del patriota mexicano Romero, juzgado por un consejo de guerra franc\u00e9s.<\/p>\n<p style=\"text-align: justify;\">1861.- Tras 17 a\u00f1os de independencia, la ex colonia de Santo Domingo vuelve a pertenecer a Espa\u00f1a.<\/p>\n<p style=\"text-align: justify;\">1870.- En la Scala de Mil\u00e1n se estrena la \u00f3pera \u00abIl guarany\u00bb, del compositor brasile\u00f1o Carlos Gomes.<\/p>\n<p style=\"text-align: justify;\">1891.- M\u00e1s de 500 personas mueren en el hundimiento del vapor ingl\u00e9s \u00abUtop\u00eda\u00bb, a la entrada del puerto de Gibraltar.<\/p>\n<p style=\"text-align: justify;\">1897.- Nace Gerardo Matos Rodr\u00edguez, uruguayo, autor de tangos.<\/p>\n<p style=\"text-align: justify;\">1905.- Nace Robert Donat, actor brit\u00e1nico.<\/p>\n<p style=\"text-align: justify;\">1907.- Muere Marcelin Berthelot, qu\u00edmico franc\u00e9s.<\/p>\n<p style=\"text-align: justify;\">1911.- Nace Gabriel Celaya, poeta espa\u00f1ol.<\/p>\n<p style=\"text-align: justify;\">1913.- Asesinado el rey Jorge I de Grecia, por un perturbado, en Sal\u00f3nica.<\/p>\n<p style=\"text-align: justify;\">1913.- Nace Ren\u00e9 Clement, director de cine franc\u00e9s.<\/p>\n<p style=\"text-align: justify;\">1921.- El Ej\u00e9rcito Rojo aplasta la rebeli\u00f3n de los marineros de Kronstadt, h\u00e9roes de la revoluci\u00f3n rusa por haberse alzado contra el zar en 1917.<\/p>\n<p style=\"text-align: justify;\">1922.- El mahatma Gandhi es condenado a seis a\u00f1os de c\u00e1rcel.<\/p>\n<p style=\"text-align: justify;\">1932.- Nace John Updike, escritor y periodista estadounidense.<\/p>\n<p style=\"text-align: justify;\">1936.- Nace Frederik de Klerk, pol\u00edtico sudafricano, Nobel Paz 1993.<\/p>\n<p style=\"text-align: justify;\">1937.- Enc\u00edclica \u00abDivini Redemptoris\u00bb, de P\u00edo XI, contra el ate\u00edsmo comunista.<\/p>\n<p style=\"text-align: justify;\">1938.- El presidente de M\u00e9xico, L\u00e1zaro C\u00e1rdenas, ordena el reparto de tierras, la nacionalizaci\u00f3n del petr\u00f3leo y la expropiaci\u00f3n de las empresas petroleras extranjeras.<\/p>\n<p style=\"text-align: justify;\">1940.- Entrevista de Hitler y Mussolini en el paso de Brenner, en el norte de Italia.<\/p>\n<p style=\"text-align: justify;\">1944.- La RAF lanza 3,000 toneladas de bombas sobre Fr\u00e1ncfort (Alemania).<\/p>\n<p style=\"text-align: justify;\">1949.- Los representantes de EE. UU., Gran Breta\u00f1a, Francia, B\u00e9lgica, Holanda y Luxemburgo, firman un pacto de defensa mutua, de 20 a\u00f1os de duraci\u00f3n y supervisado por la OTAN.<\/p>\n<p style=\"text-align: justify;\">1960.- Huelga general en la industria del cobre de Chile.<\/p>\n<p style=\"text-align: justify;\">1965.- El astronauta ruso Aleks\u00e9i Leonov primer ser humano que hace un paseo espacial.<\/p>\n<p style=\"text-align: justify;\">1980.- Muere Erich Fromm, psicoanalista alem\u00e1n.<\/p>\n<p style=\"text-align: justify;\">1984.- El general uruguayo Liber Seregni es puesto en libertad, tras siete a\u00f1os de c\u00e1rcel por motivos pol\u00edticos.<\/p>\n<p style=\"text-align: justify;\">1984.- Muere Dar\u00edo Samper, escritor y periodista colombiano.<\/p>\n<p style=\"text-align: justify;\">1990.- Muere Germaine Lefebvre,\u00bbCapucine\u00bb, actriz y modelo francesa.<\/p>\n<p style=\"text-align: justify;\">1992.- Muere Antonio Molina, cantante espa\u00f1ol.<\/p>\n<p style=\"text-align: justify;\">1996.- Muere Odysseus Elytis, poeta griego, Premio Nobel 1979.<\/p>\n<p style=\"text-align: justify;\">2001.- Muere John Phillips, cantante estadounidense de los \u00abMamas and the Papas\u00bb.<\/p>\n<p style=\"text-align: justify;\">2002.- La National Geographic Society anuncia el descubrimiento de un gran complejo arqueol\u00f3gico inca en una zona selv\u00e1tica del departamento de Cuzco, en Per\u00fa.<\/p>\n<p style=\"text-align: justify;\">2003.- Mahmud Abbas (Abu Mazen) es nombrado primer ministro palestino.<\/p>\n<p style=\"text-align: justify;\">2008.- Angela Merkel se convierte en el primer jefe de Gobierno alem\u00e1n que habla ante el Kneset (Parlamento israel\u00ed).<\/p>\n<p style=\"text-align: justify;\">2008.- Muere Anthony Minghella, cineasta brit\u00e1nico.<\/p>\n<p style=\"text-align: justify;\">2008.- Muere Arthur C. Clarke, escritor brit\u00e1nico.<\/p>\n<p style=\"text-align: justify;\">2009.- Muere Meira Delmar, poetisa colombiana.<\/p>\n<p style=\"text-align: justify;\">2012.- Muere George Tupou V, rey de Tonga.<\/p>\n","protected":false},"excerpt":{"rendered":"<p>Un d\u00eda 18 de marzo como hoy, pero de 1858, nace Rudolf Diesel, ingeniero alem\u00e1n, inventor del motor que lleva su nombre.<\/p>\n","protected":false},"author":6,"featured_media":19086,"comment_status":"open","ping_status":"open","sticky":false,"template":"","format":"standard","meta":{"_acf_changed":false,"_monsterinsights_skip_tracking":false,"slim_seo":{"title":"Efem\u00e9rides 18 de marzo - Opini\u00f3n P\u00fablica","description":"Un d\u00eda 18 de marzo como hoy, pero de 1858, nace Rudolf Diesel, ingeniero alem\u00e1n, inventor del motor que lleva su nombre. Otras efem\u00e9rides 1814.- Un decreto de N"},"footnotes":""},"categories":[27],"tags":[],"class_list":["post-19087","post","type-post","status-publish","format-standard","has-post-thumbnail","hentry","category-un-dia-como-hoy"],"acf":[],"_links":{"self":[{"href":"https:\/\/www.opinionpublica.tv\/portada\/wp-json\/wp\/v2\/posts\/19087","targetHints":{"allow":["GET"]}}],"collection":[{"href":"https:\/\/www.opinionpublica.tv\/portada\/wp-json\/wp\/v2\/posts"}],"about":[{"href":"https:\/\/www.opinionpublica.tv\/portada\/wp-json\/wp\/v2\/types\/post"}],"author":[{"embeddable":true,"href":"https:\/\/www.opinionpublica.tv\/portada\/wp-json\/wp\/v2\/users\/6"}],"replies":[{"embeddable":true,"href":"https:\/\/www.opinionpublica.tv\/portada\/wp-json\/wp\/v2\/comments?post=19087"}],"version-history":[{"count":0,"href":"https:\/\/www.opinionpublica.tv\/portada\/wp-json\/wp\/v2\/posts\/19087\/revisions"}],"wp:featuredmedia":[{"embeddable":true,"href":"https:\/\/www.opinionpublica.tv\/portada\/wp-json\/wp\/v2\/media\/19086"}],"wp:attachment":[{"href":"https:\/\/www.opinionpublica.tv\/portada\/wp-json\/wp\/v2\/media?parent=19087"}],"wp:term":[{"taxonomy":"category","embeddable":true,"href":"https:\/\/www.opinionpublica.tv\/portada\/wp-json\/wp\/v2\/categories?post=19087"},{"taxonomy":"post_tag","embeddable":true,"href":"https:\/\/www.opinionpublica.tv\/portada\/wp-json\/wp\/v2\/tags?post=19087"}],"curies":[{"name":"wp","href":"https:\/\/api.w.org\/{rel}","templated":true}]}}