{"id":19085,"date":"2019-03-18T07:00:00","date_gmt":"2019-03-18T06:00:00","guid":{"rendered":"https:\/\/www.opinionpublica.tv\/portada\/2019\/03\/18\/amlo-democracia-o-autoritarismo\/"},"modified":"2019-03-18T07:00:00","modified_gmt":"2019-03-18T06:00:00","slug":"amlo-democracia-o-autoritarismo","status":"publish","type":"post","link":"https:\/\/www.opinionpublica.tv\/portada\/amlo-democracia-o-autoritarismo\/","title":{"rendered":"AMLO\u2026 Democracia o autoritarismo"},"content":{"rendered":"<p style=\"text-align: justify;\">La democracia mexicana ha tenido un largo periodo de construcci\u00f3n, incluso hay quienes han sostenido sistem\u00e1ticamente la impureza de la misma, una dictadura validada, avalada y legitimada a trav\u00e9s de los votos ciudadanos. Los cr\u00edticos, principalmente de la extrema izquierda, llegaron a llamar como una transici\u00f3n inconclusa la llegada al poder de un partido pol\u00edtico diferente al otrora partido hegem\u00f3nico, era m\u00e1s de lo mismo, dec\u00edan. La democracia y el tr\u00e1nsito hacia a ella ha sido un tema recurrente para legitimar o para degradar al partido pol\u00edtico en el poder o al titular del mismo.<\/p>\n<p><!--more--><\/p>\n<p style=\"text-align: justify;\">Atrae la atenci\u00f3n, que en este llamado de la cuarta transformaci\u00f3n de M\u00e9xico, existan voces que han declarado rasgos de autoritarismo. Lo rese\u00f1o el peri\u00f3dico Reforma a trav\u00e9s de una nota period\u00edstica pero no es la primera vez que se publica una informaci\u00f3n de esta naturaleza. Se abre entonces una nueva ventana de estudio para los transit\u00f3logos\u2026 con una variante de una democracia a un estado autoritario que puede tergiversar en una dictadura y en el peor de los casos en una tiran\u00eda. Se asoma la punta del iceberg de una regresi\u00f3n antidemocr\u00e1tica.<\/p>\n<p style=\"text-align: justify;\">El tema no es cualquier cosa, es un llamado a la reflexi\u00f3n de los estudiosos de las ciencias sociales, de los dem\u00f3cratas, de los afines al nuevo r\u00e9gimen y de la misma sociedad. La aprobaci\u00f3n por la C\u00e1mara de Diputados de una iniciativa que fue calificada como un primer paso para buscar la reelecci\u00f3n. COPARMEX en un pronunciamiento muy concreto de Gustavo de Hoyos manifest\u00f3 que la intensi\u00f3n de imponer en las elecciones del 2021 el tema de la revocaci\u00f3n de mandato es una jugada \u201ctramposa\u201d que pretende a la larga incidir en una posible reelecci\u00f3n constitucional.<\/p>\n<p style=\"text-align: justify;\">Las palabras de Andr\u00e9s Manuel L\u00f3pez Obrador fueron las siguientes: \u201cVoy a decir que soy partidario de la democracia, que estoy de acuerdo con la m\u00e1xima del Sufragio Efectivo no Reelecci\u00f3n; que soy maderista, que es uno de los hombres que m\u00e1s admiro, que como se le ha denominado, as\u00ed le llamo, \u2018El ap\u00f3stol de la democracia\u2019 y que no soy un ambicioso vulgar, que voy a servir, si lo decide el pueblo, seis a\u00f1os: y que a finales del 2024 termino mi mandato\u201d.<\/p>\n<p style=\"text-align: justify;\">En el plano local, la dirigencia de COPARMEX en Ciudad Ju\u00e1rez hace eco del pronunciamiento, no a la revocaci\u00f3n de mandato, no a la reelecci\u00f3n, mencion\u00f3 Eduardo Ramos. Existen voces entonces, que coincidimos en que no podemos callar y que tenemos que alzar la voz. Este es un principio b\u00e1sico de la democracia, el \u201cdiscenso\u201d. Aclaro que le apostamos a que el gobierno federal tenga \u00e9xito pero hay que aterrizar las ideas en lo local, para que no s\u00f3lo sean discursos sino las acciones del nuevo gobierno los que materialicen el bienestar de la sociedad y del pueblo.<\/p>\n<p style=\"text-align: justify;\">Los espacios de discusi\u00f3n deben abrirse, sino existe intensi\u00f3n de una reelecci\u00f3n, si lo va a firmar y empe\u00f1ar su palabra como dice, entonces \u00bfQu\u00e9 necesidad de aprobar una ley que abre el camino a una ambici\u00f3n de m\u00e1s poder? Los diputados ya aprobaron la iniciativa, pero los senadores deben valorar lo que est\u00e1n viendo en otros pa\u00edses y pensar y votar en contra de esta reforma. Este tipo de acciones, incluso chocan, ya que si bien es cierto existe una divisi\u00f3n de poderes, tal pareciera que no la hay. No necesidad de mandar mensajes err\u00f3neos.<\/p>\n<p style=\"text-align: justify;\">Las acciones cuentan, el pa\u00eds con ellas est\u00e1s desviaciones esta provocando una polarizaci\u00f3n de M\u00e9xico. Reitero, no hay necesidad de ello. La propuesta es concreta, establecer mesas de di\u00e1logo con legisladores, con el representante del propio AMLO en el estado de Chihuahua y aclarar esas grandes dudas que parecen ser grandes verdades. Le apostamos a la unidad nacional, no podemos dividirnos m\u00e1s como sociedad.<\/p>\n","protected":false},"excerpt":{"rendered":"<p>La democracia mexicana ha tenido un largo periodo de construcci\u00f3n, incluso hay quienes han sostenido sistem\u00e1ticamente la impureza de la misma, una dictadura validada, avalada y legitimada a trav\u00e9s de los votos ciudadanos. Los cr\u00edticos, principalmente de la extrema izquierda, llegaron a llamar como una transici\u00f3n inconclusa la llegada al poder de un partido pol\u00edtico [&hellip;]<\/p>\n","protected":false},"author":6,"featured_media":0,"comment_status":"open","ping_status":"open","sticky":false,"template":"","format":"standard","meta":{"_acf_changed":false,"_monsterinsights_skip_tracking":false,"slim_seo":{"title":"AMLO\u2026 Democracia o autoritarismo - Opini\u00f3n P\u00fablica","description":"La democracia mexicana ha tenido un largo periodo de construcci\u00f3n, incluso hay quienes han sostenido sistem\u00e1ticamente la impureza de la misma, una dictadura val"},"footnotes":""},"categories":[31],"tags":[],"class_list":["post-19085","post","type-post","status-publish","format-standard","hentry","category-galimatias"],"acf":[],"_links":{"self":[{"href":"https:\/\/www.opinionpublica.tv\/portada\/wp-json\/wp\/v2\/posts\/19085","targetHints":{"allow":["GET"]}}],"collection":[{"href":"https:\/\/www.opinionpublica.tv\/portada\/wp-json\/wp\/v2\/posts"}],"about":[{"href":"https:\/\/www.opinionpublica.tv\/portada\/wp-json\/wp\/v2\/types\/post"}],"author":[{"embeddable":true,"href":"https:\/\/www.opinionpublica.tv\/portada\/wp-json\/wp\/v2\/users\/6"}],"replies":[{"embeddable":true,"href":"https:\/\/www.opinionpublica.tv\/portada\/wp-json\/wp\/v2\/comments?post=19085"}],"version-history":[{"count":0,"href":"https:\/\/www.opinionpublica.tv\/portada\/wp-json\/wp\/v2\/posts\/19085\/revisions"}],"wp:attachment":[{"href":"https:\/\/www.opinionpublica.tv\/portada\/wp-json\/wp\/v2\/media?parent=19085"}],"wp:term":[{"taxonomy":"category","embeddable":true,"href":"https:\/\/www.opinionpublica.tv\/portada\/wp-json\/wp\/v2\/categories?post=19085"},{"taxonomy":"post_tag","embeddable":true,"href":"https:\/\/www.opinionpublica.tv\/portada\/wp-json\/wp\/v2\/tags?post=19085"}],"curies":[{"name":"wp","href":"https:\/\/api.w.org\/{rel}","templated":true}]}}