{"id":18938,"date":"2019-03-08T07:00:00","date_gmt":"2019-03-08T06:00:00","guid":{"rendered":"https:\/\/www.opinionpublica.tv\/portada\/2019\/03\/08\/que-me-importa-arabia-saudita\/"},"modified":"2019-03-08T07:00:00","modified_gmt":"2019-03-08T06:00:00","slug":"que-me-importa-arabia-saudita","status":"publish","type":"post","link":"https:\/\/www.opinionpublica.tv\/portada\/que-me-importa-arabia-saudita\/","title":{"rendered":"\u00bfQu\u00e9 me importa Arabia Saudita?"},"content":{"rendered":"<p style=\"text-align: justify;\">El jueves 7 de marzo, durante la reuni\u00f3n de primavera del Consejo de Derechos Humanos de la ONU en Ginebra, un grupo de 36 pa\u00edses dirigi\u00f3 una carta al Reino de Arabia Saudita. Seg\u00fan CNN, la misiva \u201cinst\u00f3 al Reino a liberar a los activistas de derechos humanos encarcelados por ejercer sus libertades fundamentales, y a divulgar toda la informaci\u00f3n disponible sobre el asesinato del periodista Jamal Khashoggi. La carta tambi\u00e9n solicitaba la liberaci\u00f3n de tres mujeres defensoras de los derechos de las mujeres, y que se respetara la libertad de expresi\u00f3n y de asociaci\u00f3n en Arabia Saudita\u201d.<\/p>\n<p><!--more--><\/p>\n<p style=\"text-align: justify;\">El lector se preguntar\u00e1: \u00bfy a mi qu\u00e9 diablos me importa? Con tantos temas pendientes en M\u00e9xico sobre los cuales escribir, \u00bfcu\u00e1l puede ser la pertinencia de un comentario sobre Arabia Saudita, en Ginebra, en un Consejo de apenas 45 miembros? La respuesta es muy sencilla. Entre los 36 pa\u00edses firmantes, figura toda la Uni\u00f3n Europea, Canad\u00e1 y Australia, pero ni Estados Unidos ni M\u00e9xico.<\/p>\n<p style=\"text-align: justify;\">Es obvio por qu\u00e9 Trump no firm\u00f3: es el principal aliado del pr\u00edncipe Mohammed Bin Salman, hijo del rey y verdadero jefe del reino, adem\u00e1s de ser el nuevo BFF de Jared Kushner, yerno del presidente norteamericano. El caso de M\u00e9xico es tambi\u00e9n evidente. No firmamos \u2013a reserva de que la Canciller\u00eda se digne a ofrecer otra explicaci\u00f3n\u2013 porque el gobierno de L\u00f3pez Obrador es congruente.<\/p>\n<p style=\"text-align: justify;\">Se opone a cualquier cr\u00edtica, a cualquier pa\u00eds, por cualquier motivo, en cualquier foro, que tenga que ver con derechos humanos. No se pronuncia sobre las violaciones a los derechos humanos en Venezuela, en Nicaragua o en Cuba, ni en Estados Unidos a prop\u00f3sito de los mexicanos y centroamericanos, ni de la ejecuci\u00f3n por un gobierno de un periodista contestatario. Nunca, nadie, en ninguna parte.<\/p>\n<p style=\"text-align: justify;\">El caso de los centroamericanos en la frontera norte es sintom\u00e1tico. L\u00f3pez Obrador primero dijo que s\u00f3lo recibir\u00eda a varones solicitantes de asilo, en Tijuana, y poquitos. Estados Unidos insiste en que ser\u00e1 en todos los cruces fronterizos, y a familias enteras, incluyendo a menores de edad. M\u00e9xico sostiene que es por razones humanitarias, pero no se entiende por qu\u00e9 esas razones no pueden ser atendidas en Estados Unidos.<\/p>\n<p style=\"text-align: justify;\">Los n\u00fameros van a incidir mucho. El pasado mes de febrero llegaron 76 mil migrantes a Estados Unidos, la mayor cifra en 12 a\u00f1os. A ra\u00edz de su nacionalidad, de su situaci\u00f3n y de su inteligencia, hay hoy, seg\u00fan CBP, m\u00e1s de cincuenta mil no mexicanos en diversos centros de detenci\u00f3n cerca de la frontera mexicana-estadounidense. \u00bfLos vamos a recibir a todos?<\/p>\n<p style=\"text-align: justify;\">Arabia Saudita s\u00ed importa, porque los derechos humanos s\u00ed importan. Ning\u00fan gobierno que se confiesa indiferente frente a casos como los de Venezuela, Nicaragua, Cuba, los territorios ocupados de Palestina, y los centroamericanos en Estados Unidos, va a preocuparse de los derechos humanos en su propia casa. Ya se suspendi\u00f3 el programa de entrega de visas humanitarias en M\u00e9xico, aunque el gobierno no lo haya anunciado. Eso, en cuanto a centroamericanos se refiere.<\/p>\n<p style=\"text-align: justify;\">\u00bfPuede alguien sentirse seguro de que el gobierno de AMLO, con su nueva Guardia Nacional, va a respetar los derechos humanos de los mexicanos en M\u00e9xico, si no le interesan fuera de M\u00e9xico? Yo creo que no. Llegar\u00e1 el d\u00eda en que no va a respetar ni los derechos humanos de sus adversarios, ni la libertad de expresi\u00f3n, ni de quienes se opongan a tal o cual proyecto que a la 4T le interese o le convenga (Tren Maya, Trans\u00edstmico, central el\u00e9ctrica, etc.). Quienes piensan que los derechos humanos son como las salchichas \u2013se pueden rebanar sin problema\u2013 se dar\u00e1n cuenta muy pronto de su error de apreciaci\u00f3n. En M\u00e9xico y Arabia Saudita.<\/p>\n","protected":false},"excerpt":{"rendered":"<p>El jueves 7 de marzo, durante la reuni\u00f3n de primavera del Consejo de Derechos Humanos de la ONU en Ginebra, un grupo de 36 pa\u00edses dirigi\u00f3 una carta al Reino de Arabia Saudita. Seg\u00fan CNN, la misiva \u201cinst\u00f3 al Reino a liberar a los activistas de derechos humanos encarcelados por ejercer sus libertades fundamentales, y [&hellip;]<\/p>\n","protected":false},"author":6,"featured_media":0,"comment_status":"open","ping_status":"open","sticky":false,"template":"","format":"standard","meta":{"_acf_changed":false,"_monsterinsights_skip_tracking":false,"slim_seo":{"title":"\u00bfQu\u00e9 me importa Arabia Saudita? - Opini\u00f3n P\u00fablica","description":"El jueves 7 de marzo, durante la reuni\u00f3n de primavera del Consejo de Derechos Humanos de la ONU en Ginebra, un grupo de 36 pa\u00edses dirigi\u00f3 una carta al Reino de"},"footnotes":""},"categories":[18],"tags":[],"class_list":["post-18938","post","type-post","status-publish","format-standard","hentry","category-castaneda-opina"],"acf":[],"_links":{"self":[{"href":"https:\/\/www.opinionpublica.tv\/portada\/wp-json\/wp\/v2\/posts\/18938","targetHints":{"allow":["GET"]}}],"collection":[{"href":"https:\/\/www.opinionpublica.tv\/portada\/wp-json\/wp\/v2\/posts"}],"about":[{"href":"https:\/\/www.opinionpublica.tv\/portada\/wp-json\/wp\/v2\/types\/post"}],"author":[{"embeddable":true,"href":"https:\/\/www.opinionpublica.tv\/portada\/wp-json\/wp\/v2\/users\/6"}],"replies":[{"embeddable":true,"href":"https:\/\/www.opinionpublica.tv\/portada\/wp-json\/wp\/v2\/comments?post=18938"}],"version-history":[{"count":0,"href":"https:\/\/www.opinionpublica.tv\/portada\/wp-json\/wp\/v2\/posts\/18938\/revisions"}],"wp:attachment":[{"href":"https:\/\/www.opinionpublica.tv\/portada\/wp-json\/wp\/v2\/media?parent=18938"}],"wp:term":[{"taxonomy":"category","embeddable":true,"href":"https:\/\/www.opinionpublica.tv\/portada\/wp-json\/wp\/v2\/categories?post=18938"},{"taxonomy":"post_tag","embeddable":true,"href":"https:\/\/www.opinionpublica.tv\/portada\/wp-json\/wp\/v2\/tags?post=18938"}],"curies":[{"name":"wp","href":"https:\/\/api.w.org\/{rel}","templated":true}]}}