{"id":18933,"date":"2019-03-08T07:00:00","date_gmt":"2019-03-08T06:00:00","guid":{"rendered":"https:\/\/www.opinionpublica.tv\/portada\/2019\/03\/08\/mexico-entre-los-20-peores-paises-para-ser-mujer\/"},"modified":"2019-03-08T07:00:00","modified_gmt":"2019-03-08T06:00:00","slug":"mexico-entre-los-20-peores-paises-para-ser-mujer","status":"publish","type":"post","link":"https:\/\/www.opinionpublica.tv\/portada\/mexico-entre-los-20-peores-paises-para-ser-mujer\/","title":{"rendered":"M\u00e9xico, entre los 20 peores pa\u00edses para ser mujer"},"content":{"rendered":"<p><img fetchpriority=\"high\" decoding=\"async\" class=\" size-full wp-image-18932\" src=\"https:\/\/www.opinionpublica.tv\/portada\/wp-content\/uploads\/2019\/03\/9046ac03742928382d22e11cd233dcff.jpg\" alt=\"\" class=\"caption\" title=\"En M\u00e9xico las mujeres siguen siendo discriminadas.\" width=\"623\" height=\"397\" srcset=\"https:\/\/www.opinionpublica.tv\/portada\/wp-content\/uploads\/2019\/03\/9046ac03742928382d22e11cd233dcff.jpg 623w, https:\/\/www.opinionpublica.tv\/portada\/wp-content\/uploads\/2019\/03\/9046ac03742928382d22e11cd233dcff-300x191.jpg 300w\" sizes=\"(max-width: 623px) 100vw, 623px\" \/><br \/>\n<!--more--><\/p>\n<p style=\"text-align: justify;\">Los cinco pa\u00edses con menor calificaci\u00f3n fueron Myanmar, Ghana, Iran, Tunisia, Tanzania y Guatemala.<\/p>\n<p style=\"text-align: justify;\">En el otro extremo de la lista est\u00e1n los pa\u00edses escandinavos. Suecia recuper\u00f3 el primer lugar, luego de haberlo perdido en 2018 ante Dinamarca (#2). Canad\u00e1 (#3) escal\u00f3 tres puestos y se posicion\u00f3 como el \u00fanico pa\u00eds no europeo en el top 5.<\/p>\n<p style=\"text-align: justify;\">Para realizar el ranking, la agencia de informaci\u00f3n evalu\u00f3 la percepci\u00f3n de un grupo de casi 9 mil mujeres de todo el mundo, conformado principalmente por \u201c\u00e9lites informadas\u201d y \u201ctomadores de decisiones del entorno empresarial\u201d.<\/p>\n<p style=\"text-align: justify;\">Los 80 pa\u00edses que se incluyen en este listado representan el 95% del PIB y el 80% de la poblaci\u00f3n global; y fueron elegidos por su relevancia en diversos indicadores clave de negocios, econom\u00eda y calidad de vida<\/p>\n<p style=\"text-align: justify;\"><strong>Estos son los 10 mejores pa\u00edses para ser mujer:<\/strong><\/p>\n<ol style=\"text-align: justify;\">\n<li>Suecia<br \/> 2 Dinamarca<br \/> 3. Canad\u00e1<br \/> 4. Noruega<br \/> 5. Holanda<br \/> 6. Finlandia<br \/> 7. Suiza<br \/> 8. Australia<br \/> 9. Nueva Zelanda<br \/> 10. Alemania<\/li>\n<\/ol>\n<p style=\"text-align: justify;\"><strong>Estos son los 10 peores pa\u00edses para ser mujer:\u00a0<\/strong><\/p>\n<ol style=\"text-align: justify;\" start=\"80\">\n<li>Myanmar<br \/> 79. Ghana<br \/> 78. Ir\u00e1n<br \/> 77. Tunisia<br \/> 76. Tanzania<br \/> 75. Guatemala<br \/> 74. Irak<br \/> 73. Nigeria<br \/> 72. Colombia<br \/> 71. Sri. Lanka<br \/> 70. Pakist\u00e1n<br \/> 60. M\u00e9xico<\/li>\n<\/ol>\n<p style=\"text-align: justify;\">\u00a0<\/p>\n<p style=\"text-align: justify;\">Con informaci\u00f3n de Forbes.<\/p>\n","protected":false},"excerpt":{"rendered":"","protected":false},"author":6,"featured_media":18932,"comment_status":"open","ping_status":"open","sticky":false,"template":"","format":"standard","meta":{"_acf_changed":false,"_monsterinsights_skip_tracking":false,"slim_seo":{"title":"M\u00e9xico, entre los 20 peores pa\u00edses para ser mujer - Opini\u00f3n P\u00fablica","description":"Los cinco pa\u00edses con menor calificaci\u00f3n fueron Myanmar, Ghana, Iran, Tunisia, Tanzania y Guatemala. En el otro extremo de la lista est\u00e1n los pa\u00edses escandinavos"},"footnotes":""},"categories":[11],"tags":[],"class_list":["post-18933","post","type-post","status-publish","format-standard","has-post-thumbnail","hentry","category-tendencias"],"acf":[],"_links":{"self":[{"href":"https:\/\/www.opinionpublica.tv\/portada\/wp-json\/wp\/v2\/posts\/18933","targetHints":{"allow":["GET"]}}],"collection":[{"href":"https:\/\/www.opinionpublica.tv\/portada\/wp-json\/wp\/v2\/posts"}],"about":[{"href":"https:\/\/www.opinionpublica.tv\/portada\/wp-json\/wp\/v2\/types\/post"}],"author":[{"embeddable":true,"href":"https:\/\/www.opinionpublica.tv\/portada\/wp-json\/wp\/v2\/users\/6"}],"replies":[{"embeddable":true,"href":"https:\/\/www.opinionpublica.tv\/portada\/wp-json\/wp\/v2\/comments?post=18933"}],"version-history":[{"count":0,"href":"https:\/\/www.opinionpublica.tv\/portada\/wp-json\/wp\/v2\/posts\/18933\/revisions"}],"wp:featuredmedia":[{"embeddable":true,"href":"https:\/\/www.opinionpublica.tv\/portada\/wp-json\/wp\/v2\/media\/18932"}],"wp:attachment":[{"href":"https:\/\/www.opinionpublica.tv\/portada\/wp-json\/wp\/v2\/media?parent=18933"}],"wp:term":[{"taxonomy":"category","embeddable":true,"href":"https:\/\/www.opinionpublica.tv\/portada\/wp-json\/wp\/v2\/categories?post=18933"},{"taxonomy":"post_tag","embeddable":true,"href":"https:\/\/www.opinionpublica.tv\/portada\/wp-json\/wp\/v2\/tags?post=18933"}],"curies":[{"name":"wp","href":"https:\/\/api.w.org\/{rel}","templated":true}]}}