{"id":18880,"date":"2019-02-27T07:00:00","date_gmt":"2019-02-27T06:00:00","guid":{"rendered":"https:\/\/www.opinionpublica.tv\/portada\/2019\/02\/27\/taller-de-patentes-produce-once-registros-en-ciudad-juarez\/"},"modified":"2019-02-27T07:00:00","modified_gmt":"2019-02-27T06:00:00","slug":"taller-de-patentes-produce-once-registros-en-ciudad-juarez","status":"publish","type":"post","link":"https:\/\/www.opinionpublica.tv\/portada\/taller-de-patentes-produce-once-registros-en-ciudad-juarez\/","title":{"rendered":"Taller de patentes produce once registros en Ciudad Ju\u00e1rez"},"content":{"rendered":"<p><img fetchpriority=\"high\" decoding=\"async\" class=\" size-full wp-image-18879\" src=\"https:\/\/www.opinionpublica.tv\/portada\/wp-content\/uploads\/2019\/02\/8014972ab4c628704fe7b7c50b00db60-scaled.jpg\" alt=\"\" class=\"caption\" title=\"Es importante el registro de marcas y patentes para proteger la creatividad.\" width=\"2560\" height=\"1707\" srcset=\"https:\/\/www.opinionpublica.tv\/portada\/wp-content\/uploads\/2019\/02\/8014972ab4c628704fe7b7c50b00db60-scaled.jpg 2560w, https:\/\/www.opinionpublica.tv\/portada\/wp-content\/uploads\/2019\/02\/8014972ab4c628704fe7b7c50b00db60-300x200.jpg 300w\" sizes=\"(max-width: 2560px) 100vw, 2560px\" \/><br \/>\n<!--more--><\/p>\n<p style=\"text-align: justify;\"><em>Ciudad Ju\u00e1rez, Chih<\/em>.- En un esfuerzo en conjunto entre el Instituto de Innovaci\u00f3n y Competitividad y el Instituto Mexicano de la Propiedad Industrial (IMPI) se imparti\u00f3 un curso intensivo de redacci\u00f3n de patentes, lo que result\u00f3 en siete patentes y cuatro dise\u00f1os industriales.<\/p>\n<p style=\"text-align: justify;\">En el taller participaron poco m\u00e1s de 30 interesados en las aulas alternas de la Biblioteca Carlos Montemayor de la Universidad Aut\u00f3noma de Ciudad Ju\u00e1rez (UACJ), y el curso fue impartido por Carlos Piedra Fraire, coordinador de inversiones de la Oficina Regional Norte con sede en Monterrey, y Jos\u00e9 Carlos Amaya Agua, especialista en propiedad industrial, perteneciente al Centro de Informaci\u00f3n Tecnol\u00f3gica de la Ciudad de M\u00e9xico.<\/p>\n<p style=\"text-align: justify;\">Ambos expertos compartieron con estudiantes, empresarios, docentes e investigadores su conocimiento en los procesos que son necesarios para patentar un producto o tecnolog\u00eda.<\/p>\n<p style=\"text-align: justify;\">El taller tuvo como objetivo que los participantes redactaran su proyecto para tener una patente que pudiese generar ganancias, as\u00ed como que logren conocer e identificar las diferencias entre patente, modelo de utilidad o un dise\u00f1o industrial.<\/p>\n<p style=\"text-align: justify;\">La docente investigadora de la UACJ, Nina del Roc\u00edo Mart\u00ednez Ru\u00edz,\u00a0 fue una de las participantes del taller.<\/p>\n<p style=\"text-align: justify;\">En su caso, el proyecto que present\u00f3 para realizar la redacci\u00f3n de la patente fue una masa elaborada de trigo y\u00a0<em>brosimum alicastrum<\/em>, conocida en el sur como \u201cRam\u00f3n\u201d.<\/p>\n<p style=\"text-align: justify;\">Para Mart\u00ednez Ru\u00edz fue \u201cuna magn\u00edfica oportunidad para que interaccionemos las personas que tenemos alguna posibilidad de meter una patente, un dise\u00f1o industrial, una marca: de poder acceder a toda esta informaci\u00f3n; muchas veces por desconocimiento no hacemos los tr\u00e1mites\u201d.<\/p>\n","protected":false},"excerpt":{"rendered":"","protected":false},"author":6,"featured_media":18879,"comment_status":"open","ping_status":"open","sticky":false,"template":"","format":"standard","meta":{"_acf_changed":false,"_monsterinsights_skip_tracking":false,"slim_seo":{"title":"Taller de patentes produce once registros en Ciudad Ju\u00e1rez - Opini\u00f3n P\u00fablica","description":"Ciudad Ju\u00e1rez, Chih .- En un esfuerzo en conjunto entre el Instituto de Innovaci\u00f3n y Competitividad y el Instituto Mexicano de la Propiedad Industrial (IMPI) se"},"footnotes":""},"categories":[5],"tags":[],"class_list":["post-18880","post","type-post","status-publish","format-standard","has-post-thumbnail","hentry","category-frontera"],"acf":[],"_links":{"self":[{"href":"https:\/\/www.opinionpublica.tv\/portada\/wp-json\/wp\/v2\/posts\/18880","targetHints":{"allow":["GET"]}}],"collection":[{"href":"https:\/\/www.opinionpublica.tv\/portada\/wp-json\/wp\/v2\/posts"}],"about":[{"href":"https:\/\/www.opinionpublica.tv\/portada\/wp-json\/wp\/v2\/types\/post"}],"author":[{"embeddable":true,"href":"https:\/\/www.opinionpublica.tv\/portada\/wp-json\/wp\/v2\/users\/6"}],"replies":[{"embeddable":true,"href":"https:\/\/www.opinionpublica.tv\/portada\/wp-json\/wp\/v2\/comments?post=18880"}],"version-history":[{"count":0,"href":"https:\/\/www.opinionpublica.tv\/portada\/wp-json\/wp\/v2\/posts\/18880\/revisions"}],"wp:featuredmedia":[{"embeddable":true,"href":"https:\/\/www.opinionpublica.tv\/portada\/wp-json\/wp\/v2\/media\/18879"}],"wp:attachment":[{"href":"https:\/\/www.opinionpublica.tv\/portada\/wp-json\/wp\/v2\/media?parent=18880"}],"wp:term":[{"taxonomy":"category","embeddable":true,"href":"https:\/\/www.opinionpublica.tv\/portada\/wp-json\/wp\/v2\/categories?post=18880"},{"taxonomy":"post_tag","embeddable":true,"href":"https:\/\/www.opinionpublica.tv\/portada\/wp-json\/wp\/v2\/tags?post=18880"}],"curies":[{"name":"wp","href":"https:\/\/api.w.org\/{rel}","templated":true}]}}