{"id":18872,"date":"2019-02-27T07:00:00","date_gmt":"2019-02-27T06:00:00","guid":{"rendered":"https:\/\/www.opinionpublica.tv\/portada\/2019\/02\/27\/un-presidente-estadista-y-una-oposicion-efectiva\/"},"modified":"2019-02-27T07:00:00","modified_gmt":"2019-02-27T06:00:00","slug":"un-presidente-estadista-y-una-oposicion-efectiva","status":"publish","type":"post","link":"https:\/\/www.opinionpublica.tv\/portada\/un-presidente-estadista-y-una-oposicion-efectiva\/","title":{"rendered":"Un presidente estadista y una oposici\u00f3n efectiva"},"content":{"rendered":"<p style=\"text-align: justify;\">El t\u00edtulo de esta columna expresa m\u00e1s que una cr\u00edtica un real deseo que infiero queremos todos los mexicanos. Se nos ha dicho que estamos entrando hacia un nuevo r\u00e9gimen pol\u00edtico, que vamos a tener una transformaci\u00f3n en el pa\u00eds, pero lo que realmente veo, hasta ahora, es a un presidente de la Rep\u00fablica que sigue inmerso en una eterna campa\u00f1a, como que la inercia de sus 18 a\u00f1os de persecuci\u00f3n de su sue\u00f1o no lo han dejado parar en ese intenso deseo. Pero es necesario que nuestro personaje principal de la pol\u00edtica nacional se serene y se convierta en un estadista que vele por el bien com\u00fan de la Naci\u00f3n.<\/p>\n<p><!--more--><\/p>\n<p style=\"text-align: justify;\">Respecto a la oposici\u00f3n, tambi\u00e9n parece ser que la misma est\u00e1 empe\u00f1ada para tratar de ganar las siguientes elecciones que ser\u00e1n en un poco menos de tres a\u00f1os, sin comprender que lo que necesitamos en M\u00e9xico es un aut\u00e9ntico contrapeso al enorme poder del presidente con sus gigantescos niveles de popularidad, pero que van inversamente proporcional con sus grados de efectividad para la generaci\u00f3n del bien com\u00fan en nuestro pa\u00eds.<\/p>\n<p style=\"text-align: justify;\">AMLO tienen que concentrar sus energ\u00edas en generar paz en el pa\u00eds. Su discurso de paz es excelente, pero los resultados hasta ahora son nulos y todo indica que se mueven en sentido contrario. Sin embargo, seamos positivos y veamos temas como el de la Guardia Nacional. La oposici\u00f3n siempre se movi\u00f3 en contra de aplicar el llamado \u201cestado de fuerza\u201d, para la soluci\u00f3n de los problemas de inseguridad imperantes.<\/p>\n<p style=\"text-align: justify;\">Es decir, hacer uso de la leg\u00edtima violencia del Estado para impedir que contin\u00fae la violencia imperante entre narcotraficantes, con las feamente llamada consecuencias \u201ccolaterales\u201d, que son los decesos de la poblaci\u00f3n civil que se atraviesa en su camino, o los otros da\u00f1os, m\u00e1s que colaterales, sino consecuenciales derivados de la proliferaci\u00f3n de otros delitos que crecen al amparo del caos e impunidad imperante; me refiero a los asaltos a transe\u00fantes, a veh\u00edculos y casas habitaci\u00f3n, a las extorciones y secuestros, a los robos de combustible y de mercanc\u00edas en transito hacia y desde los puntos de producci\u00f3n y distribuci\u00f3n.<\/p>\n<p style=\"text-align: justify;\">Para AMLO todo se solucionar\u00e1 con paz y amor, pero quiere aplicar (sin decirlo) la violencia leg\u00edtima del Estado con la Guardia Nacional.<\/p>\n<p style=\"text-align: justify;\">Al respecto, se provoc\u00f3 una inusitada unanimidad en la C\u00e1mara de Senadores, en la reforma constitucional para la aprobaci\u00f3n de la Guardia Nacional con mando civil, para que de inmediato el presidente empezara a interpretar que eso no le impide poner a un militar para dirigirla. Es decir, con eso se prueba una vez m\u00e1s de que en M\u00e9xico no importa lo que diga la ley, lo que importa es lo que diga el presidente, m\u00e1s a\u00fan el que actualmente tenemos.<\/p>\n<p style=\"text-align: justify;\">Realmente todos queremos que L\u00f3pez Obrador se convierta en el transformador de M\u00e9xico, y no me cabe la menor duda de que lo va a lograr. Pero queremos que esa transformaci\u00f3n genere paz y seguridad, orden, inversi\u00f3n y generaci\u00f3n de riqueza, bienestar para la poblaci\u00f3n en condiciones de libertad que nos permita a los mexicanos crecer en lo individual para realizar los anhelos de nuestras vidas y las de nuestras familias, que haga que M\u00e9xico sea el pa\u00eds m\u00e1s visitado del mundo y que produzcamos los mejores talentos cient\u00edficos, culturales y art\u00edsticos porque brindemos las mejores condiciones de vida.<\/p>\n<p style=\"text-align: justify;\">Pero si esa transformaci\u00f3n que realizar\u00e1 nuestro presidente nos lleva a un desastre econ\u00f3mico, en donde se genere m\u00e1s pobreza en donde se distribuya la miseria y huya la riqueza, en donde se acaben las inversiones y se generen millones de personas ganando una miseria que les de el gobierno porque no alcance a nada por las devaluaciones y la inflaci\u00f3n, en donde haya carest\u00eda y p\u00e9rdida de libertad individual porque haya que ce\u00f1irse a las ocurrencias de la voluntad del gobernante, que genere una fuga masiva de capitales econ\u00f3micos y humanos que nos mueva a violencia y golpes de Estado; entonces, es necesario que, para evitarlo, tengamos una oposici\u00f3n efectiva, cosa que distamos mucho de tener.<\/p>\n<p style=\"text-align: justify;\">Por todo ello, lo ideal es que nuestro presidente sea un estadista que se impulse por una oposici\u00f3n efectiva y no una que nada m\u00e1s es contestataria y no propositiva. Es por ello necesario aprovechar en este momento de la historia de M\u00e9xico el gran liderazgo de nuestro presidente para impulsarlo a generar la gran transformaci\u00f3n que M\u00e9xico merece. Ella no ser\u00e1 posible con una sociedad expectante del \u201chaber qu\u00e9 pasa\u201d, y una oposici\u00f3n grilla que todo lo critica sin que proponga nada, y una sociedad civil que se agacha ante los embates y desplantes del presidente.<\/p>\n<p style=\"text-align: justify;\">Por esto es indispensable que despertemos y que, junto con nuestro presidente, hagamos todos de M\u00e9xico una gran Naci\u00f3n.<\/p>\n","protected":false},"excerpt":{"rendered":"<p>El t\u00edtulo de esta columna expresa m\u00e1s que una cr\u00edtica un real deseo que infiero queremos todos los mexicanos. Se nos ha dicho que estamos entrando hacia un nuevo r\u00e9gimen pol\u00edtico, que vamos a tener una transformaci\u00f3n en el pa\u00eds, pero lo que realmente veo, hasta ahora, es a un presidente de la Rep\u00fablica que [&hellip;]<\/p>\n","protected":false},"author":6,"featured_media":0,"comment_status":"open","ping_status":"open","sticky":false,"template":"","format":"standard","meta":{"_acf_changed":false,"_monsterinsights_skip_tracking":false,"slim_seo":{"title":"Un presidente estadista y una oposici\u00f3n efectiva - Opini\u00f3n P\u00fablica","description":"El t\u00edtulo de esta columna expresa m\u00e1s que una cr\u00edtica un real deseo que infiero queremos todos los mexicanos. Se nos ha dicho que estamos entrando hacia un nuev"},"footnotes":""},"categories":[17],"tags":[],"class_list":["post-18872","post","type-post","status-publish","format-standard","hentry","category-ultima-instancia"],"acf":[],"_links":{"self":[{"href":"https:\/\/www.opinionpublica.tv\/portada\/wp-json\/wp\/v2\/posts\/18872","targetHints":{"allow":["GET"]}}],"collection":[{"href":"https:\/\/www.opinionpublica.tv\/portada\/wp-json\/wp\/v2\/posts"}],"about":[{"href":"https:\/\/www.opinionpublica.tv\/portada\/wp-json\/wp\/v2\/types\/post"}],"author":[{"embeddable":true,"href":"https:\/\/www.opinionpublica.tv\/portada\/wp-json\/wp\/v2\/users\/6"}],"replies":[{"embeddable":true,"href":"https:\/\/www.opinionpublica.tv\/portada\/wp-json\/wp\/v2\/comments?post=18872"}],"version-history":[{"count":0,"href":"https:\/\/www.opinionpublica.tv\/portada\/wp-json\/wp\/v2\/posts\/18872\/revisions"}],"wp:attachment":[{"href":"https:\/\/www.opinionpublica.tv\/portada\/wp-json\/wp\/v2\/media?parent=18872"}],"wp:term":[{"taxonomy":"category","embeddable":true,"href":"https:\/\/www.opinionpublica.tv\/portada\/wp-json\/wp\/v2\/categories?post=18872"},{"taxonomy":"post_tag","embeddable":true,"href":"https:\/\/www.opinionpublica.tv\/portada\/wp-json\/wp\/v2\/tags?post=18872"}],"curies":[{"name":"wp","href":"https:\/\/api.w.org\/{rel}","templated":true}]}}