{"id":18849,"date":"2019-02-19T07:00:00","date_gmt":"2019-02-19T06:00:00","guid":{"rendered":"https:\/\/www.opinionpublica.tv\/portada\/2019\/02\/19\/consejo-para-impulsar-la-inversion-y-el-crecimiento-economico\/"},"modified":"2019-02-19T07:00:00","modified_gmt":"2019-02-19T06:00:00","slug":"consejo-para-impulsar-la-inversion-y-el-crecimiento-economico","status":"publish","type":"post","link":"https:\/\/www.opinionpublica.tv\/portada\/consejo-para-impulsar-la-inversion-y-el-crecimiento-economico\/","title":{"rendered":"Consejo para impulsar la inversi\u00f3n y el crecimiento econ\u00f3mico"},"content":{"rendered":"<p style=\"text-align: justify;\">Este lunes 18 de febrero el presidente L\u00f3pez Obrador junt\u00f3 a la que se dice, \u201clas fuerzas vivas del pa\u00eds\u201d, en un gran evento en donde anuncia la creaci\u00f3n del <em>Consejo para Impulsar la Inversi\u00f3n y el Crecimiento Econ\u00f3mico<\/em>. El mismo AMLO dijo que todos los gobiernos hab\u00edan creado consejos similares, pero que no hab\u00edan tenido \u00e9xito sus acciones y que por m\u00e1s de 30 a\u00f1os hemos tenido un crecimiento pobre, del 2% anual en promedio, uno de los m\u00e1s bajos del mundo y que si tomamos en cuenta el crecimiento de la poblaci\u00f3n, la econom\u00eda en t\u00e9rminos de las necesidades de la gente, no ha crecido.<\/p>\n<p><!--more--><\/p>\n<p style=\"text-align: justify;\">Me pregunto, \u00bfpor qu\u00e9 ahora s\u00ed debemos de creer que este Consejo va a ser efectivo? No me voy a poner a decir cosas malas del gobierno de L\u00f3pez Obrador, aunque s\u00ed he expresado en mis columnas anteriores decepci\u00f3n de muchas de las acciones u omisiones inadecuadas en que el nuevo gobierno est\u00e1 incurriendo, sino que expresar\u00e9 mi humilde opini\u00f3n de cu\u00e1les son las cosas que son indispensable realizar para que este crecimiento econ\u00f3mico realmente se lleve a cabo.<\/p>\n<p style=\"text-align: justify;\">Bajar el nivel impositivo que existe que estrangula la inversi\u00f3n y a los contribuyentes cautivos. M\u00e9xico es uno de los pa\u00edses del mundo con mayor carga impositiva. As\u00ed tenemos, el ISR a tasas superiores al 30%, IVA a tasas del 16%, el IEPS, as\u00ed como la carga contributiva de las cuotas al IMSS, la carga fija del PTU, sin ning\u00fan requisito de desempe\u00f1o ni deducci\u00f3n, adem\u00e1s los peajes, derechos vehiculares, impuestos a los veh\u00edculos nuevos, m\u00e1s los impuestos locales.<\/p>\n<p style=\"text-align: justify;\">Impositivamente, los mexicanos tenemos una carga tributaria enorme. Y me refiero a los mexicanos que pagamos impuestos. Porque, por otro lado, hay una enorme masa de poblaci\u00f3n que produce ingresos y no paga un solo centavo en impuestos, nada m\u00e1s el IVA, como consumidores, ya que operan en la llamada econom\u00eda informal. Esa poblaci\u00f3n tiene que pagar impuestos, aunque sean bajos. Al a\u00f1adirse a la formalidad, se crear\u00edan grandes sinergias econ\u00f3micas que ahora no existen por tener esa econom\u00eda subterr\u00e1nea.<\/p>\n<p style=\"text-align: justify;\">Pero adem\u00e1s de esta gran carga impositiva que tenemos, sufrimos de tener un sistema fiscal muy complicado e injusto que pone una y mil trabas para las deducciones.<\/p>\n<p style=\"text-align: justify;\">Es indispensable verdaderamente hacer una simplificaci\u00f3n administrativa tanto para el cobro de los impuestos como para la operaci\u00f3n de las empresas. El Instituto Mexicano para la Competitividad (IMCO) ha hecho sendos estudios al respecto, y la carga administrativa que tienen las empresas en nuestro pa\u00eds es enorme. Todo esto aumenta los costos para operar una empresa y se presta a que haya corrupci\u00f3n. El hecho de que nuestro presidente sea muy honesto no nos garantiza en lo absoluto que la corrupci\u00f3n se vaya a acabar. En s\u00ed los costos de la corrupci\u00f3n son altos, para luego darle incentivo y aliento con los tr\u00e1mites administrativos complicados que son el caldo de cultivo de la misma corrupci\u00f3n.<\/p>\n<p style=\"text-align: justify;\">Deshacer el entramado de impedimentos de entrada al emprendimiento y eliminar a los monopolios y a las pr\u00e1cticas monop\u00f3licas absolutas y relativas. Los monopolios en M\u00e9xico se crearon como pol\u00edtica de Estado en la \u00e9poca del Desarrollo Estabilizador. Con la apertura de la econom\u00eda desde la \u00e9poca del presidente de la Madrid y con el presidente Salinas, aunque se abri\u00f3 la econom\u00eda hacia el exterior, se mantuvieron innumerables monopolios y pr\u00e1cticas monop\u00f3licas que controlan gran parte de la econom\u00eda interior del pa\u00eds.<\/p>\n<p style=\"text-align: justify;\">En adici\u00f3n a la ayuda que otorga el gobierno a los monopolios, con la interposici\u00f3n de barreras de entrada para la apertura de nuevas inversiones y negocios, no podemos aspirar al crecimiento econ\u00f3mico acelerado con estos impedimentos para tener un mercado sano y para abatir costos para operar en nuestro pa\u00eds, ya que los monopolios y sus pr\u00e1cticas lo que hacen es crear mercados protegidos para unos cuantos en detrimento de mantener costos competitivos para el desarrollo sano de los negocios.<\/p>\n<p style=\"text-align: justify;\">Debemos asegurar que haya un sano estado de derecho. Sin un sistema legal estable que garantice la continuidad de lo bueno en el pa\u00eds y las condiciones de mercado para realizar inversiones sanas, sin resoluciones judiciales que protejan intereses pol\u00edticos y de grupos econ\u00f3micos en muchas ocasiones coludidos con los pol\u00edticos, as\u00ed como a los caciques locales o al partido gobernante, no podemos mandar se\u00f1ales claras para que los inversionistas y los agentes financieros no nos pidan cuotas extras que aumentan nuestros costos y disminuyen nuestra competitividad por los altos riesgos de trabajar en un pa\u00eds con inestabilidad jur\u00eddica.<\/p>\n<p style=\"text-align: justify;\">Conclusi\u00f3n: estos aspectos y muchos m\u00e1s son necesarios corregir para hacer crecer en nuestra econom\u00eda a los niveles deseados. Esperamos que el nuevo Consejo formado ahora s\u00ed cumpla con su cometido.<\/p>\n","protected":false},"excerpt":{"rendered":"<p>Este lunes 18 de febrero el presidente L\u00f3pez Obrador junt\u00f3 a la que se dice, \u201clas fuerzas vivas del pa\u00eds\u201d, en un gran evento en donde anuncia la creaci\u00f3n del Consejo para Impulsar la Inversi\u00f3n y el Crecimiento Econ\u00f3mico. El mismo AMLO dijo que todos los gobiernos hab\u00edan creado consejos similares, pero que no hab\u00edan [&hellip;]<\/p>\n","protected":false},"author":6,"featured_media":0,"comment_status":"open","ping_status":"open","sticky":false,"template":"","format":"standard","meta":{"_acf_changed":false,"_monsterinsights_skip_tracking":false,"slim_seo":{"title":"Consejo para impulsar la inversi\u00f3n y el crecimiento econ\u00f3mico - Opini\u00f3n P\u00fablica","description":"Este lunes 18 de febrero el presidente L\u00f3pez Obrador junt\u00f3 a la que se dice, \u201clas fuerzas vivas del pa\u00eds\u201d, en un gran evento en donde anuncia la creaci\u00f3n del Co"},"footnotes":""},"categories":[17],"tags":[],"class_list":["post-18849","post","type-post","status-publish","format-standard","hentry","category-ultima-instancia"],"acf":[],"_links":{"self":[{"href":"https:\/\/www.opinionpublica.tv\/portada\/wp-json\/wp\/v2\/posts\/18849","targetHints":{"allow":["GET"]}}],"collection":[{"href":"https:\/\/www.opinionpublica.tv\/portada\/wp-json\/wp\/v2\/posts"}],"about":[{"href":"https:\/\/www.opinionpublica.tv\/portada\/wp-json\/wp\/v2\/types\/post"}],"author":[{"embeddable":true,"href":"https:\/\/www.opinionpublica.tv\/portada\/wp-json\/wp\/v2\/users\/6"}],"replies":[{"embeddable":true,"href":"https:\/\/www.opinionpublica.tv\/portada\/wp-json\/wp\/v2\/comments?post=18849"}],"version-history":[{"count":0,"href":"https:\/\/www.opinionpublica.tv\/portada\/wp-json\/wp\/v2\/posts\/18849\/revisions"}],"wp:attachment":[{"href":"https:\/\/www.opinionpublica.tv\/portada\/wp-json\/wp\/v2\/media?parent=18849"}],"wp:term":[{"taxonomy":"category","embeddable":true,"href":"https:\/\/www.opinionpublica.tv\/portada\/wp-json\/wp\/v2\/categories?post=18849"},{"taxonomy":"post_tag","embeddable":true,"href":"https:\/\/www.opinionpublica.tv\/portada\/wp-json\/wp\/v2\/tags?post=18849"}],"curies":[{"name":"wp","href":"https:\/\/api.w.org\/{rel}","templated":true}]}}