{"id":18815,"date":"2019-02-15T07:00:00","date_gmt":"2019-02-15T06:00:00","guid":{"rendered":"https:\/\/www.opinionpublica.tv\/portada\/2019\/02\/15\/despertad-colegas-un-reto-a-ser-cabales\/"},"modified":"2019-02-15T07:00:00","modified_gmt":"2019-02-15T06:00:00","slug":"despertad-colegas-un-reto-a-ser-cabales","status":"publish","type":"post","link":"https:\/\/www.opinionpublica.tv\/portada\/despertad-colegas-un-reto-a-ser-cabales\/","title":{"rendered":"\u00a1Despertad colegas! Un reto a ser cabales"},"content":{"rendered":"<img decoding=\"async\" class=\" size-full wp-image-18814\" src=\"https:\/\/www.opinionpublica.tv\/portada\/wp-content\/uploads\/2019\/02\/c4e57b00be5235752f3457e882338d47.jpg\" alt=\"\" class=\"caption\" title=\"Juli\u00e1n Gonz\u00e1lez-Herrell.\" width=\"196\" height=\"224\" \/>\n<p style=\"text-align: justify;\">El Llamado. El reto m\u00e1s grande y el cual deb\u00edamos de implantarlo como un proyecto de vida y como una de nuestras principales tareas siendo miembros y operarios del sistema jur\u00eddico, viene a ser nada m\u00e1s y nada menos que el luchar por la justicia.<\/p>\n<p><!--more--><\/p>\n<p style=\"text-align: justify;\">Proponernos dicho reto implica llevar a cabo un ejercicio hacia nuestro interior con una verdadera postura firme contra la adversidad, ya que nos veremos a la vez retados en cada momento por aquellos que a la justicia no le tienen el m\u00e1s m\u00ednimo respeto o apreciaci\u00f3n.<\/p>\n<p style=\"text-align: justify;\">Debe ser totalmente inaceptable para nosotros los operarios del derecho, el ser complacientes, pusil\u00e1nimes y timoratos en trat\u00e1ndose de la persecuci\u00f3n constante de la justicia. Dicha persecuci\u00f3n debe ser feroz y no s\u00f3lo a la justicia social en general, sino tambi\u00e9n la justicia material para el justiciable.<\/p>\n<p style=\"text-align: justify;\">Dicho de otra manera, no debemos arrodillarnos frente a la adversidad y los vicios, las idiosincrasias, la ignorancia, la apat\u00eda, y a todo y a todos aquellos que culturalmente frenen o de alguna manera nieguen los ideales de la justica. Para hacer frente a lo anterior, debemos erguirnos firmes y no debemos tomar la postura f\u00e1cil y sencilla de arrodillarnos.<\/p>\n<p style=\"text-align: justify;\">Tan no debemos permitir arrodillarnos o que nos arrodillen, que invito a reflexionar la narrativa del Libro de Ezequiel, cuando nuestro Creador primero se acerca al ensimismado Profeta, y el Creador le dice, \u201clev\u00e1ntate y ponte de pie, para que pueda Yo hablarte\u201d (Ezequiel 2:1).<\/p>\n<p style=\"text-align: justify;\">Cuantas veces, abogados en lo particular o colegios o barras de abogados alzamos la voz y denunciamos lo que est\u00e1 mal en nuestro sistema jur\u00eddico, e igualmente lo que est\u00e1 mal con las autoridades, los jueces o en todos aquellos de que de una manera u otra toman decisiones para con los ciudadanos afect\u00e1ndoles negativamente en su persona, en su vida, en su integridad, en su honor, en su patrimonio, etc\u00e9tera.<\/p>\n<p style=\"text-align: justify;\">Estos ejercicios de denuncia y de alzar la voz son loables y hasta pensamos que somos buenas personas e incluso excelentes o brillantes defensores de las causas. Nada de esto podr\u00eda estar m\u00e1s lejos de la verdad y de la realidad. Lo que verdaderamente tiene valor y lo cual nos har\u00eda verdaderamente valiosos y buenos defensores, viene a ser precisamente \u201cla acci\u00f3n\u201d y \u201clos resultados\u201d.<\/p>\n<p style=\"text-align: justify;\">Esto es, en la forma y medida en que logremos \u201cun cambio\u201d, un verdadero cambio. En este rubro, m\u00e1s que el impulso y la inspiraci\u00f3n lo que necesitamos es poner en pr\u00e1ctica las protecciones y barreras que el derecho nos ofrece ya que mediante el derecho nuestras aspiraciones de justicia ascienden y en un momento dado se convierten en realidades.<\/p>\n<p style=\"text-align: justify;\">El quid de todo este asunto es \u201ccambiar al mundo\u201d, ya lo dec\u00eda Margaret Mead. \u201c..Nunca dudes que un peque\u00f1o grupo de personas interesadas pueden cambiar el mundo\u201d. Y pregunto: \u00bfSi no ahora, cu\u00e1ndo? \u00bfSi no nosotros, quienes?<\/p>\n","protected":false},"excerpt":{"rendered":"<p>El Llamado. El reto m\u00e1s grande y el cual deb\u00edamos de implantarlo como un proyecto de vida y como una de nuestras principales tareas siendo miembros y operarios del sistema jur\u00eddico, viene a ser nada m\u00e1s y nada menos que el luchar por la justicia.<\/p>\n","protected":false},"author":6,"featured_media":18814,"comment_status":"open","ping_status":"open","sticky":false,"template":"","format":"standard","meta":{"_acf_changed":false,"_monsterinsights_skip_tracking":false,"slim_seo":{"title":"\u00a1Despertad colegas! Un reto a ser cabales - Opini\u00f3n P\u00fablica","description":"El Llamado. El reto m\u00e1s grande y el cual deb\u00edamos de implantarlo como un proyecto de vida y como una de nuestras principales tareas siendo miembros y operarios"},"footnotes":""},"categories":[37],"tags":[],"class_list":["post-18815","post","type-post","status-publish","format-standard","has-post-thumbnail","hentry","category-boker-tov"],"acf":[],"_links":{"self":[{"href":"https:\/\/www.opinionpublica.tv\/portada\/wp-json\/wp\/v2\/posts\/18815","targetHints":{"allow":["GET"]}}],"collection":[{"href":"https:\/\/www.opinionpublica.tv\/portada\/wp-json\/wp\/v2\/posts"}],"about":[{"href":"https:\/\/www.opinionpublica.tv\/portada\/wp-json\/wp\/v2\/types\/post"}],"author":[{"embeddable":true,"href":"https:\/\/www.opinionpublica.tv\/portada\/wp-json\/wp\/v2\/users\/6"}],"replies":[{"embeddable":true,"href":"https:\/\/www.opinionpublica.tv\/portada\/wp-json\/wp\/v2\/comments?post=18815"}],"version-history":[{"count":0,"href":"https:\/\/www.opinionpublica.tv\/portada\/wp-json\/wp\/v2\/posts\/18815\/revisions"}],"wp:featuredmedia":[{"embeddable":true,"href":"https:\/\/www.opinionpublica.tv\/portada\/wp-json\/wp\/v2\/media\/18814"}],"wp:attachment":[{"href":"https:\/\/www.opinionpublica.tv\/portada\/wp-json\/wp\/v2\/media?parent=18815"}],"wp:term":[{"taxonomy":"category","embeddable":true,"href":"https:\/\/www.opinionpublica.tv\/portada\/wp-json\/wp\/v2\/categories?post=18815"},{"taxonomy":"post_tag","embeddable":true,"href":"https:\/\/www.opinionpublica.tv\/portada\/wp-json\/wp\/v2\/tags?post=18815"}],"curies":[{"name":"wp","href":"https:\/\/api.w.org\/{rel}","templated":true}]}}