{"id":18798,"date":"2019-02-14T07:00:00","date_gmt":"2019-02-14T06:00:00","guid":{"rendered":"https:\/\/www.opinionpublica.tv\/portada\/2019\/02\/14\/lopez-obrador-abrira-al-publico-expedientes-secretos-de-la-policia-federal-y-el-cisen\/"},"modified":"2019-02-14T07:00:00","modified_gmt":"2019-02-14T06:00:00","slug":"lopez-obrador-abrira-al-publico-expedientes-secretos-de-la-policia-federal-y-el-cisen","status":"publish","type":"post","link":"https:\/\/www.opinionpublica.tv\/portada\/lopez-obrador-abrira-al-publico-expedientes-secretos-de-la-policia-federal-y-el-cisen\/","title":{"rendered":"L\u00f3pez Obrador abrir\u00e1 al p\u00fablico expedientes secretos de la Polic\u00eda Federal y el Cisen"},"content":{"rendered":"<p><img fetchpriority=\"high\" decoding=\"async\" class=\" size-full wp-image-18797\" src=\"https:\/\/www.opinionpublica.tv\/portada\/wp-content\/uploads\/2019\/02\/56454570de0afb3ffc4a93d12bedd535.jpg\" alt=\"\" class=\"caption\" title=\"Andr\u00e9s Manuel L\u00f3pez Obrador, presidente de M\u00e9xico.\" width=\"1200\" height=\"600\" srcset=\"https:\/\/www.opinionpublica.tv\/portada\/wp-content\/uploads\/2019\/02\/56454570de0afb3ffc4a93d12bedd535.jpg 1200w, https:\/\/www.opinionpublica.tv\/portada\/wp-content\/uploads\/2019\/02\/56454570de0afb3ffc4a93d12bedd535-300x150.jpg 300w, https:\/\/www.opinionpublica.tv\/portada\/wp-content\/uploads\/2019\/02\/56454570de0afb3ffc4a93d12bedd535-1024x512.jpg 1024w, https:\/\/www.opinionpublica.tv\/portada\/wp-content\/uploads\/2019\/02\/56454570de0afb3ffc4a93d12bedd535-768x384.jpg 768w\" sizes=\"(max-width: 1200px) 100vw, 1200px\" \/><br \/>\n<!--more--><\/p>\n<p style=\"text-align: justify;\"><em>Ciudad de M\u00e9xico<\/em>.- El presidente Andr\u00e9s Manuel L\u00f3pez Obrador anunci\u00f3 que en los pr\u00f3ximos d\u00edas presentar\u00e1 una iniciativa para abrir al p\u00fablico los expedientes secretos de la Polic\u00eda Federal y el Centro de Investigaci\u00f3n y Seguridad Nacional (Cisen).<\/p>\n<p style=\"text-align: justify;\">En conferencia de prensa matutina desde el Palacio Nacional, el jefe del Ejecutivo Federal dio a conocer que hab\u00eda archivos inaccesibles en el Archivo General de la Naci\u00f3n, inclusive para el director de esta dependencia.<\/p>\n<p style=\"text-align: justify;\">Reiter\u00f3 que el espionaje pol\u00edtico se acab\u00f3 en su sexenio y que se velar\u00e1 para que se transparenten lo archivos que no correspondan a la seguridad nacional.<\/p>\n<p style=\"text-align: justify;\">\u00abSoy partidario de la transparencia, pero no del espionaje pol\u00edtico. El Cisen ten\u00eda mi expediente desde que empec\u00e9 en Tabasco\u00bb, destac\u00f3.<\/p>\n<p style=\"text-align: justify;\">Inai reserva informaci\u00f3n de Odebrecht<\/p>\n<p style=\"text-align: justify;\">El presidente mostr\u00f3 los expedientes que el Instituto Nacional de Transparencia, Acceso a la Informaci\u00f3n y Protecci\u00f3n de Datos Personales (INAI) se ha negado a revelar sobre las investigaciones del caso Odebrecht.<\/p>\n<p style=\"text-align: justify;\">Entre ellas est\u00e1n las solicitudes a la Procuradur\u00eda General dela Rep\u00fablica (PGR), Petr\u00f3leos M\u00e9xico (Pemex) y otras dependencias relacionadas para conocer las l\u00edneas de investigaci\u00f3n sobre este caso de sobornos a funcionarios a nivel internacional.<\/p>\n<p style=\"text-align: justify;\">\u201cEn efecto el instituto de transparencia neg\u00f3 la apertura del caso de Odebrecht mucho tiempo, se abri\u00f3 sobre todo luego de la elecci\u00f3n del 1 de julio porque nosotros lo ven\u00edamos denunciando\u201d, explic\u00f3.<\/p>\n<p style=\"text-align: justify;\">Pide AMLO no estigmatizar a los pueblos<\/p>\n<p style=\"text-align: justify;\">Sobre la visita a Badiraguato, Sinaloa, tierra de Joaqu\u00edn \u201cEl Chapo\u201d Guzm\u00e1n, el presidente pidi\u00f3 no estigmatizar a un pueblo ya que sus pobladores merecen respeto.<\/p>\n<p style=\"text-align: justify;\">\u201cMa\u00f1ana voy a Badiraguato porque uno se va a construir una carretera; dos, se va a crear una universidad con especialidad en el fomento a la actividad forestal, y tres, vamos a lanzar el programa sembrando vida, vamos a sembrar 50 mil hect\u00e1reas\u201d, indic\u00f3.<\/p>\n","protected":false},"excerpt":{"rendered":"","protected":false},"author":6,"featured_media":18797,"comment_status":"open","ping_status":"open","sticky":false,"template":"","format":"standard","meta":{"_acf_changed":false,"_monsterinsights_skip_tracking":false,"slim_seo":{"title":"L\u00f3pez Obrador abrir\u00e1 al p\u00fablico expedientes secretos de la Polic\u00eda Federal y el Cisen - Opini\u00f3n P\u00fablica","description":"Ciudad de M\u00e9xico .- El presidente Andr\u00e9s Manuel L\u00f3pez Obrador anunci\u00f3 que en los pr\u00f3ximos d\u00edas presentar\u00e1 una iniciativa para abrir al p\u00fablico los expedientes s"},"footnotes":""},"categories":[3],"tags":[],"class_list":["post-18798","post","type-post","status-publish","format-standard","has-post-thumbnail","hentry","category-principal"],"acf":[],"_links":{"self":[{"href":"https:\/\/www.opinionpublica.tv\/portada\/wp-json\/wp\/v2\/posts\/18798","targetHints":{"allow":["GET"]}}],"collection":[{"href":"https:\/\/www.opinionpublica.tv\/portada\/wp-json\/wp\/v2\/posts"}],"about":[{"href":"https:\/\/www.opinionpublica.tv\/portada\/wp-json\/wp\/v2\/types\/post"}],"author":[{"embeddable":true,"href":"https:\/\/www.opinionpublica.tv\/portada\/wp-json\/wp\/v2\/users\/6"}],"replies":[{"embeddable":true,"href":"https:\/\/www.opinionpublica.tv\/portada\/wp-json\/wp\/v2\/comments?post=18798"}],"version-history":[{"count":0,"href":"https:\/\/www.opinionpublica.tv\/portada\/wp-json\/wp\/v2\/posts\/18798\/revisions"}],"wp:featuredmedia":[{"embeddable":true,"href":"https:\/\/www.opinionpublica.tv\/portada\/wp-json\/wp\/v2\/media\/18797"}],"wp:attachment":[{"href":"https:\/\/www.opinionpublica.tv\/portada\/wp-json\/wp\/v2\/media?parent=18798"}],"wp:term":[{"taxonomy":"category","embeddable":true,"href":"https:\/\/www.opinionpublica.tv\/portada\/wp-json\/wp\/v2\/categories?post=18798"},{"taxonomy":"post_tag","embeddable":true,"href":"https:\/\/www.opinionpublica.tv\/portada\/wp-json\/wp\/v2\/tags?post=18798"}],"curies":[{"name":"wp","href":"https:\/\/api.w.org\/{rel}","templated":true}]}}