{"id":18625,"date":"2019-01-08T07:00:00","date_gmt":"2019-01-08T06:00:00","guid":{"rendered":"https:\/\/www.opinionpublica.tv\/portada\/2019\/01\/08\/detienen-en-chihuahua-a-marcelo-gonzalez-tachiquin-ex-secretario-de-cesar-duarte\/"},"modified":"2019-01-08T07:00:00","modified_gmt":"2019-01-08T06:00:00","slug":"detienen-en-chihuahua-a-marcelo-gonzalez-tachiquin-ex-secretario-de-cesar-duarte","status":"publish","type":"post","link":"https:\/\/www.opinionpublica.tv\/portada\/detienen-en-chihuahua-a-marcelo-gonzalez-tachiquin-ex-secretario-de-cesar-duarte\/","title":{"rendered":"Detienen en Chihuahua a Marcelo Gonz\u00e1lez Tachiqu\u00edn, ex secretario de C\u00e9sar Duarte"},"content":{"rendered":"<p><img fetchpriority=\"high\" decoding=\"async\" class=\" size-full wp-image-18624\" src=\"https:\/\/www.opinionpublica.tv\/portada\/wp-content\/uploads\/2019\/01\/1eb0236ad91dc3d393cb81b1a197a6ee.jpg\" alt=\"\" class=\"caption\" title=\"Cesar Duarte, ex gobernador de Chihuahua y Marcelo Gonz\u00e1lez Tachiqu\u00edn.\" width=\"640\" height=\"408\" srcset=\"https:\/\/www.opinionpublica.tv\/portada\/wp-content\/uploads\/2019\/01\/1eb0236ad91dc3d393cb81b1a197a6ee.jpg 640w, https:\/\/www.opinionpublica.tv\/portada\/wp-content\/uploads\/2019\/01\/1eb0236ad91dc3d393cb81b1a197a6ee-300x191.jpg 300w\" sizes=\"(max-width: 640px) 100vw, 640px\" \/><br \/>\n<!--more--><\/p>\n<p style=\"text-align: justify;\"><em>Chihuahua, Chih<\/em>.- Agentes de la Fiscal\u00eda General del Estado (FGE) detuvieron la noche de este martes al ex secretario de Educaci\u00f3n, Marcelo Gonz\u00e1lez Tachiqu\u00edn en la capital del Estado.<\/p>\n<p style=\"text-align: justify;\">Justo cuando el ex funcionario duartista iba llegando a su casa, los polic\u00edas ministeriales lo capturaron.<\/p>\n<p style=\"text-align: justify;\">El fiscal general del Estado, C\u00e9sar Augusto Peniche, confirm\u00f3 que el tambi\u00e9n ex secretario particular de C\u00e9sar Duarte, fue detenido por agentes de la corporaci\u00f3n, ante las investigaciones que se mantienen del operativo Justicia Para Chihuahua.<\/p>\n<p style=\"text-align: justify;\">Este mi\u00e9rcoles ser\u00e1 presentado ante el juez de Control por una acusaci\u00f3n en su contra de peculado agravado.<\/p>\n<p style=\"text-align: justify;\">Trascendi\u00f3 que el tambi\u00e9n es director de Pensiones fue traslado al Cereso de Aquiles Serd\u00e1n.<\/p>\n<p style=\"text-align: justify;\">Marcelo Gonz\u00e1lez Tachiqu\u00edn renunci\u00f3 al gobierno de Duarte en enero de 2016 y posteriormente tambi\u00e9n al Partido Revolucionario Institucional.<\/p>\n","protected":false},"excerpt":{"rendered":"","protected":false},"author":6,"featured_media":18624,"comment_status":"open","ping_status":"open","sticky":false,"template":"","format":"standard","meta":{"_acf_changed":false,"_monsterinsights_skip_tracking":false,"slim_seo":{"title":"Detienen en Chihuahua a Marcelo Gonz\u00e1lez Tachiqu\u00edn, ex secretario de C\u00e9sar Duarte - Opini\u00f3n P\u00fablica","description":"Chihuahua, Chih .- Agentes de la Fiscal\u00eda General del Estado (FGE) detuvieron la noche de este martes al ex secretario de Educaci\u00f3n, Marcelo Gonz\u00e1lez Tachiqu\u00edn"},"footnotes":""},"categories":[3],"tags":[],"class_list":["post-18625","post","type-post","status-publish","format-standard","has-post-thumbnail","hentry","category-principal"],"acf":[],"_links":{"self":[{"href":"https:\/\/www.opinionpublica.tv\/portada\/wp-json\/wp\/v2\/posts\/18625","targetHints":{"allow":["GET"]}}],"collection":[{"href":"https:\/\/www.opinionpublica.tv\/portada\/wp-json\/wp\/v2\/posts"}],"about":[{"href":"https:\/\/www.opinionpublica.tv\/portada\/wp-json\/wp\/v2\/types\/post"}],"author":[{"embeddable":true,"href":"https:\/\/www.opinionpublica.tv\/portada\/wp-json\/wp\/v2\/users\/6"}],"replies":[{"embeddable":true,"href":"https:\/\/www.opinionpublica.tv\/portada\/wp-json\/wp\/v2\/comments?post=18625"}],"version-history":[{"count":0,"href":"https:\/\/www.opinionpublica.tv\/portada\/wp-json\/wp\/v2\/posts\/18625\/revisions"}],"wp:featuredmedia":[{"embeddable":true,"href":"https:\/\/www.opinionpublica.tv\/portada\/wp-json\/wp\/v2\/media\/18624"}],"wp:attachment":[{"href":"https:\/\/www.opinionpublica.tv\/portada\/wp-json\/wp\/v2\/media?parent=18625"}],"wp:term":[{"taxonomy":"category","embeddable":true,"href":"https:\/\/www.opinionpublica.tv\/portada\/wp-json\/wp\/v2\/categories?post=18625"},{"taxonomy":"post_tag","embeddable":true,"href":"https:\/\/www.opinionpublica.tv\/portada\/wp-json\/wp\/v2\/tags?post=18625"}],"curies":[{"name":"wp","href":"https:\/\/api.w.org\/{rel}","templated":true}]}}