{"id":18623,"date":"2019-01-08T07:00:00","date_gmt":"2019-01-08T06:00:00","guid":{"rendered":"https:\/\/www.opinionpublica.tv\/portada\/2019\/01\/08\/el-gasolinazo-en-los-tiempos-de-la-4t\/"},"modified":"2019-01-08T07:00:00","modified_gmt":"2019-01-08T06:00:00","slug":"el-gasolinazo-en-los-tiempos-de-la-4t","status":"publish","type":"post","link":"https:\/\/www.opinionpublica.tv\/portada\/el-gasolinazo-en-los-tiempos-de-la-4t\/","title":{"rendered":"El gasolinazo en los tiempos de la 4T"},"content":{"rendered":"<p style=\"text-align: justify;\">El gasolinazo de la 4T \u2013el desabasto creciente\u2013 sin duda encuentra sus causas y or\u00edgenes en varios factores. Tal vez se descuidaron las importaciones de gasolina de Estados Unidos durante la transici\u00f3n en Pemex. Quiz\u00e1s el cierre de ductos para combatir el\u00a0<em>huachicol<\/em><em>\u00a0<\/em>sea s\u00f3lo temporal y pronto se arreglar\u00e1. Posiblemente hay un problema de estacionalidad, o de precios: la ca\u00edda en el Norte, la insuficiencia en el Centro y Baj\u00edo. O, si se quiere caer en el\u00a0<em>sospechosismo<\/em>, a lo mejor la respuesta se halla en el partido que gobierna las entidades m\u00e1s afectadas: PAN, PRI, MC o PRD en Jalisco, Michoac\u00e1n, Guanajuato, Quer\u00e9taro, Estado de M\u00e9xico. En fin, no hay por qu\u00e9 dudar de las explicaciones del gobierno\u00a0<em>a priori<\/em>, ni tampoco de verlas como suficientes en s\u00ed mismas.<\/p>\n<p><!--more--><\/p>\n<p style=\"text-align: justify;\">Partamos de que la explicaci\u00f3n es exactamente la que dio el gobierno. Aceptemos que el desabasto es consecuencia de una medida dizque acertada de combate a los\u00a0<em>huachicoleros<\/em>. Supongamos que r\u00e1pidamente el corte de suministro v\u00eda ductos, sustituido por pipas acabar\u00e1 con la orde\u00f1a, a un costo razonable y de modo duradero. \u00bfPor qu\u00e9 no se le ocurri\u00f3 a otros antes?<\/p>\n<p style=\"text-align: justify;\">Esta es una pregunta clave en este sexenio, aunque haya sido pertinente en muchos otros. En M\u00e9xico, debido a la falta de memoria ejecutiva, legislativa, judicial y de la sociedad, tendemos a descubrir el hilo negro o el agua tibia con gran frecuencia. La tendencia es producto del sistema sucesorio antes, y de la forma espec\u00edfica de la alternancia desde el a\u00f1o 2000. El dilema se puede sintetizar de la manera siguiente. Si a nadie se le ocurri\u00f3 una idea brillante antes (como cerrar los ductos), \u00bfa qu\u00e9 se debi\u00f3? AMLO responder\u00eda, por corruptos. Fox, por priistas. Calder\u00f3n, por c\u00f3mplices del narco. Pero es obvio que el asunto es m\u00e1s complejo.<\/p>\n<p style=\"text-align: justify;\">Doy un ejemplo de m\u00ednima importancia. Hace alg\u00fan tiempo me top\u00e9 en un vuelo internacional con uno de mis sucesores en la Canciller\u00eda. Me cont\u00f3, con orgullo, candor y colegialidad, que ven\u00eda de Turqu\u00eda, donde hab\u00eda pasado dos d\u00edas preparando la visita del presidente en turno. Me explic\u00f3 que se tratar\u00eda de la primera visita de un mandatario mexicano a ese pa\u00eds, pero que ese \u201cerror\u201d ya se iba a corregir. Le pregunt\u00e9 si se hab\u00eda preguntado por qu\u00e9 ning\u00fan presidente de M\u00e9xico hab\u00eda visitado Turqu\u00eda antes, y le insinu\u00e9 mi propia respuesta: porque no val\u00eda la pena, seg\u00fan la opini\u00f3n de una decena de mandatarios y una veintena de cancilleres.<\/p>\n<p style=\"text-align: justify;\">En M\u00e9xico somos especialmente propensos a no preguntarnos por qu\u00e9 quienes nos precedieron en el poder hicieron las cosas, o no las hicieron. Son raras las ocasiones en las cuales los que mandan recurren a la experiencia de quienes los precedieron para preguntarles por qu\u00e9 hicieron lo que hicieron. De hacerlo, encontrar\u00edamos todo tipo de respuestas.<\/p>\n<p style=\"text-align: justify;\">En primer lugar, las obvias: por pendejos. En segundo lugar, las de la 4T: por corruptos. En tercer lugar, las ligeramente m\u00e1s sofisticadas: por tiempos distintos. Pero si somos honestos, tendr\u00edamos que reconocer que muchas veces la r\u00e9plica es otra: sustantiva, l\u00f3gica, correcta. Recuerdo una an\u00e9cdota que me narr\u00f3 Jes\u00fas Reyes Heroles, en 1980. A prop\u00f3sito de no s\u00e9 qu\u00e9, me relat\u00f3 una conversaci\u00f3n que tuvo con el presidente D\u00edaz Ordaz, siendo \u00e9l director de Pemex. \u201cAbogado, dijo D\u00edaz Ordaz, se me ha quejado el secretario de la Defensa que usted no le suministra m\u00e1s que dos d\u00edas de combustible para operaciones militares. \u00bfPor qu\u00e9?\u201d El autor del Liberalismo mexicano respondi\u00f3: \u201cEs la tradici\u00f3n, Presidente. Para que s\u00f3lo puedan movilizarse durante esos dos d\u00edas, y si tuvieran alg\u00fan tipo de tentaci\u00f3n, no habr\u00eda c\u00f3mo consumarla. Pero si usted decide lo contrario, Presidente, con gusto les suministro todo el combustible que usted mande\u201d. Respondi\u00f3 D\u00edaz Ordaz (todo esto, seg\u00fan mi recuerdo de lo que me cont\u00f3 don Jes\u00fas): \u201cSigamos como estamos, abogado\u201d.<\/p>\n<p style=\"text-align: justify;\">Los que estaban antes pueden haber sido corruptos, pendejos, autoritarios o arcaicos. Pero la idea de que todo lo que se hizo se debi\u00f3 a esos motivos es, en todo caso, pendeja. No s\u00e9 si nadie interrumpi\u00f3 el suministro de gasolina v\u00eda ductos por una buena raz\u00f3n o por una tonter\u00eda. Pero no hubiera sido absurdo preguntarles. No se perd\u00eda m\u00e1s que un poco de tiempo, y, en una de esas, nos ahorr\u00e1bamos un gasolinazo 4T innecesario e in\u00fatil.<\/p>\n","protected":false},"excerpt":{"rendered":"<p>El gasolinazo de la 4T \u2013el desabasto creciente\u2013 sin duda encuentra sus causas y or\u00edgenes en varios factores. Tal vez se descuidaron las importaciones de gasolina de Estados Unidos durante la transici\u00f3n en Pemex. Quiz\u00e1s el cierre de ductos para combatir el\u00a0huachicol\u00a0sea s\u00f3lo temporal y pronto se arreglar\u00e1. Posiblemente hay un problema de estacionalidad, o [&hellip;]<\/p>\n","protected":false},"author":6,"featured_media":0,"comment_status":"open","ping_status":"open","sticky":false,"template":"","format":"standard","meta":{"_acf_changed":false,"_monsterinsights_skip_tracking":false,"slim_seo":{"title":"El gasolinazo en los tiempos de la 4T - Opini\u00f3n P\u00fablica","description":"El gasolinazo de la 4T \u2013el desabasto creciente\u2013 sin duda encuentra sus causas y or\u00edgenes en varios factores. Tal vez se descuidaron las importaciones de gasolin"},"footnotes":""},"categories":[18],"tags":[],"class_list":["post-18623","post","type-post","status-publish","format-standard","hentry","category-castaneda-opina"],"acf":[],"_links":{"self":[{"href":"https:\/\/www.opinionpublica.tv\/portada\/wp-json\/wp\/v2\/posts\/18623","targetHints":{"allow":["GET"]}}],"collection":[{"href":"https:\/\/www.opinionpublica.tv\/portada\/wp-json\/wp\/v2\/posts"}],"about":[{"href":"https:\/\/www.opinionpublica.tv\/portada\/wp-json\/wp\/v2\/types\/post"}],"author":[{"embeddable":true,"href":"https:\/\/www.opinionpublica.tv\/portada\/wp-json\/wp\/v2\/users\/6"}],"replies":[{"embeddable":true,"href":"https:\/\/www.opinionpublica.tv\/portada\/wp-json\/wp\/v2\/comments?post=18623"}],"version-history":[{"count":0,"href":"https:\/\/www.opinionpublica.tv\/portada\/wp-json\/wp\/v2\/posts\/18623\/revisions"}],"wp:attachment":[{"href":"https:\/\/www.opinionpublica.tv\/portada\/wp-json\/wp\/v2\/media?parent=18623"}],"wp:term":[{"taxonomy":"category","embeddable":true,"href":"https:\/\/www.opinionpublica.tv\/portada\/wp-json\/wp\/v2\/categories?post=18623"},{"taxonomy":"post_tag","embeddable":true,"href":"https:\/\/www.opinionpublica.tv\/portada\/wp-json\/wp\/v2\/tags?post=18623"}],"curies":[{"name":"wp","href":"https:\/\/api.w.org\/{rel}","templated":true}]}}