{"id":18620,"date":"2019-01-08T07:00:00","date_gmt":"2019-01-08T06:00:00","guid":{"rendered":"https:\/\/www.opinionpublica.tv\/portada\/2019\/01\/08\/recomienda-secretaria-de-salud-vacunarse-contra-la-influenza\/"},"modified":"2019-01-08T07:00:00","modified_gmt":"2019-01-08T06:00:00","slug":"recomienda-secretaria-de-salud-vacunarse-contra-la-influenza","status":"publish","type":"post","link":"https:\/\/www.opinionpublica.tv\/portada\/recomienda-secretaria-de-salud-vacunarse-contra-la-influenza\/","title":{"rendered":"Recomienda Secretar\u00eda de Salud vacunarse contra la influenza"},"content":{"rendered":"<p><img fetchpriority=\"high\" decoding=\"async\" class=\" size-full wp-image-18619\" src=\"https:\/\/www.opinionpublica.tv\/portada\/wp-content\/uploads\/2019\/01\/1d9379418adcff4a66caa17c32de8e69.jpg\" alt=\"\" class=\"caption\" title=\"La influenza puede provocar la muerte si no se atiende a tiempo.\" width=\"1772\" height=\"1181\" srcset=\"https:\/\/www.opinionpublica.tv\/portada\/wp-content\/uploads\/2019\/01\/1d9379418adcff4a66caa17c32de8e69.jpg 1772w, https:\/\/www.opinionpublica.tv\/portada\/wp-content\/uploads\/2019\/01\/1d9379418adcff4a66caa17c32de8e69-300x200.jpg 300w, https:\/\/www.opinionpublica.tv\/portada\/wp-content\/uploads\/2019\/01\/1d9379418adcff4a66caa17c32de8e69-1024x682.jpg 1024w, https:\/\/www.opinionpublica.tv\/portada\/wp-content\/uploads\/2019\/01\/1d9379418adcff4a66caa17c32de8e69-768x512.jpg 768w, https:\/\/www.opinionpublica.tv\/portada\/wp-content\/uploads\/2019\/01\/1d9379418adcff4a66caa17c32de8e69-1536x1024.jpg 1536w\" sizes=\"(max-width: 1772px) 100vw, 1772px\" \/><br \/>\n<!--more--><\/p>\n<p style=\"text-align: justify;\"><em>Ciudad Ju\u00e1rez, Chih<\/em>.- Debido a la presencia de casos confirmados de influenza en la ciudad, la Secretar\u00eda de Salud exhort\u00f3 a la poblaci\u00f3n a vacunarse.<\/p>\n<p style=\"text-align: justify;\">De acuerdo con el \u00e1rea de Epidemiolog\u00eda de la Secretar\u00eda de Salud, hasta el momento se han confirmado 39 casos de influenza, 36 AH1N1 y 3 tipo B, por lo que es importante que la ciudadan\u00eda acuda a aplicarse la vacuna contra este virus.<\/p>\n<p style=\"text-align: justify;\">El epidemi\u00f3logo de la Jurisdicci\u00f3n Sanitaria II, Roberto Alejandro Su\u00e1rez P\u00e9rez destac\u00f3 la necesidad de que la poblaci\u00f3n acuda a\u00f1o con a\u00f1o a aplicarse la vacuna, ya que el biol\u00f3gico se realiza con el virus que circul\u00f3 el a\u00f1o pasado.<\/p>\n<p style=\"text-align: justify;\">\u201cNosotros llevamos el monitoreo durante todo el a\u00f1o. El lavado frecuente de manos es una de las primeras medidas que debemos de tener para evitar la transmisi\u00f3n del virus se da a trav\u00e9s de las manos; de igual forma al estornudar o toser cubrirse la boca con el \u00e1ngulo interno del brazo para evitar esparcir el agente infeccioso\u201d coment\u00f3 el especialista.<\/p>\n<p style=\"text-align: justify;\">De igual forma, Su\u00e1rez P\u00e9rez exhort\u00f3 a la poblaci\u00f3n a acudir a aplicarse la vacuna ya que es el recurso disponible con el cual se cuenta para evitar complicaciones.<\/p>\n<p style=\"text-align: justify;\">Esta vacuna no solo ayudar\u00e1 a prevenir la influenza, sino una de las tres cepas del virus contenido en la vacuna u otras cepas estrechamente relacionadas con ellas-influenza AH1N1, AH3N2 y tipo B.<\/p>\n<p style=\"text-align: justify;\">La influenza estacional es una enfermedad de las v\u00edas respiratorias que se presenta principalmente durante la temporada invernal. Sus s\u00edntomas son m\u00e1s severos que los de un resfriado com\u00fan, ya que se presenta fiebre, dolor de cabeza, dolores musculares, cansancio, congesti\u00f3n nasal y dolor de garganta. En caso de no tratarse oportunamente, la influenza estacional se puede complicar, por ello, el Epidemi\u00f3logo de la Jurisdicci\u00f3n Sanitaria II destac\u00f3 la importancia de acudir con el m\u00e9dico ante los primeros s\u00edntomas y no automedicarse.<\/p>\n","protected":false},"excerpt":{"rendered":"","protected":false},"author":6,"featured_media":18619,"comment_status":"open","ping_status":"open","sticky":false,"template":"","format":"standard","meta":{"_acf_changed":false,"_monsterinsights_skip_tracking":false,"slim_seo":{"title":"Recomienda Secretar\u00eda de Salud vacunarse contra la influenza - Opini\u00f3n P\u00fablica","description":"Ciudad Ju\u00e1rez, Chih .- Debido a la presencia de casos confirmados de influenza en la ciudad, la Secretar\u00eda de Salud exhort\u00f3 a la poblaci\u00f3n a vacunarse. De acuer"},"footnotes":""},"categories":[5],"tags":[],"class_list":["post-18620","post","type-post","status-publish","format-standard","has-post-thumbnail","hentry","category-frontera"],"acf":[],"_links":{"self":[{"href":"https:\/\/www.opinionpublica.tv\/portada\/wp-json\/wp\/v2\/posts\/18620","targetHints":{"allow":["GET"]}}],"collection":[{"href":"https:\/\/www.opinionpublica.tv\/portada\/wp-json\/wp\/v2\/posts"}],"about":[{"href":"https:\/\/www.opinionpublica.tv\/portada\/wp-json\/wp\/v2\/types\/post"}],"author":[{"embeddable":true,"href":"https:\/\/www.opinionpublica.tv\/portada\/wp-json\/wp\/v2\/users\/6"}],"replies":[{"embeddable":true,"href":"https:\/\/www.opinionpublica.tv\/portada\/wp-json\/wp\/v2\/comments?post=18620"}],"version-history":[{"count":0,"href":"https:\/\/www.opinionpublica.tv\/portada\/wp-json\/wp\/v2\/posts\/18620\/revisions"}],"wp:featuredmedia":[{"embeddable":true,"href":"https:\/\/www.opinionpublica.tv\/portada\/wp-json\/wp\/v2\/media\/18619"}],"wp:attachment":[{"href":"https:\/\/www.opinionpublica.tv\/portada\/wp-json\/wp\/v2\/media?parent=18620"}],"wp:term":[{"taxonomy":"category","embeddable":true,"href":"https:\/\/www.opinionpublica.tv\/portada\/wp-json\/wp\/v2\/categories?post=18620"},{"taxonomy":"post_tag","embeddable":true,"href":"https:\/\/www.opinionpublica.tv\/portada\/wp-json\/wp\/v2\/tags?post=18620"}],"curies":[{"name":"wp","href":"https:\/\/api.w.org\/{rel}","templated":true}]}}