{"id":18618,"date":"2019-01-08T07:00:00","date_gmt":"2019-01-08T06:00:00","guid":{"rendered":"https:\/\/www.opinionpublica.tv\/portada\/2019\/01\/08\/zona-libre-en-la-frontera-2\/"},"modified":"2019-01-08T07:00:00","modified_gmt":"2019-01-08T06:00:00","slug":"zona-libre-en-la-frontera-2","status":"publish","type":"post","link":"https:\/\/www.opinionpublica.tv\/portada\/zona-libre-en-la-frontera-2\/","title":{"rendered":"Zona Libre en la Frontera"},"content":{"rendered":"<p style=\"text-align: justify;\">La semana pasada el presidente L\u00f3pez Obrador estuvo recorriendo ciudades de la Frontera para anunciar la aplicaci\u00f3n de una serie de est\u00edmulos fiscales para la Frontera Norte del pa\u00eds, a la que le ha llamado como \u201cZona Libre\u201d.<\/p>\n<p><!--more--><\/p>\n<p style=\"text-align: justify;\">Es extra\u00f1o que el presidente le haya dado desde su campa\u00f1a tanta difusi\u00f3n al concepto de Zona Libre en la Frontera, cuando el Decreto que supuestamente la iba a implementar no tiene una sola menci\u00f3n a la misma.<\/p>\n<p style=\"text-align: justify;\">M\u00e9xico tiene amplios antecedentes de dicho concepto como las zonas fronterizas de Chihuahua y Tamaulipas, en donde existieron zonas libres en el Siglo XIX y principios del Siglo XX. El m\u00e1s reciente existi\u00f3 en el \u00e1rea geogr\u00e1fica comprendida en toda la pen\u00ednsula de Baja California y la zona fronteriza de San Lu\u00eds R\u00edo Colorado en la frontera de Sonora, as\u00ed como la zona libre que hubo en Chetumal, del antiguo Territorio de Quintana Roo.<\/p>\n<p style=\"text-align: justify;\">Pero muchos se preguntan \u00bfqu\u00e9 es una \u201czona libre\u201d? Una zona libre es una \u00e1rea geogr\u00e1fica que goza de la libre introducci\u00f3n de mercanc\u00edas procedentes del extranjero, sin estar sujetas a ning\u00fan tipo de impuesto y arancel y libres de los que se conocen como requisitos no-arancelarios, como licencias, permisos y restricciones administrativas.<\/p>\n<p style=\"text-align: justify;\">Un tratado de libre comercio, en esencia crea una especie de zona libre entre los pa\u00edses partes del tratado. Pero una zona libre, se establece de una manera unilateral por un pa\u00eds. En realidad, no existe un concepto puro de lo que es una zona libre, pero s\u00ed se genera una liberalizaci\u00f3n para la introducci\u00f3n de mercanc\u00edas en esa zona.<\/p>\n<p style=\"text-align: justify;\">Cuando hay una zona libre, se dan grandes atractivos para la realizaci\u00f3n de actividades empresariales que tienen que ver con la compraventa o comercio de mercanc\u00edas, as\u00ed como con la utilizaci\u00f3n de las mismas para la producci\u00f3n o manufactura de bienes y para la utilizaci\u00f3n de mercanc\u00edas libremente importadas para la prestaci\u00f3n de toda clase de servicios, como los m\u00e9dicos, de telecomunicaciones, de apoyo de negocios, servicios financieros, <em>call centers<\/em> y de apoyo administrativo y contable.<\/p>\n<p style=\"text-align: justify;\">Ahora bien, es loable que el presidente L\u00f3pez Obrador haya puestos sus ojos en las oportunidades que las Frontera representa para M\u00e9xico, pero el Decreto de Est\u00edmulos Fiscales para la Zona Fronteriza Norte de M\u00e9xico, creemos que tiene muchas \u00e1reas de oportunidad que se pueden mejorar. Me permito enunciar brevemente algunas:<\/p>\n<p style=\"text-align: justify;\">Es necesario crear realmente una Zona Libre, que sea aplicable a las personas (personas morales y f\u00edsicas) que realicen actividades empresariales, permiti\u00e9ndoles la introducci\u00f3n de mercanc\u00edas a las \u00e1reas geogr\u00e1ficas comprendidas en los Municipios beneficiados por el Decreto.<\/p>\n<p style=\"text-align: justify;\">En la Zona Libre se permitir\u00eda la importaci\u00f3n de mercanc\u00edas libre de aranceles e IVA, cobr\u00e1ndose el mismo al 8% a partir de la primer venta.<\/p>\n<p style=\"text-align: justify;\">Reabrir los controles aduanales aleatorios en las zonas al Sur de las Zonas Libres, permitiendo a los turistas su franquicia de viajero, y cobrando los diferenciales de IVA y, en su caso, de aranceles aplicables para la introducci\u00f3n de mercanc\u00edas al resto del pa\u00eds.<\/p>\n<p style=\"text-align: justify;\">No permitir los beneficios de la Zona Libre a armas, explosivos y substancias prohibidas.<\/p>\n<p style=\"text-align: justify;\">Permitir la introducci\u00f3n de mercanc\u00edas que hayan cumplido con los requisitos sanitarios, de etiquetado, fitosanitarios, de calidad y otros no-arancelarios en Estados Unidos o Canad\u00e1.<\/p>\n<p style=\"text-align: justify;\">Desaduanar la introducci\u00f3n de las mercanc\u00edas a la Zona Libre (eliminar los requisitos de pedimentaci\u00f3n).<\/p>\n<p style=\"text-align: justify;\">Los controles aduanales aleatorios en la Frontera quedar\u00edan en vigor para las personas f\u00edsicas, quienes mantendr\u00edan sus franquicias, y las morales, para la supervisi\u00f3n de la introducci\u00f3n de mercanc\u00edas prohibidas.<\/p>\n<p style=\"text-align: justify;\">Que la repercusi\u00f3n a los consumidores del beneficio del 8% del IVA fuese obligatorio para las empresas y empresarios.<\/p>\n<p style=\"text-align: justify;\">Que a las maquiladoras se les diera la opci\u00f3n de operar bajo su r\u00e9gimen y el de Zona Libre de manera conjunta, para aprovechar las actividades de submanufactura, log\u00edstica, y transferencia de sus mercanc\u00edas.<\/p>\n<p style=\"text-align: justify;\">Que las maquiladoras pudieran optar por operar fuera del concepto de manufactura a contrato, por el de compraventa en la manufactura, aplic\u00e1ndoles el 20% de ISR.<\/p>\n<p style=\"text-align: justify;\">Simplificar la aplicaci\u00f3n administrativa del Decreto de Incentivos, sin descuidar el control en contra de la elusi\u00f3n que puedan generar.<\/p>\n<p style=\"text-align: justify;\">Con estas adiciones y cambios al Decreto de Incentivos, se le puede dar el impulso a la Frontera deseado. Esta descripci\u00f3n, claro est\u00e1, es simplificada y esquem\u00e1tica, que sirve de mera ilustraci\u00f3n de las cosas que se pueden hacer para mejorar al Decreto, sin menoscabo de las buenas intenciones del Presidente para apoyar a la Frontera y verdaderamente hacerla como una cortina de retenci\u00f3n de inversi\u00f3n y generaci\u00f3n de empleo y bienestar.<\/p>\n","protected":false},"excerpt":{"rendered":"<p>La semana pasada el presidente L\u00f3pez Obrador estuvo recorriendo ciudades de la Frontera para anunciar la aplicaci\u00f3n de una serie de est\u00edmulos fiscales para la Frontera Norte del pa\u00eds, a la que le ha llamado como \u201cZona Libre\u201d.<\/p>\n","protected":false},"author":6,"featured_media":0,"comment_status":"open","ping_status":"open","sticky":false,"template":"","format":"standard","meta":{"_acf_changed":false,"_monsterinsights_skip_tracking":false,"slim_seo":{"title":"Zona Libre en la Frontera - Opini\u00f3n P\u00fablica","description":"La semana pasada el presidente L\u00f3pez Obrador estuvo recorriendo ciudades de la Frontera para anunciar la aplicaci\u00f3n de una serie de est\u00edmulos fiscales para la F"},"footnotes":""},"categories":[17],"tags":[],"class_list":["post-18618","post","type-post","status-publish","format-standard","hentry","category-ultima-instancia"],"acf":[],"_links":{"self":[{"href":"https:\/\/www.opinionpublica.tv\/portada\/wp-json\/wp\/v2\/posts\/18618","targetHints":{"allow":["GET"]}}],"collection":[{"href":"https:\/\/www.opinionpublica.tv\/portada\/wp-json\/wp\/v2\/posts"}],"about":[{"href":"https:\/\/www.opinionpublica.tv\/portada\/wp-json\/wp\/v2\/types\/post"}],"author":[{"embeddable":true,"href":"https:\/\/www.opinionpublica.tv\/portada\/wp-json\/wp\/v2\/users\/6"}],"replies":[{"embeddable":true,"href":"https:\/\/www.opinionpublica.tv\/portada\/wp-json\/wp\/v2\/comments?post=18618"}],"version-history":[{"count":0,"href":"https:\/\/www.opinionpublica.tv\/portada\/wp-json\/wp\/v2\/posts\/18618\/revisions"}],"wp:attachment":[{"href":"https:\/\/www.opinionpublica.tv\/portada\/wp-json\/wp\/v2\/media?parent=18618"}],"wp:term":[{"taxonomy":"category","embeddable":true,"href":"https:\/\/www.opinionpublica.tv\/portada\/wp-json\/wp\/v2\/categories?post=18618"},{"taxonomy":"post_tag","embeddable":true,"href":"https:\/\/www.opinionpublica.tv\/portada\/wp-json\/wp\/v2\/tags?post=18618"}],"curies":[{"name":"wp","href":"https:\/\/api.w.org\/{rel}","templated":true}]}}