{"id":18525,"date":"2018-12-18T07:00:00","date_gmt":"2018-12-18T06:00:00","guid":{"rendered":"https:\/\/www.opinionpublica.tv\/portada\/2018\/12\/18\/la-cobija-del-presupuesto\/"},"modified":"2018-12-18T07:00:00","modified_gmt":"2018-12-18T06:00:00","slug":"la-cobija-del-presupuesto","status":"publish","type":"post","link":"https:\/\/www.opinionpublica.tv\/portada\/la-cobija-del-presupuesto\/","title":{"rendered":"La cobija del presupuesto"},"content":{"rendered":"<p style=\"text-align: justify;\">Este nuevo gobierno que se considera como \u201cCambio de R\u00e9gimen\u201d, claramente tiene una visi\u00f3n distinta de su funci\u00f3n a la que tienen los gobiernos modernos de los pa\u00edses desarrollados que han seguido, la demonizada por L\u00f3pez Obrador, pol\u00edtica \u201cNeoliberal\u201d.<\/p>\n<p><!--more--><\/p>\n<p style=\"text-align: justify;\">Ahora, que el nuevo gobierno empieza a enfrentarse a la cruda realidad econ\u00f3mica, pol\u00edtica y social con la que tiene que lidiar al aplicar sus pol\u00edticas p\u00fablicas, nos encontramos con las m\u00faltiples presiones que la administraci\u00f3n de AMLO tiene al poner el presupuesto propuesto con m\u00faltiples perdedores, cuando resulta que la \u201ccobija presupuestaria\u201d no alcanza a tapar a todos.<\/p>\n<p style=\"text-align: justify;\">Ante esta situaci\u00f3n, quiero hacer algunas reflexiones de fondo sobre un tema esencial, b\u00e1sicamente funcional e ideol\u00f3gico, con que se topa un gobierno al hacer un cambio de tim\u00f3n en su conducci\u00f3n. Este tema tiene que ver con la situaci\u00f3n de que el presupuesto no alcanza si se tiene una visi\u00f3n de que la funci\u00f3n del gobierno es \u201cequilibrar\u201d las desigualdades.<\/p>\n<p style=\"text-align: justify;\">En contrapartida de esa visi\u00f3n asistencial y \u201crepartidora\u201d del gobierno, tenemos la noci\u00f3n de pol\u00edticas p\u00fablicas liberales y de mercado abierto, en donde la funci\u00f3n principal del gobierno es el darnos el llamado \u201cbien com\u00fan\u201d.<\/p>\n<p style=\"text-align: justify;\">Este incomprendido concepto tiene relaci\u00f3n con la noci\u00f3n esencial de lo que es la pol\u00edtica y el concepto de Estado y la funci\u00f3n del gobierno dentro de su concepci\u00f3n, que es la de administrar las pol\u00edticas p\u00fablicas utilizando a la poblaci\u00f3n, que, junto con el elemento territorial y de orden jur\u00eddico, genera riqueza, y la misma se tiene que canalizar para desarrollar el bien com\u00fan, que es el tener el entorno f\u00edsico y de \u00f3rden necesario para el desarrollo del ser humano en harmon\u00eda con los dem\u00e1s.<\/p>\n<p style=\"text-align: justify;\">As\u00ed el Estado tiene como funci\u00f3n el dar los elementos necesarios para el crecimiento f\u00edsico y espiritual de sus habitantes para que desarrollen por si mismos sus anhelos en la vida: ser felices, haciendo crecer a sus familias, con salud, vivienda adecuada, educaci\u00f3n, esparcimiento, cultura, viviendo en paz y harmon\u00eda.<\/p>\n<p style=\"text-align: justify;\">Por ello el gobierno debe de trabajar y coadyuvar para darnos, primeramente, seguridad y justicia, salud, servicios p\u00fablicos para tener agua, energ\u00eda como luz y gas, telecomunicaciones, y en el orden econ\u00f3mico dejar que el mercado despliegue el emprender del ser humano, sin distorsiones en la competencia, como las que generan los monopolios, las colusiones, los carteles y dem\u00e1s pr\u00e1cticas monop\u00f3licas relativas y absolutas.<\/p>\n<p style=\"text-align: justify;\">Siendo la funci\u00f3n b\u00e1sica del gobierno, el recabar contribuciones justas que no ahoguen el desarrollo econ\u00f3mico ni la generaci\u00f3n de riqueza, que se crea con inversi\u00f3n de capital y mano de obra, que se interrelacionan en el mercado libre, pero vigilado por el gobierno para evitar las distorsiones y abusos.<\/p>\n<p style=\"text-align: justify;\">En esta visi\u00f3n, el gobierno debe dejar a los habitantes del pa\u00eds trabajar en libertad para hacerse con su iniciativa y labor de su patrimonio y desarrollarse libremente en ese entorno de bien com\u00fan. As\u00ed el presupuesto gubernamental se debe enfocar en seguridad y justicia, control y vigilancia de los mercados y apoyar en donde los individuos sea dif\u00edcil que inviertan, como en la infraestructura de calles y sus servicios p\u00fablicos, carreteras, puertos mar\u00edtimos y a\u00e9reos en donde no puedan solo los particulares, quedando \u00fanicamente las d\u00e1divas de recursos p\u00fablicos para las personas que sufren incapacidades por cualquier motivo.<\/p>\n<p style=\"text-align: justify;\">Pero si tenemos un gobierno que desea crear clientelas para tener adeptos pol\u00edticos, como los gobiernos de todos los colores, que, por desgracia, hemos sufrido en M\u00e9xico, vamos a sufrir la necesidad de tener altos impuestos o de usar los recursos que se generan por las empresas del Estado que no son destinados al desarrollo de las mismas sino a alimentar a las burocracias que son parte de esa clientela y se usan para administrar los gigantescos aparatos ineficientes para generar clientelas de apoyo pol\u00edtico. Entonces, distorsionamos la funci\u00f3n del Estado y no hay cobija que alcance para atender a sus funciones.<\/p>\n<p style=\"text-align: justify;\">Es por ello, que ahora tenemos gobiernos locales inconformes que no les llegar\u00e1n m\u00e1s recursos, universidades e instituciones culturales y cient\u00edficas cuyos presupuestos sufrieron grandes deterioros, deportistas que no tendr\u00e1n los apoyos gubernamentales que anta\u00f1o recib\u00edan y muchos inconformes m\u00e1s, a cambio de tener un gran ej\u00e9rcito de ninis ganando dinero, supuestamente para entrenarse en la productividad.<\/p>\n<p style=\"text-align: justify;\">En lugar de bajar impuestos (exceptuando los de la frontera que aplaudo) para que las empresas crezcan y se desarrollen entrenando a los mejores, y a mis compatriotas adultos mayores, sin distinci\u00f3n alguna recibiendo cantidades mensuales que podr\u00edan ser cubiertas por pensiones derivadas de su trabajo, con la cancelaci\u00f3n de un aeropuerto que nos costar\u00e1 m\u00e1s que seguirlo adelante y la construcci\u00f3n de un \u201ctren maya\u201d cuya productividad est\u00e1 en tela de duda.<\/p>\n<p style=\"text-align: justify;\">En conclusi\u00f3n, debemos los mexicanos definir nuestra visi\u00f3n de la finalidad del Estado.<\/p>\n","protected":false},"excerpt":{"rendered":"<p>Este nuevo gobierno que se considera como \u201cCambio de R\u00e9gimen\u201d, claramente tiene una visi\u00f3n distinta de su funci\u00f3n a la que tienen los gobiernos modernos de los pa\u00edses desarrollados que han seguido, la demonizada por L\u00f3pez Obrador, pol\u00edtica \u201cNeoliberal\u201d.<\/p>\n","protected":false},"author":6,"featured_media":0,"comment_status":"open","ping_status":"open","sticky":false,"template":"","format":"standard","meta":{"_acf_changed":false,"_monsterinsights_skip_tracking":false,"slim_seo":{"title":"La cobija del presupuesto - Opini\u00f3n P\u00fablica","description":"Este nuevo gobierno que se considera como \u201cCambio de R\u00e9gimen\u201d, claramente tiene una visi\u00f3n distinta de su funci\u00f3n a la que tienen los gobiernos modernos de los"},"footnotes":""},"categories":[17],"tags":[],"class_list":["post-18525","post","type-post","status-publish","format-standard","hentry","category-ultima-instancia"],"acf":[],"_links":{"self":[{"href":"https:\/\/www.opinionpublica.tv\/portada\/wp-json\/wp\/v2\/posts\/18525","targetHints":{"allow":["GET"]}}],"collection":[{"href":"https:\/\/www.opinionpublica.tv\/portada\/wp-json\/wp\/v2\/posts"}],"about":[{"href":"https:\/\/www.opinionpublica.tv\/portada\/wp-json\/wp\/v2\/types\/post"}],"author":[{"embeddable":true,"href":"https:\/\/www.opinionpublica.tv\/portada\/wp-json\/wp\/v2\/users\/6"}],"replies":[{"embeddable":true,"href":"https:\/\/www.opinionpublica.tv\/portada\/wp-json\/wp\/v2\/comments?post=18525"}],"version-history":[{"count":0,"href":"https:\/\/www.opinionpublica.tv\/portada\/wp-json\/wp\/v2\/posts\/18525\/revisions"}],"wp:attachment":[{"href":"https:\/\/www.opinionpublica.tv\/portada\/wp-json\/wp\/v2\/media?parent=18525"}],"wp:term":[{"taxonomy":"category","embeddable":true,"href":"https:\/\/www.opinionpublica.tv\/portada\/wp-json\/wp\/v2\/categories?post=18525"},{"taxonomy":"post_tag","embeddable":true,"href":"https:\/\/www.opinionpublica.tv\/portada\/wp-json\/wp\/v2\/tags?post=18525"}],"curies":[{"name":"wp","href":"https:\/\/api.w.org\/{rel}","templated":true}]}}