{"id":18319,"date":"2018-11-12T07:00:00","date_gmt":"2018-11-12T06:00:00","guid":{"rendered":"https:\/\/www.opinionpublica.tv\/portada\/2018\/11\/12\/cual-era-el-sueldo-de-stan-lee-y-de-que-tamano-es-su-fortuna\/"},"modified":"2018-11-12T07:00:00","modified_gmt":"2018-11-12T06:00:00","slug":"cual-era-el-sueldo-de-stan-lee-y-de-que-tamano-es-su-fortuna","status":"publish","type":"post","link":"https:\/\/www.opinionpublica.tv\/portada\/cual-era-el-sueldo-de-stan-lee-y-de-que-tamano-es-su-fortuna\/","title":{"rendered":"\u00bfCu\u00e1l era el sueldo de Stan Lee y de qu\u00e9 tama\u00f1o es su fortuna?"},"content":{"rendered":"<p><img fetchpriority=\"high\" decoding=\"async\" class=\" size-full wp-image-18318\" src=\"https:\/\/www.opinionpublica.tv\/portada\/wp-content\/uploads\/2018\/11\/e58bba928c53c49bade88f914bdb65e5.jpg\" alt=\"\" class=\"caption\" title=\"Stan Lee, creador de Marvel muri\u00f3 este 12 de noviembre a los 95 a\u00f1os.\" width=\"664\" height=\"498\" srcset=\"https:\/\/www.opinionpublica.tv\/portada\/wp-content\/uploads\/2018\/11\/e58bba928c53c49bade88f914bdb65e5.jpg 664w, https:\/\/www.opinionpublica.tv\/portada\/wp-content\/uploads\/2018\/11\/e58bba928c53c49bade88f914bdb65e5-300x225.jpg 300w\" sizes=\"(max-width: 664px) 100vw, 664px\" \/><br \/>\n<!--more--><\/p>\n<p style=\"text-align: justify;\"><em>Los Angeles, California, EU<\/em>.- No s\u00f3lo los superh\u00e9roes est\u00e1n de luto. Este lunes 12 de noviembre de 2018, Stanley Martin Lieber, mejor conocido como Stan Lee, el creador de personajes de historietas c\u00f3micas falleci\u00f3 a los 95 a\u00f1os.<\/p>\n<p style=\"text-align: justify;\">Naci\u00f3 el 28 de diciembre de 1922 en Manhattan, Nueva York. Es conocido por ser escritor o co-creador de personajes emblem\u00e1ticos de Marvel C\u00f3mics como: Spiderman, Hulk, Iron Man, Los Cuatro Fant\u00e1sticos, Thor, Los Vengadores, los X-Men, entre otros.<\/p>\n<p style=\"text-align: justify;\">Pese a la cantidad de productos y mercanc\u00edas que estos personajes generaron a lo largo de su historia, la fortuna de Stan Lee no era tan grande como podr\u00eda suponerse.<\/p>\n<p style=\"text-align: justify;\">De acuerdo con Celebrity Networth, su fortuna ascend\u00eda a los 50 millones de d\u00f3lares. Pese a que anteriormente se especul\u00f3 que pose\u00eda m\u00e1s de 200 millones de d\u00f3lares. Pero lo desminti\u00f3 en una entrevista para TMZ.<\/p>\n<p style=\"text-align: justify;\">Sin embargo, el autor recib\u00eda desde la compra de Disney al Marvel Comics, un sueldo vitalicio de 1 mill\u00f3n de d\u00f3lares anuales. Entre sus labores activas se encontraba realizar breves apariciones en las pel\u00edculas de los personajes del Marvel Cinematic Universe; asesorar en cuestiones creativas a la compa\u00f1\u00eda y la aparici\u00f3n espor\u00e1dica en eventos, cada vez menos com\u00fan debido a sus complicaciones de salud.<\/p>\n<p style=\"text-align: justify;\">En 2009, Disney Company compr\u00f3 a Marvel Entertaintment por 4 mil millones de d\u00f3lares. Pese a que en un inicio Lee tuvo problemas con la cuesti\u00f3n de derechos por sus obras, la compa\u00f1\u00eda del rat\u00f3n lleg\u00f3 a un acuerdo con el creador llegando al acuerdo antes mencionado.<\/p>\n<p style=\"text-align: justify;\"><strong>\u00bfQUI\u00c9N FUE STAN LEE?\u00a0<\/strong><\/p>\n<p style=\"text-align: justify;\">Stanley Martin Lieber, mejor conocido en el mundo de los c\u00f3mics como Stan Lee, naci\u00f3 el 28 de diciembre de 1922 en Manhattan, Nueva York. Fue escritor, editor en jefe, y CEO de Marvel Comics.<\/p>\n<p style=\"text-align: justify;\">Estudi\u00f3 la escuela preparatoria y durante su adolescencia tuvo trabajos como escritor de obituarios y boletines para el National Tuberculosis Center, repartidor de s\u00e1ndwiches en comercios y asistente de oficina en una f\u00e1brica de pantalones.<\/p>\n<p style=\"text-align: justify;\">Gracias a la ayuda de uno de sus t\u00edos, en 1939 se convirti\u00f3 en asistente en Timely Comics. Para 1960 esta empresa se convertir\u00eda en Marvel Comics.<\/p>\n<p style=\"text-align: justify;\">Su debut fue en una historieta de Capit\u00e1n Am\u00e9rica de 1941, fu ah\u00ed cuando comenz\u00f3 a utilizar el seud\u00f3nimo Stan Lee. En 1942 se uni\u00f3 al Ej\u00e9rcito de Estados Unidos.<\/p>\n<p style=\"text-align: justify;\">El gran cambio en los c\u00f3mics<\/p>\n<p style=\"text-align: justify;\">Para la d\u00e9cada de los 60, la carrera de Lee comenz\u00f3 a tomar mayor impulso, cuando la competencia, DC Comics, comenz\u00f3 a trabajar en la Liga de la Justicia. Fue entonces que se le dio el encargo de trabajar en un proyecto similar.<\/p>\n<p style=\"text-align: justify;\">El proyecto inclu\u00eda privilegiar el experimentar con tramas y darles a los personajes una humanidad defectuosa. Antes de esto, los superh\u00e9roes eran perfectos y sin problemas. El cambio que Lee introduc\u00eda complejidad, personajes m\u00e1s naturales, con mal temperamento, melanc\u00f3licos y hasta enfermos.<\/p>\n<p style=\"text-align: justify;\">El primer grupo de superh\u00e9roes que cre\u00f3 fue Los 4 Fant\u00e1sticos, junto con el artista Jack Kirby. Fue un \u00e9xito inmediato.<\/p>\n<p style=\"text-align: justify;\">Kirby y Lee trabajaron juntos para crear Hulk, Thor, Iron Man y X-Men. Con Steve Ditko desarroll\u00f3 Doctor Strange y Spider-Man, el personaje m\u00e1s popular de Marvel. Desde entonces, todos viv\u00edan en el mismo universo.<\/p>\n<p style=\"text-align: justify;\">Tiempo despu\u00e9s, Lee y Kirby decidieron poner a trabajar a todos los personajes juntos en el equipo llamado The Avengers. Para este momento, decidieron revivir a Capit\u00e1n Am\u00e9rica y Sub-Mariner.<\/p>\n<p style=\"text-align: justify;\">La revoluci\u00f3n de Lee, supuso enganchar a los lectores y el surgimiento de una comunidad entre fans y creadores.<\/p>\n<p style=\"text-align: justify;\">Gracias a esto, Marvel se convirti\u00f3 en la editorial m\u00e1s importante de aquel momento, y dio paso al surgimiento de la Edad de Plata de los c\u00f3mics en Estados Unidos.<\/p>\n<p style=\"text-align: justify;\">Para la d\u00e9cada de los 70 se convirti\u00f3 en la cara p\u00fablica de Marvel Comics. En los 80, se mud\u00f3 a California para desarrollar las propiedades de televisi\u00f3n y cine de la empresa.<\/p>\n","protected":false},"excerpt":{"rendered":"","protected":false},"author":6,"featured_media":18318,"comment_status":"open","ping_status":"open","sticky":false,"template":"","format":"standard","meta":{"_acf_changed":false,"_monsterinsights_skip_tracking":false,"slim_seo":{"title":"\u00bfCu\u00e1l era el sueldo de Stan Lee y de qu\u00e9 tama\u00f1o es su fortuna? - Opini\u00f3n P\u00fablica","description":"Los Angeles, California, EU .- No s\u00f3lo los superh\u00e9roes est\u00e1n de luto. Este lunes 12 de noviembre de 2018, Stanley Martin Lieber, mejor conocido como Stan Lee, e"},"footnotes":""},"categories":[11],"tags":[],"class_list":["post-18319","post","type-post","status-publish","format-standard","has-post-thumbnail","hentry","category-tendencias"],"acf":[],"_links":{"self":[{"href":"https:\/\/www.opinionpublica.tv\/portada\/wp-json\/wp\/v2\/posts\/18319","targetHints":{"allow":["GET"]}}],"collection":[{"href":"https:\/\/www.opinionpublica.tv\/portada\/wp-json\/wp\/v2\/posts"}],"about":[{"href":"https:\/\/www.opinionpublica.tv\/portada\/wp-json\/wp\/v2\/types\/post"}],"author":[{"embeddable":true,"href":"https:\/\/www.opinionpublica.tv\/portada\/wp-json\/wp\/v2\/users\/6"}],"replies":[{"embeddable":true,"href":"https:\/\/www.opinionpublica.tv\/portada\/wp-json\/wp\/v2\/comments?post=18319"}],"version-history":[{"count":0,"href":"https:\/\/www.opinionpublica.tv\/portada\/wp-json\/wp\/v2\/posts\/18319\/revisions"}],"wp:featuredmedia":[{"embeddable":true,"href":"https:\/\/www.opinionpublica.tv\/portada\/wp-json\/wp\/v2\/media\/18318"}],"wp:attachment":[{"href":"https:\/\/www.opinionpublica.tv\/portada\/wp-json\/wp\/v2\/media?parent=18319"}],"wp:term":[{"taxonomy":"category","embeddable":true,"href":"https:\/\/www.opinionpublica.tv\/portada\/wp-json\/wp\/v2\/categories?post=18319"},{"taxonomy":"post_tag","embeddable":true,"href":"https:\/\/www.opinionpublica.tv\/portada\/wp-json\/wp\/v2\/tags?post=18319"}],"curies":[{"name":"wp","href":"https:\/\/api.w.org\/{rel}","templated":true}]}}