{"id":18313,"date":"2018-11-09T07:00:00","date_gmt":"2018-11-09T06:00:00","guid":{"rendered":"https:\/\/www.opinionpublica.tv\/portada\/2018\/11\/09\/con-helicopteros-y-armas-tacticas-ejercito-de-eu-realiza-simulacro-antimigrantes\/"},"modified":"2018-11-09T07:00:00","modified_gmt":"2018-11-09T06:00:00","slug":"con-helicopteros-y-armas-tacticas-ejercito-de-eu-realiza-simulacro-antimigrantes","status":"publish","type":"post","link":"https:\/\/www.opinionpublica.tv\/portada\/con-helicopteros-y-armas-tacticas-ejercito-de-eu-realiza-simulacro-antimigrantes\/","title":{"rendered":"Con helic\u00f3pteros y armas t\u00e1cticas, ej\u00e9rcito de EU realiza simulacro contra migrantes"},"content":{"rendered":"<p><img fetchpriority=\"high\" decoding=\"async\" class=\" size-full wp-image-18310\" src=\"https:\/\/www.opinionpublica.tv\/portada\/wp-content\/uploads\/2018\/11\/b745ad9bf7557db9cd60e3252cf6a50a.jpg\" alt=\"\" class=\"caption\" title=\"Las fuerzas armadas de Estados Unidos no dejar\u00e1n entrar la caravana migrante.\" width=\"1000\" height=\"666\" srcset=\"https:\/\/www.opinionpublica.tv\/portada\/wp-content\/uploads\/2018\/11\/b745ad9bf7557db9cd60e3252cf6a50a.jpg 1000w, https:\/\/www.opinionpublica.tv\/portada\/wp-content\/uploads\/2018\/11\/b745ad9bf7557db9cd60e3252cf6a50a-300x200.jpg 300w, https:\/\/www.opinionpublica.tv\/portada\/wp-content\/uploads\/2018\/11\/b745ad9bf7557db9cd60e3252cf6a50a-768x511.jpg 768w\" sizes=\"(max-width: 1000px) 100vw, 1000px\" \/><br \/>\n<!--more--><\/p>\n<p style=\"text-align: justify;\"><em>El Paso, Texas, EU<\/em>.- Poco despu\u00e9s de las 10 de la ma\u00f1ana de este viernes, elementos del Ej\u00e9rcito de los Estados Unidos junto con agentes de la Oficina de Aduanas y Protecci\u00f3n Fronteriza (CBP) llevaron a cabo un ejercicio de control de multitudes, ante la posible llegada de la caravana migrante a la frontera entre Ju\u00e1rez y El Paso.<\/p>\n<p style=\"text-align: justify;\">Desde temprana hora, se hab\u00eda anunciado que el Puente Paso del Norte ser\u00eda cerrado al p\u00fablico por unos minutos, para llevar a cabo este simulacro, con el objetivo de ensayar la contenci\u00f3n de personas que pretendan ingresar de manera masiva e ilegal a los Estados Unidos.<\/p>\n<p style=\"text-align: justify;\"><img decoding=\"async\" class=\" size-full wp-image-18311\" src=\"https:\/\/www.opinionpublica.tv\/portada\/wp-content\/uploads\/2018\/11\/operativo.jpg\" width=\"600\" height=\"375\" srcset=\"https:\/\/www.opinionpublica.tv\/portada\/wp-content\/uploads\/2018\/11\/operativo.jpg 480w, https:\/\/www.opinionpublica.tv\/portada\/wp-content\/uploads\/2018\/11\/operativo-300x188.jpg 300w\" sizes=\"(max-width: 600px) 100vw, 600px\" \/><\/p>\n<p style=\"text-align: justify;\">Primero se observ\u00f3 un helic\u00f3ptero sobrevolando el \u00e1rea, mientras en el puente, se instalaron agentes del CBP con armas largas para bloquear el paso en caso de que personas quieran ingresar a la fuerza por el lugar.<\/p>\n<p style=\"text-align: justify;\"><img decoding=\"async\" class=\" size-full wp-image-18312\" src=\"https:\/\/www.opinionpublica.tv\/portada\/wp-content\/uploads\/2018\/11\/operativo_3.jpeg\" width=\"600\" height=\"400\" srcset=\"https:\/\/www.opinionpublica.tv\/portada\/wp-content\/uploads\/2018\/11\/operativo_3.jpeg 1000w, https:\/\/www.opinionpublica.tv\/portada\/wp-content\/uploads\/2018\/11\/operativo_3-300x200.jpeg 300w, https:\/\/www.opinionpublica.tv\/portada\/wp-content\/uploads\/2018\/11\/operativo_3-768x511.jpeg 768w\" sizes=\"(max-width: 600px) 100vw, 600px\" \/><\/p>\n<p style=\"text-align: justify;\">Luego, tras varias maniobras, se observ\u00f3 como militares se colocaron detr\u00e1s de la malla met\u00e1lica que est\u00e1 en el borde del R\u00edo Bravo, en los l\u00edmites de Estados Unidos para reforzar la seguridad en el \u00e1rea; mientras que en tanquetas se acercaron m\u00e1s militares y por aire, empezaron a descender otros elementos desde un helic\u00f3ptero.<\/p>\n<p style=\"text-align: justify;\">Tras varios minutos de maniobras, los elementos de seguridad llevaron a cabo su ejercicio, por lo que reanudaron el tr\u00e1nsito en el cruce internacional, aunque se espera que en los pr\u00f3ximos d\u00edas contin\u00faen los operativos previo a la llegada de la caravana de los migrantes. (OEM)<\/p>\n","protected":false},"excerpt":{"rendered":"","protected":false},"author":6,"featured_media":18310,"comment_status":"open","ping_status":"open","sticky":false,"template":"","format":"standard","meta":{"_acf_changed":false,"_monsterinsights_skip_tracking":false,"slim_seo":{"title":"Con helic\u00f3pteros y armas t\u00e1cticas, ej\u00e9rcito de EU realiza simulacro contra migrantes - Opini\u00f3n P\u00fablica","description":"El Paso, Texas, EU .- Poco despu\u00e9s de las 10 de la ma\u00f1ana de este viernes, elementos del Ej\u00e9rcito de los Estados Unidos junto con agentes de la Oficina de Aduan"},"footnotes":""},"categories":[3],"tags":[],"class_list":["post-18313","post","type-post","status-publish","format-standard","has-post-thumbnail","hentry","category-principal"],"acf":[],"_links":{"self":[{"href":"https:\/\/www.opinionpublica.tv\/portada\/wp-json\/wp\/v2\/posts\/18313","targetHints":{"allow":["GET"]}}],"collection":[{"href":"https:\/\/www.opinionpublica.tv\/portada\/wp-json\/wp\/v2\/posts"}],"about":[{"href":"https:\/\/www.opinionpublica.tv\/portada\/wp-json\/wp\/v2\/types\/post"}],"author":[{"embeddable":true,"href":"https:\/\/www.opinionpublica.tv\/portada\/wp-json\/wp\/v2\/users\/6"}],"replies":[{"embeddable":true,"href":"https:\/\/www.opinionpublica.tv\/portada\/wp-json\/wp\/v2\/comments?post=18313"}],"version-history":[{"count":0,"href":"https:\/\/www.opinionpublica.tv\/portada\/wp-json\/wp\/v2\/posts\/18313\/revisions"}],"wp:featuredmedia":[{"embeddable":true,"href":"https:\/\/www.opinionpublica.tv\/portada\/wp-json\/wp\/v2\/media\/18310"}],"wp:attachment":[{"href":"https:\/\/www.opinionpublica.tv\/portada\/wp-json\/wp\/v2\/media?parent=18313"}],"wp:term":[{"taxonomy":"category","embeddable":true,"href":"https:\/\/www.opinionpublica.tv\/portada\/wp-json\/wp\/v2\/categories?post=18313"},{"taxonomy":"post_tag","embeddable":true,"href":"https:\/\/www.opinionpublica.tv\/portada\/wp-json\/wp\/v2\/tags?post=18313"}],"curies":[{"name":"wp","href":"https:\/\/api.w.org\/{rel}","templated":true}]}}