{"id":18227,"date":"2018-10-31T07:00:00","date_gmt":"2018-10-31T06:00:00","guid":{"rendered":"https:\/\/www.opinionpublica.tv\/portada\/2018\/10\/31\/el-silencio-aeroportuario-de-pena-nieto\/"},"modified":"2018-10-31T07:00:00","modified_gmt":"2018-10-31T06:00:00","slug":"el-silencio-aeroportuario-de-pena-nieto","status":"publish","type":"post","link":"https:\/\/www.opinionpublica.tv\/portada\/el-silencio-aeroportuario-de-pena-nieto\/","title":{"rendered":"El silencio aeroportuario de Pe\u00f1a Nieto"},"content":{"rendered":"<img fetchpriority=\"high\" decoding=\"async\" class=\" size-full wp-image-18226\" src=\"https:\/\/www.opinionpublica.tv\/portada\/wp-content\/uploads\/2018\/10\/59bc7548e167d25a1d6a01d608fe356a.jpg\" alt=\"\" class=\"caption\" title=\"Jorge G. Casta\u00f1eda.\" width=\"225\" height=\"248\" \/>\n<p style=\"text-align: justify;\">Abundan las aristas de la ins\u00f3lita decisi\u00f3n de L\u00f3pez Obrador de enterrar el aeropuerto de Texcoco e inventar el de Santa Luc\u00eda. La obsesi\u00f3n nacional al respecto \u2013no s\u00e9 si del todo justificada\u2013 asegura que casi todos los aspectos de la crisis aeroportuaria hayan sido escudri\u00f1ados por la comentocracia, el empresariado y la clase pol\u00edtica.<\/p>\n<p><!--more--><\/p>\n<p style=\"text-align: justify;\">No hay mucho m\u00e1s que decir, salvo repetir lo mismo: una decisi\u00f3n equivocada de AMLO, una incapacidad de sus colaboradores de convencerlo de lo contrario, una consulta ficticia en cuanto a la sociedad mexicana se refiere \u2013no en lo tocante a los seguidores de AMLO\u2013 y un sinf\u00edn de repercusiones de toda \u00edndole en los d\u00edas y los a\u00f1os venideros. Me limitar\u00e9 entonces a un aspecto, de menor importancia, pero curioso, de todo este sainete.<\/p>\n<p style=\"text-align: justify;\">Enrique Pe\u00f1a Nieto dejar\u00e1 como legado esencial la terrible derrota del PRI en las elecciones de 2018, la entrega del poder a un candidato presidencial todo poderoso gracias en buena parte a la elecci\u00f3n de Estado organizada por el propio Pe\u00f1a Nieto, unas buenas reformas que probablemente se revertir\u00e1n durante el nuevo sexenio, y el recuerdo de m\u00e1s muertos que Calder\u00f3n y una corrupci\u00f3n percibida como infinita.<\/p>\n<p style=\"text-align: justify;\">Lo \u00fanico positivo y duradero que hubiera podido entregar era\u2026 Texcoco. Nunca llevar\u00eda su nombre el nuevo aeropuerto, por todas las razones expuestas, y muchas m\u00e1s, pero la obra la habr\u00eda iniciado \u00e9l, y cuando se inaugurara, de panzazo, en el sexenio de su sucesor, ser\u00eda recordado como quien finalmente pudo hacer lo imposible: un nuevo aeropuerto para la Ciudad de M\u00e9xico. No era poca cosa.<\/p>\n<p style=\"text-align: justify;\">Por eso me extra\u00f1a sobremanera su decisi\u00f3n de no hacer campa\u00f1a a favor de \u2013ni de colocar al Estado al servicio de\u2013 la opci\u00f3n de Texcoco. Ciertamente se pronunci\u00f3 despu\u00e9s de la llamada consulta en cuanto a algunos costos hundidos de la cancelaci\u00f3n; permiti\u00f3 que su secretario de Turismo hiciera proselitismo televiso; manifest\u00f3 t\u00edmidamente su propia posici\u00f3n, pero campa\u00f1a, lo que se llama campa\u00f1a, nada. He escuchado tres explicaciones de este silencio o abdicaci\u00f3n.<\/p>\n<p style=\"text-align: justify;\">Una consiste en su resignaci\u00f3n ante la propia impopularidad. As\u00ed como Pe\u00f1a hundi\u00f3 cualquier apoyo a sus reformas justamente por ser suyas, de haber hecho campa\u00f1a por Texcoco le habr\u00eda ido\u2026 peor al NAIM. \u00bfC\u00f3mo por cu\u00e1nto? \u00bfPeor que 70% vs. 30%? Me cuesta trabajo creer que el Presidente de M\u00e9xico, por impopular que sea, no pod\u00eda convencer\/inducir\/acarrear los quinientos mil votos de diferencia entre Texcoco y Santa Luc\u00eda. Sobre todo en el Estado de M\u00e9xico, primer padr\u00f3n del pa\u00eds, y hasta donde entiendo, primera entidad en materia de casillas de Morena para la consulta.<\/p>\n<p style=\"text-align: justify;\">Segunda: no quer\u00eda legitimar una consulta ilegal, sesgada, opaca y hecha a modo. Prefiri\u00f3 mantenerse alejado y no comprometer la investidura en una farsa. Tal vez, pero entonces hubiera podido hacer campa\u00f1a contra la consulta, o instruir a su gabinete a que lo hiciera, aunque se hubiera enojado L\u00f3pez Obrador. No me convence mucho la tesis.<\/p>\n<p style=\"text-align: justify;\">Tercera y \u00faltima: no le correspond\u00eda, ya de salida, entorpecer una labor pr\u00e1cticamente de gobierno del nuevo Presidente. La consulta tuvo lugar durante su mandato, pero involucraba una decisi\u00f3n del mandato de L\u00f3pez Obrador, y Pe\u00f1a pens\u00f3 que se hubiera tratado de una injerencia indebida de su parte. En efecto, pero s\u00f3lo tuvo lugar la consulta durante su sexenio porque as\u00ed lo decidi\u00f3 AMLO, nadie m\u00e1s. Era perfectamente posible posponer todo el numerito hasta diciembre o enero, incluso con una nueva legislaci\u00f3n; la injerencia m\u00e1s bien fue de AMLO en el sexenio de EPN.<\/p>\n<p style=\"text-align: justify;\">Me temo que la verdadera respuesta yace en el pacto de impunidad, fraguado al calor de la campa\u00f1a, o desde las elecciones del Edomex en 2017, entre Pe\u00f1a y L\u00f3pez Obrador.<\/p>\n<p style=\"text-align: justify;\">AMLO le hizo entender a su predecesor que no deseaba que interfiriera en el tema del aeropuerto; Pe\u00f1a acept\u00f3 la s\u00faplica\/amenaza y apechug\u00f3. Huelga decir que nada de esto me consta, pero ya entrados en dichos, me extra\u00f1a que siendo ara\u00f1a, Pe\u00f1a Nieto haya permanecido callado por magras razones. Fueron de peso.<\/p>\n","protected":false},"excerpt":{"rendered":"<p>Abundan las aristas de la ins\u00f3lita decisi\u00f3n de L\u00f3pez Obrador de enterrar el aeropuerto de Texcoco e inventar el de Santa Luc\u00eda. La obsesi\u00f3n nacional al respecto \u2013no s\u00e9 si del todo justificada\u2013 asegura que casi todos los aspectos de la crisis aeroportuaria hayan sido escudri\u00f1ados por la comentocracia, el empresariado y la clase pol\u00edtica.<\/p>\n","protected":false},"author":6,"featured_media":18226,"comment_status":"open","ping_status":"open","sticky":false,"template":"","format":"standard","meta":{"_acf_changed":false,"_monsterinsights_skip_tracking":false,"slim_seo":{"title":"El silencio aeroportuario de Pe\u00f1a Nieto - Opini\u00f3n P\u00fablica","description":"Abundan las aristas de la ins\u00f3lita decisi\u00f3n de L\u00f3pez Obrador de enterrar el aeropuerto de Texcoco e inventar el de Santa Luc\u00eda. La obsesi\u00f3n nacional al respecto"},"footnotes":""},"categories":[18],"tags":[],"class_list":["post-18227","post","type-post","status-publish","format-standard","has-post-thumbnail","hentry","category-castaneda-opina"],"acf":[],"_links":{"self":[{"href":"https:\/\/www.opinionpublica.tv\/portada\/wp-json\/wp\/v2\/posts\/18227","targetHints":{"allow":["GET"]}}],"collection":[{"href":"https:\/\/www.opinionpublica.tv\/portada\/wp-json\/wp\/v2\/posts"}],"about":[{"href":"https:\/\/www.opinionpublica.tv\/portada\/wp-json\/wp\/v2\/types\/post"}],"author":[{"embeddable":true,"href":"https:\/\/www.opinionpublica.tv\/portada\/wp-json\/wp\/v2\/users\/6"}],"replies":[{"embeddable":true,"href":"https:\/\/www.opinionpublica.tv\/portada\/wp-json\/wp\/v2\/comments?post=18227"}],"version-history":[{"count":0,"href":"https:\/\/www.opinionpublica.tv\/portada\/wp-json\/wp\/v2\/posts\/18227\/revisions"}],"wp:featuredmedia":[{"embeddable":true,"href":"https:\/\/www.opinionpublica.tv\/portada\/wp-json\/wp\/v2\/media\/18226"}],"wp:attachment":[{"href":"https:\/\/www.opinionpublica.tv\/portada\/wp-json\/wp\/v2\/media?parent=18227"}],"wp:term":[{"taxonomy":"category","embeddable":true,"href":"https:\/\/www.opinionpublica.tv\/portada\/wp-json\/wp\/v2\/categories?post=18227"},{"taxonomy":"post_tag","embeddable":true,"href":"https:\/\/www.opinionpublica.tv\/portada\/wp-json\/wp\/v2\/tags?post=18227"}],"curies":[{"name":"wp","href":"https:\/\/api.w.org\/{rel}","templated":true}]}}