{"id":18194,"date":"2018-10-29T07:00:00","date_gmt":"2018-10-29T06:00:00","guid":{"rendered":"https:\/\/www.opinionpublica.tv\/portada\/2018\/10\/29\/amlo-y-maduro-otro-poquito-de-historia\/"},"modified":"2018-10-29T07:00:00","modified_gmt":"2018-10-29T06:00:00","slug":"amlo-y-maduro-otro-poquito-de-historia","status":"publish","type":"post","link":"https:\/\/www.opinionpublica.tv\/portada\/amlo-y-maduro-otro-poquito-de-historia\/","title":{"rendered":"AMLO y Maduro: otro poquito de historia"},"content":{"rendered":"<img fetchpriority=\"high\" decoding=\"async\" class=\" size-full wp-image-18193\" src=\"https:\/\/www.opinionpublica.tv\/portada\/wp-content\/uploads\/2018\/10\/2ebc5074457e90ec2088571acbdd3425.jpg\" alt=\"\" class=\"caption\" title=\"Jorge G. Casta\u00f1eda.\" width=\"225\" height=\"248\" \/>\n<p style=\"text-align: justify;\">El anuncio de la pr\u00f3xima asistencia de Nicol\u00e1s Maduro a la toma de posesi\u00f3n de L\u00f3pez Obrador ha suscitado varias reacciones y comentarios. Muchos de ellos revelan una gran ignorancia de lo que se est\u00e1 hablando, y de la historia reciente de las relaciones internacionales y de la pol\u00edtica exterior de M\u00e9xico.<\/p>\n<p><!--more--><\/p>\n<p style=\"text-align: justify;\">El tema se puede abordar de varias maneras. En primer lugar, es preciso se\u00f1alar que la invitaci\u00f3n a otros gobiernos a festejar una toma de posesi\u00f3n se ha vuelto una pr\u00e1ctica, en alguna medida, bananera. Los pa\u00edses con largas tradiciones democr\u00e1ticas no invitan a nadie, porque no hay nada que festejar: se trata de un acontecimiento m\u00e1s de la normalidad democr\u00e1tica.<\/p>\n<p style=\"text-align: justify;\">En Am\u00e9rica Latina, despu\u00e9s del ocaso de los reg\u00edmenes autoritarios en los a\u00f1os ochenta y noventa, diversos jefes de Estado y de gobierno acudieron a transiciones emblem\u00e1ticas: Chile, en 1989, Argentina, en 1983, M\u00e9xico, en el a\u00f1o 2000, quiz\u00e1s Lula, en 2003. En otras partes del mundo ocurri\u00f3 algo semejante: muchos dignatarios asistieron a la toma de posesi\u00f3n de Nelson Mandela, en 1994.<\/p>\n<p style=\"text-align: justify;\">En algunas semidictaduras, como la del PRI hasta el 2000, se consagr\u00f3 la costumbre de la invitaci\u00f3n para legitimar una elecci\u00f3n o bien ficticia, o bien fraudulenta. Con el paso del tiempo, la idea original, ocasional y simb\u00f3lica se convirti\u00f3 en costumbre, sobre todo en Latinoamericana. No muy afortunada, porque se pierde una gran cantidad de tiempo, a cambio de nada. Veremos, por ejemplo, si AMLO acude a la toma de posesi\u00f3n de Jair Bolsonaro el 1 de enero de 2019.<\/p>\n<p style=\"text-align: justify;\">En segundo lugar, una vez que se decide convocar a una celebraci\u00f3n de esa naturaleza, cada pa\u00eds o pr\u00f3ximo mandatario puede invitar a quien quiera, y a quien no quiera, no. A diferencia de la Cumbre de Monterrey de 2002, por ejemplo, cuando el gobierno de Fox se vio obligado a recibir a Fidel Castro, ya que se trataba de un evento de la ONU, a un traspaso de poderes como el del 1 de diciembre, cada quien invita a quien se le da su regalada gana. Tuvimos que pedirle a Castro que partiera una vez concluida su participaci\u00f3n en la Asamblea de la ONU, debido las travesuras que siempre comet\u00eda en sus viajes al exterior y que se aprestaba a realizar en varias partes de la Rep\u00fablica. No lo invitamos por gusto.<\/p>\n<p style=\"text-align: justify;\">Ahora bien, los colaboradores de AMLO y \u00e9l mismo han esgrimido un argumento ahist\u00f3rico y falaz en el caso de Maduro, y que posiblemente utilicen tambi\u00e9n si Daniel Ortega, de Nicaragua, acepta la invitaci\u00f3n que seguramente se le turn\u00f3. Se resume as\u00ed: M\u00e9xico no discrimina entre unos y otros, somos amigos de todos, no opinamos sobre unos u otros. \u00bfAh, no, chato?<\/p>\n<p style=\"text-align: justify;\">\u00bfAMLO hubiera invitado a William De Clerk, \u00faltimo presidente del r\u00e9gimen del apartheid en Sud\u00e1frica, de seguir en funciones? \u00bfA Augusto Pinochet? \u00bfA Franco? \u00bfA Somoza? \u00bfA Roberto Micheletti, quien sustituy\u00f3 a Manuel Zelaya en Honduras despu\u00e9s del golpe de 2009 que lo destituy\u00f3? \u00bfO incluso al neofascista Viktor Orb\u00e1n, de Hungr\u00eda?<\/p>\n<p style=\"text-align: justify;\">Algunos sostendr\u00e1n que con los primeros no ten\u00edamos o no establecimos relaciones diplom\u00e1ticas. En efecto, justamente porque eran dictaduras sangrientas mantenidas ilegalmente en el poder. Otros responder\u00e1n que Maduro no es \u201ctan\u201d dictatorial como los casos mencionados. Veamos.<\/p>\n<p style=\"text-align: justify;\">S\u00f3lo este a\u00f1o fallecieron m\u00e1s de cien venezolanos, principalmente estudiantes, a ra\u00edz de la represi\u00f3n gubernamental (casi el doble de Tlatelolco). Se reportan varios centenares de presos pol\u00edticos en Caracas. De Chile, durante todo el exilio (1973-1989), huyeron del pa\u00eds poco menos de un mill\u00f3n personas en las estimaciones m\u00e1s abultadas. De Venezuela, durante los \u00faltimos cuatro a\u00f1os, han emigrado, en condiciones desgarradoras, entre 3 y casi 4 millones de personas.<\/p>\n<p style=\"text-align: justify;\">La elecci\u00f3n de Maduro en mayo fue desconocida por el Grupo de Lima, compuesto por los principales pa\u00edses de Am\u00e9rica Latina, incluyendo a Argentina, Brasil, M\u00e9xico y Chile, luego por una resoluci\u00f3n de la Asamblea General de la OEA. La Uni\u00f3n Europea y Canad\u00e1 tampoco aceptaron la legitimidad de la elecci\u00f3n de Maduro. \u00bfQu\u00e9 tanto dictador es tantito? A menos de que haya dictaduras buenas y malas\u2026<\/p>\n<p style=\"text-align: justify;\">M\u00e9xico s\u00ed escoge; s\u00ed opina; s\u00ed toma partido, ahora y siempre. Como todos los pa\u00edses del mundo. El amor y paz en materia internacional es una tonter\u00eda. Es l\u00f3gico que a L\u00f3pez Obrador estas consideraciones le resulten ajenas y aburridas: no entiende de esto, y no le interesa.<\/p>\n<p style=\"text-align: justify;\">Tambi\u00e9n uno puede comprender que el nuevo secretario de Relaciones tampoco conozca los vericuetos de las relaciones internacionales de M\u00e9xico de decenios transcurridos. Pero supongo que se ha rodeado de colaboradores que s\u00ed le pueden explicar ciertos hechos y dilemas, y que le hubieran evitado la verg\u00fcenza de tener entre sus escasos quince presidentes o reyes, a dos dictadores que s\u00f3lo generar\u00e1n complicaciones y anacronismos.<\/p>\n","protected":false},"excerpt":{"rendered":"<p>El anuncio de la pr\u00f3xima asistencia de Nicol\u00e1s Maduro a la toma de posesi\u00f3n de L\u00f3pez Obrador ha suscitado varias reacciones y comentarios. Muchos de ellos revelan una gran ignorancia de lo que se est\u00e1 hablando, y de la historia reciente de las relaciones internacionales y de la pol\u00edtica exterior de M\u00e9xico.<\/p>\n","protected":false},"author":6,"featured_media":18193,"comment_status":"open","ping_status":"open","sticky":false,"template":"","format":"standard","meta":{"_acf_changed":false,"_monsterinsights_skip_tracking":false,"slim_seo":{"title":"AMLO y Maduro: otro poquito de historia - Opini\u00f3n P\u00fablica","description":"El anuncio de la pr\u00f3xima asistencia de Nicol\u00e1s Maduro a la toma de posesi\u00f3n de L\u00f3pez Obrador ha suscitado varias reacciones y comentarios. Muchos de ellos revel"},"footnotes":""},"categories":[18],"tags":[],"class_list":["post-18194","post","type-post","status-publish","format-standard","has-post-thumbnail","hentry","category-castaneda-opina"],"acf":[],"_links":{"self":[{"href":"https:\/\/www.opinionpublica.tv\/portada\/wp-json\/wp\/v2\/posts\/18194","targetHints":{"allow":["GET"]}}],"collection":[{"href":"https:\/\/www.opinionpublica.tv\/portada\/wp-json\/wp\/v2\/posts"}],"about":[{"href":"https:\/\/www.opinionpublica.tv\/portada\/wp-json\/wp\/v2\/types\/post"}],"author":[{"embeddable":true,"href":"https:\/\/www.opinionpublica.tv\/portada\/wp-json\/wp\/v2\/users\/6"}],"replies":[{"embeddable":true,"href":"https:\/\/www.opinionpublica.tv\/portada\/wp-json\/wp\/v2\/comments?post=18194"}],"version-history":[{"count":0,"href":"https:\/\/www.opinionpublica.tv\/portada\/wp-json\/wp\/v2\/posts\/18194\/revisions"}],"wp:featuredmedia":[{"embeddable":true,"href":"https:\/\/www.opinionpublica.tv\/portada\/wp-json\/wp\/v2\/media\/18193"}],"wp:attachment":[{"href":"https:\/\/www.opinionpublica.tv\/portada\/wp-json\/wp\/v2\/media?parent=18194"}],"wp:term":[{"taxonomy":"category","embeddable":true,"href":"https:\/\/www.opinionpublica.tv\/portada\/wp-json\/wp\/v2\/categories?post=18194"},{"taxonomy":"post_tag","embeddable":true,"href":"https:\/\/www.opinionpublica.tv\/portada\/wp-json\/wp\/v2\/tags?post=18194"}],"curies":[{"name":"wp","href":"https:\/\/api.w.org\/{rel}","templated":true}]}}