{"id":18190,"date":"2018-10-27T06:00:00","date_gmt":"2018-10-27T04:00:00","guid":{"rendered":"https:\/\/www.opinionpublica.tv\/portada\/2018\/10\/27\/con-solo-secundaria-o-primaria-el-47-3-de-policias-estatales-en-el-pais-revela-inegi\/"},"modified":"2018-10-27T06:00:00","modified_gmt":"2018-10-27T04:00:00","slug":"con-solo-secundaria-o-primaria-el-47-3-de-policias-estatales-en-el-pais-revela-inegi","status":"publish","type":"post","link":"https:\/\/www.opinionpublica.tv\/portada\/con-solo-secundaria-o-primaria-el-47-3-de-policias-estatales-en-el-pais-revela-inegi\/","title":{"rendered":"Con s\u00f3lo secundaria o primaria el 47.3% de polic\u00edas estatales en el pa\u00eds; revela INEGI"},"content":{"rendered":"<p><img fetchpriority=\"high\" decoding=\"async\" class=\" size-full wp-image-18189\" src=\"https:\/\/www.opinionpublica.tv\/portada\/wp-content\/uploads\/2018\/10\/cbd693abc0641762ff2b5d30d8ddb2df.jpg\" alt=\"\" class=\"caption\" title=\"Casi la mitad de los polic\u00edas estatales en M\u00e9xico carecen de educaci\u00f3n media y profesional.\" width=\"1078\" height=\"800\" srcset=\"https:\/\/www.opinionpublica.tv\/portada\/wp-content\/uploads\/2018\/10\/cbd693abc0641762ff2b5d30d8ddb2df.jpg 1078w, https:\/\/www.opinionpublica.tv\/portada\/wp-content\/uploads\/2018\/10\/cbd693abc0641762ff2b5d30d8ddb2df-300x223.jpg 300w, https:\/\/www.opinionpublica.tv\/portada\/wp-content\/uploads\/2018\/10\/cbd693abc0641762ff2b5d30d8ddb2df-1024x760.jpg 1024w, https:\/\/www.opinionpublica.tv\/portada\/wp-content\/uploads\/2018\/10\/cbd693abc0641762ff2b5d30d8ddb2df-768x570.jpg 768w\" sizes=\"(max-width: 1078px) 100vw, 1078px\" \/><br \/>\n<!--more--><\/p>\n<p style=\"text-align: justify;\"><em>Ciudad de M\u00e9xico<\/em>.- En M\u00e9xico, cerca de la mitad -47.3%- de los 217 mil 287 agentes de las distintas corporaciones de polic\u00eda estatales tiene un nivel educativo de secundaria o inferior, y una proporci\u00f3n equivalente gana menos de 10 mil pesos al mes, seg\u00fan el Instituto Nacional de Estad\u00edstica y Geograf\u00eda (INEGI).<\/p>\n<p style=\"text-align: justify;\">En el Censo Nacional de Gobierno, Seguridad P\u00fablica y Sistema Penitenciario Estatales 2018, el INEGI report\u00f3 que las polic\u00edas estatales intervinieron en 213 mil delitos el a\u00f1o pasado, 94% de ellos del fuero com\u00fan, los m\u00e1s recurrentes de ellos fueron robos (49%), violencia familiar (9.6%), lesiones (6.4%) y narcomenudeo (5.3%).<\/p>\n<p style=\"text-align: justify;\">El 6% de los delitos restantes -12 mil 868- se enmarc\u00f3 en el fuero federal; en 27.8% de los casos, los uniformados estatales intervinieron en casos de armas de fuego y explosivos, en un 22.7% en narcomenudeo; en 22.3% en narc\u00f3ticos y en un 10.5% por robo de hidrocarburos.<\/p>\n<p style=\"text-align: justify;\">El INEGI tambi\u00e9n resalt\u00f3 que, en M\u00e9xico, 181 mil 999 estaban encarceladas en 2017, una tercera parte de ellos sin sentencia ni resoluci\u00f3n de justicia. El 35.4% de las personas encarceladas lo estaban por el delito de robo; 16.9% por homicidio, 7.9% por violaci\u00f3n y 6% por narcomenudeo o secuestro. (Proceso)<\/p>\n","protected":false},"excerpt":{"rendered":"","protected":false},"author":6,"featured_media":18189,"comment_status":"open","ping_status":"open","sticky":false,"template":"","format":"standard","meta":{"_acf_changed":false,"_monsterinsights_skip_tracking":false,"slim_seo":{"title":"Con s\u00f3lo secundaria o primaria el 47.3% de polic\u00edas estatales en el pa\u00eds; revela INEGI - Opini\u00f3n P\u00fablica","description":"Ciudad de M\u00e9xico .- En M\u00e9xico, cerca de la mitad -47.3%- de los 217 mil 287 agentes de las distintas corporaciones de polic\u00eda estatales tiene un nivel educativo"},"footnotes":""},"categories":[3],"tags":[],"class_list":["post-18190","post","type-post","status-publish","format-standard","has-post-thumbnail","hentry","category-principal"],"acf":[],"_links":{"self":[{"href":"https:\/\/www.opinionpublica.tv\/portada\/wp-json\/wp\/v2\/posts\/18190","targetHints":{"allow":["GET"]}}],"collection":[{"href":"https:\/\/www.opinionpublica.tv\/portada\/wp-json\/wp\/v2\/posts"}],"about":[{"href":"https:\/\/www.opinionpublica.tv\/portada\/wp-json\/wp\/v2\/types\/post"}],"author":[{"embeddable":true,"href":"https:\/\/www.opinionpublica.tv\/portada\/wp-json\/wp\/v2\/users\/6"}],"replies":[{"embeddable":true,"href":"https:\/\/www.opinionpublica.tv\/portada\/wp-json\/wp\/v2\/comments?post=18190"}],"version-history":[{"count":0,"href":"https:\/\/www.opinionpublica.tv\/portada\/wp-json\/wp\/v2\/posts\/18190\/revisions"}],"wp:featuredmedia":[{"embeddable":true,"href":"https:\/\/www.opinionpublica.tv\/portada\/wp-json\/wp\/v2\/media\/18189"}],"wp:attachment":[{"href":"https:\/\/www.opinionpublica.tv\/portada\/wp-json\/wp\/v2\/media?parent=18190"}],"wp:term":[{"taxonomy":"category","embeddable":true,"href":"https:\/\/www.opinionpublica.tv\/portada\/wp-json\/wp\/v2\/categories?post=18190"},{"taxonomy":"post_tag","embeddable":true,"href":"https:\/\/www.opinionpublica.tv\/portada\/wp-json\/wp\/v2\/tags?post=18190"}],"curies":[{"name":"wp","href":"https:\/\/api.w.org\/{rel}","templated":true}]}}