{"id":18148,"date":"2018-10-25T06:00:00","date_gmt":"2018-10-25T04:00:00","guid":{"rendered":"https:\/\/www.opinionpublica.tv\/portada\/2018\/10\/25\/participaron-184-mil-154-ciudadanos-en-primera-jornada-de-consulta-por-naim\/"},"modified":"2018-10-25T06:00:00","modified_gmt":"2018-10-25T04:00:00","slug":"participaron-184-mil-154-ciudadanos-en-primera-jornada-de-consulta-por-naim","status":"publish","type":"post","link":"https:\/\/www.opinionpublica.tv\/portada\/participaron-184-mil-154-ciudadanos-en-primera-jornada-de-consulta-por-naim\/","title":{"rendered":"Participaron 184 mil 154 ciudadanos en primera jornada de consulta por NAIM"},"content":{"rendered":"<p><img fetchpriority=\"high\" decoding=\"async\" class=\" size-full wp-image-18147\" src=\"https:\/\/www.opinionpublica.tv\/portada\/wp-content\/uploads\/2018\/10\/a8ffc7891448a96afc695c40077d8d57.jpg\" alt=\"\" class=\"caption\" title=\"La consulta sobre el nuevo aeropuerto se lleva a cabo en todo el pa\u00eds.\" width=\"664\" height=\"498\" srcset=\"https:\/\/www.opinionpublica.tv\/portada\/wp-content\/uploads\/2018\/10\/a8ffc7891448a96afc695c40077d8d57.jpg 664w, https:\/\/www.opinionpublica.tv\/portada\/wp-content\/uploads\/2018\/10\/a8ffc7891448a96afc695c40077d8d57-300x225.jpg 300w\" sizes=\"(max-width: 664px) 100vw, 664px\" \/><br \/>\n<!--more--><\/p>\n<p style=\"text-align: justify;\"><em>Ciudad de M\u00e9xico<\/em>.- La oficina de prensa del presidente electo,\u00a0Andr\u00e9s Manuel L\u00f3pez Obrador, inform\u00f3 a trav\u00e9s de un comunicado que en la primera jornada de la consulta para definir el destino del\u00a0Nuevo Aeropuerto Internacional de M\u00e9xico (NAIM),\u00a0que se llev\u00f3 a cabo con absoluta calma y sin incidentes de gravedad, participaron\u00a0184 mil 154 ciudadanos.<\/p>\n<p style=\"text-align: justify;\">En el texto se detalla que en la consulta inici\u00f3 este jueves 25 de octubre en\u00a0538 municipios del todo el pa\u00eds, donde se instalaron\u00a0mil 19 casillas, de las mil 73 programadas, lo que representa\u00a0\u201cel 95 por ciento de la instalaci\u00f3n\u201d.<\/p>\n<p style=\"text-align: justify;\">\u201cEn cuanto a las fallas en el sistema de votaci\u00f3n reportados hasta el momento, \u00e9stos se han generado debido a la falta de conectividad de algunas zonas, por lo que inclusive dentro de las ciudades se ha producido un retraso en el registro de las claves de elector\u201d, se detalla en el texto.<\/p>\n<p style=\"text-align: justify;\">\u201cSin embargo, los datos de los que disponemos hasta el momento nos permiten afirmar que se trata \u00fanicamente de situaciones focalizadas que no configuran un patr\u00f3n de comportamiento que ponga en duda la validez de la consulta\u201d, se agrega en el documento. (Exc\u00e9lsior)<\/p>\n","protected":false},"excerpt":{"rendered":"","protected":false},"author":6,"featured_media":18147,"comment_status":"open","ping_status":"open","sticky":false,"template":"","format":"standard","meta":{"_acf_changed":false,"_monsterinsights_skip_tracking":false,"slim_seo":{"title":"Participaron 184 mil 154 ciudadanos en primera jornada de consulta por NAIM - Opini\u00f3n P\u00fablica","description":"Ciudad de M\u00e9xico .- La oficina de prensa del presidente electo,\u00a0Andr\u00e9s Manuel L\u00f3pez Obrador, inform\u00f3 a trav\u00e9s de un comunicado que en la primera jornada de la c"},"footnotes":""},"categories":[3],"tags":[],"class_list":["post-18148","post","type-post","status-publish","format-standard","has-post-thumbnail","hentry","category-principal"],"acf":[],"_links":{"self":[{"href":"https:\/\/www.opinionpublica.tv\/portada\/wp-json\/wp\/v2\/posts\/18148","targetHints":{"allow":["GET"]}}],"collection":[{"href":"https:\/\/www.opinionpublica.tv\/portada\/wp-json\/wp\/v2\/posts"}],"about":[{"href":"https:\/\/www.opinionpublica.tv\/portada\/wp-json\/wp\/v2\/types\/post"}],"author":[{"embeddable":true,"href":"https:\/\/www.opinionpublica.tv\/portada\/wp-json\/wp\/v2\/users\/6"}],"replies":[{"embeddable":true,"href":"https:\/\/www.opinionpublica.tv\/portada\/wp-json\/wp\/v2\/comments?post=18148"}],"version-history":[{"count":0,"href":"https:\/\/www.opinionpublica.tv\/portada\/wp-json\/wp\/v2\/posts\/18148\/revisions"}],"wp:featuredmedia":[{"embeddable":true,"href":"https:\/\/www.opinionpublica.tv\/portada\/wp-json\/wp\/v2\/media\/18147"}],"wp:attachment":[{"href":"https:\/\/www.opinionpublica.tv\/portada\/wp-json\/wp\/v2\/media?parent=18148"}],"wp:term":[{"taxonomy":"category","embeddable":true,"href":"https:\/\/www.opinionpublica.tv\/portada\/wp-json\/wp\/v2\/categories?post=18148"},{"taxonomy":"post_tag","embeddable":true,"href":"https:\/\/www.opinionpublica.tv\/portada\/wp-json\/wp\/v2\/tags?post=18148"}],"curies":[{"name":"wp","href":"https:\/\/api.w.org\/{rel}","templated":true}]}}