{"id":18146,"date":"2018-10-25T06:00:00","date_gmt":"2018-10-25T04:00:00","guid":{"rendered":"https:\/\/www.opinionpublica.tv\/portada\/2018\/10\/25\/la-caravana-y-un-poco-de-historia\/"},"modified":"2018-10-25T06:00:00","modified_gmt":"2018-10-25T04:00:00","slug":"la-caravana-y-un-poco-de-historia","status":"publish","type":"post","link":"https:\/\/www.opinionpublica.tv\/portada\/la-caravana-y-un-poco-de-historia\/","title":{"rendered":"La caravana y un poco de historia"},"content":{"rendered":"<p style=\"text-align: justify;\">Ahora que unos siete u ocho mil hondure\u00f1os han optado por organizarse en una caravana y dirigirse a Estados Unidos, atravesando buena parte de Guatemala y de M\u00e9xico, algunos analistas han evocado el recuerdo de los a\u00f1os ochenta. Al principio de ese decenio, miles de guatemaltecos, en buena parte ind\u00edgenas del Quich\u00e9 y de Huehuetenango, entraron a M\u00e9xico huyendo de la pol\u00edtica de tierra quemada de los militares y en particular de Efra\u00edn R\u00edos Montt.<\/p>\n<p><!--more--><\/p>\n<p style=\"text-align: justify;\">En un primer momento, el Ej\u00e9rcito mexicano llev\u00f3 a cabo un\u00a0<em>refoulement\u00a0<\/em>ilegal y reprobable, pero el presidente Jos\u00e9 L\u00f3pez Portillo, instado por su canciller, rectific\u00f3. Finalmente, casi 50 mil refugiados guatemaltecos ingresaron a M\u00e9xico, permanecieron en campamentos en Chiapas, coadministrados por la ONU \u2013ACNUR\u2013 y el gobierno de M\u00e9xico \u2013Comar\u2013 hasta 1984, cuando fueron trasladados \u2013por la fuerza\u2013 a Campeche.<\/p>\n<p style=\"text-align: justify;\">Algunos volvieron a su pa\u00eds despu\u00e9s de los acuerdos de paz de 1995. Muchos se instalaron en M\u00e9xico, adquirieron la ciudadan\u00eda mexicana, y tuvieron hijos mexicanos, hoy ya mayores y magn\u00edficos ciudadanos. Tuve la oportunidad de entregarles a integrantes de ambos grupos sus certificados de nacionalidad mexicana, en 2001, siendo secretario de Relaciones; unos cuantos recordaban que hab\u00eda sido mi padre el responsable de su llegada al pa\u00eds, en 1981-1982. Fue un buen cap\u00edtulo de nuestra historia de hospitalidad y solidaridad.<\/p>\n<p style=\"text-align: justify;\" data-count=\"594\" data-wrap=\"93\">ACNUR desempe\u00f1\u00f3 un papel importante en esa historia, no siempre con el agrado del gobierno de M\u00e9xico. El pr\u00f3ximo director de la Comisi\u00f3n Federal de Electricidad expuls\u00f3 al representante de la ONU para refugiados, en 1984. Con su tacto consabido, Manuel Bartlett, secretario de Gobernaci\u00f3n, no titube\u00f3 en declararlo persona non grata por no seguir a pie juntillas las indicaciones del gobierno de Miguel de la Madrid. Cuando los guatemaltecos fueron reubicados en Campeche, el mismo Bartlett \u2013acu\u00e9rdate, Tatiana\u2013 mando secuestrar y vejar a Adolfo Aguilar Z\u00ednser por protestar contra la medida.<\/p>\n<p style=\"text-align: justify;\" data-count=\"484\" data-wrap=\"89\">Todo esto viene a colaci\u00f3n por el tema de ACNUR, la caravana hondure\u00f1a y la postura del gobierno de Pe\u00f1a Nieto\/L\u00f3pez Obrador en estos momentos y a partir del 1 de diciembre. Se enojan conmigo los partidarios de la 4-T porque les adjudico la responsabilidad de lo que ha sucedido. Se la buscaron: AMLO quiso que su gente participara en las negociaciones del TLC, que viajara por su cuenta por el mundo, que ocuparan ya cargos de facto. Para bien o para mal, todo esto ya es su asunto.<\/p>\n<p style=\"text-align: justify;\" data-count=\"549\" data-wrap=\"92\">Videgaray, con buen tino, meti\u00f3 a ACNUR en el tema de la caravana. Hasta donde pueda el Alto Comisionado, estoy seguro que enviar\u00e1 personal y recursos materiales para albergar a los hondure\u00f1os que soliciten asilo en M\u00e9xico, que acepten ser atendidos por ACNUR y una Comar venida a menos desde 2007, y que deseen permanecer en Chiapas, tal vez Oaxaca, hasta que su caso sea resuelto. En realidad para un largo periodo, o para siempre. Pero existen grandes diferencias y algunas semejanzas entre los guatemaltecos de 1981-82 y los hondure\u00f1os de 2018.<\/p>\n<p style=\"text-align: justify;\" data-count=\"574\" data-wrap=\"88\">Ambos grupos est\u00e1n organizados. No de manera conspirativa \u2013por Trump, por Zelaya, en aquella \u00e9poca por la guerrilla de Guatemala, pero organizados, s\u00ed. Su \u00e9xodo respondi\u00f3 a espantosas condiciones en su lugar de origen \u2013el genocidio hace casi cuarenta a\u00f1os, la ciudad m\u00e1s violenta del mundo en San Pedro Sula, hoy\u2013 y a una iniciativa de diversas organizaciones de la sociedad civil: armadas entonces, pac\u00edficas ahora. Esto hace que las decisiones que tomen los hondure\u00f1os hoy, como los guatemaltecos entonces, respondan a consideraciones de fondo, no puramente coyunturales.<\/p>\n<p style=\"text-align: justify;\" data-count=\"1044\" data-wrap=\"171\">Aqu\u00ed comienzan las diferencias. Los de Guatemala deseaban permanecer lo m\u00e1s cerca posible de la frontera. Por varios motivos. Primero, para recibir a m\u00e1s guatemaltecos. En segundo lugar, para volver a sus pueblos cuando las condiciones lo permitieran. Tercero, porque, efectivamente, constitu\u00edan una retaguardia de la URNG, la organizaci\u00f3n unida de la guerrilla, comandada principalmente por Rolando Mor\u00e1n, gran amigo, y por Gaspar Ilom, hijo de Miguel \u00c1ngel Asturias, ambos fallecidos.<\/p>\n<p style=\"text-align: justify;\">Los hondure\u00f1os de hoy lo \u00faltimo que buscan es asentarse en Chiapas como refugiados. Quieren llegar a Estados Unidos, o por lo menos entregar a sus ni\u00f1os all\u00e1 y seguir insistiendo en la frontera norte de M\u00e9xico para entrar al pa\u00eds del norte, de una manera u otra. Los guatemaltecos de entonces aceptaron la hospitalidad mexicana y la atenci\u00f3n de ACNUR por esa raz\u00f3n; los hondure\u00f1os de hoy son diferentes. Por eso dudo que funcione la idea de Videgaray de radicar a los integrantes de la caravana en campamentos de ACNUR en Chiapas. Lo que es m\u00e1s, ya no fue.<\/p>\n","protected":false},"excerpt":{"rendered":"<p>Ahora que unos siete u ocho mil hondure\u00f1os han optado por organizarse en una caravana y dirigirse a Estados Unidos, atravesando buena parte de Guatemala y de M\u00e9xico, algunos analistas han evocado el recuerdo de los a\u00f1os ochenta. Al principio de ese decenio, miles de guatemaltecos, en buena parte ind\u00edgenas del Quich\u00e9 y de Huehuetenango, [&hellip;]<\/p>\n","protected":false},"author":6,"featured_media":0,"comment_status":"open","ping_status":"open","sticky":false,"template":"","format":"standard","meta":{"_acf_changed":false,"_monsterinsights_skip_tracking":false,"slim_seo":{"title":"La caravana y un poco de historia - Opini\u00f3n P\u00fablica","description":"Ahora que unos siete u ocho mil hondure\u00f1os han optado por organizarse en una caravana y dirigirse a Estados Unidos, atravesando buena parte de Guatemala y de M\u00e9"},"footnotes":""},"categories":[18],"tags":[],"class_list":["post-18146","post","type-post","status-publish","format-standard","hentry","category-castaneda-opina"],"acf":[],"_links":{"self":[{"href":"https:\/\/www.opinionpublica.tv\/portada\/wp-json\/wp\/v2\/posts\/18146","targetHints":{"allow":["GET"]}}],"collection":[{"href":"https:\/\/www.opinionpublica.tv\/portada\/wp-json\/wp\/v2\/posts"}],"about":[{"href":"https:\/\/www.opinionpublica.tv\/portada\/wp-json\/wp\/v2\/types\/post"}],"author":[{"embeddable":true,"href":"https:\/\/www.opinionpublica.tv\/portada\/wp-json\/wp\/v2\/users\/6"}],"replies":[{"embeddable":true,"href":"https:\/\/www.opinionpublica.tv\/portada\/wp-json\/wp\/v2\/comments?post=18146"}],"version-history":[{"count":0,"href":"https:\/\/www.opinionpublica.tv\/portada\/wp-json\/wp\/v2\/posts\/18146\/revisions"}],"wp:attachment":[{"href":"https:\/\/www.opinionpublica.tv\/portada\/wp-json\/wp\/v2\/media?parent=18146"}],"wp:term":[{"taxonomy":"category","embeddable":true,"href":"https:\/\/www.opinionpublica.tv\/portada\/wp-json\/wp\/v2\/categories?post=18146"},{"taxonomy":"post_tag","embeddable":true,"href":"https:\/\/www.opinionpublica.tv\/portada\/wp-json\/wp\/v2\/tags?post=18146"}],"curies":[{"name":"wp","href":"https:\/\/api.w.org\/{rel}","templated":true}]}}