{"id":18103,"date":"2018-10-18T06:00:00","date_gmt":"2018-10-18T04:00:00","guid":{"rendered":"https:\/\/www.opinionpublica.tv\/portada\/2018\/10\/18\/efemerides-18-de-octubre-2\/"},"modified":"2018-10-18T06:00:00","modified_gmt":"2018-10-18T04:00:00","slug":"efemerides-18-de-octubre-2","status":"publish","type":"post","link":"https:\/\/www.opinionpublica.tv\/portada\/efemerides-18-de-octubre-2\/","title":{"rendered":"Efem\u00e9rides 18 de octubre"},"content":{"rendered":"<img fetchpriority=\"high\" decoding=\"async\" class=\" size-full wp-image-18102\" src=\"https:\/\/www.opinionpublica.tv\/portada\/wp-content\/uploads\/2018\/10\/d08e81de4aa4df4abd7c858d78f47314.jpg\" alt=\"\" class=\"caption\" title=\"Puerto Rico forma parte de Estados Unidos desde 1898.\" width=\"615\" height=\"426\" srcset=\"https:\/\/www.opinionpublica.tv\/portada\/wp-content\/uploads\/2018\/10\/d08e81de4aa4df4abd7c858d78f47314.jpg 615w, https:\/\/www.opinionpublica.tv\/portada\/wp-content\/uploads\/2018\/10\/d08e81de4aa4df4abd7c858d78f47314-300x208.jpg 300w\" sizes=\"(max-width: 615px) 100vw, 615px\" \/>\n<p style=\"text-align: justify;\">Un d\u00eda 18 de octubre como, pero de 1898, se iza en San Juan de Puerto Rico la bandera de los Estados Unidos, una vez perdida la isla para Espa\u00f1a.<\/p>\n<p><!--more--><\/p>\n<p style=\"text-align: justify;\"><strong>Otras efem\u00e9rides<\/strong><\/p>\n<p style=\"text-align: justify;\">1678.- Muere Jacobo Jordaens, pintor flamenco.<\/p>\n<p style=\"text-align: justify;\">1801.- Nace Justo Jos\u00e9 de Urquiza, general y estadista argentino.<\/p>\n<p style=\"text-align: justify;\">1859.- Nace Henri Bergson, fil\u00f3sofo y escritor franc\u00e9s.<\/p>\n<p style=\"text-align: justify;\">1869.- Publicaci\u00f3n del primer n\u00famero de \u00abLa Prensa\u00bb, uno de los principales diarios de Argentina.<\/p>\n<p style=\"text-align: justify;\">1882.- Creaci\u00f3n del centro astron\u00f3mico denominado luego Observatorio Nacional de La Plata, uno de los m\u00e1s importantes del mundo.<\/p>\n<p style=\"text-align: justify;\">1892.- Inauguraci\u00f3n de la primera l\u00ednea telef\u00f3nica interurbana establecida en el mundo, entre Nueva York y Chicago.<\/p>\n<p style=\"text-align: justify;\">1899.- Comienza en Colombia la guerra civil de los \u00abMil D\u00edas\u00bb.<\/p>\n<p style=\"text-align: justify;\">1901.- Fundaci\u00f3n de la Biblioteca Nacional de La Habana por el gobernador estadounidense de Cuba, Leonard Wood.<\/p>\n<p style=\"text-align: justify;\">1904.- Bolivia y Chile firman la paz.<\/p>\n<p style=\"text-align: justify;\">1912.- Firma en Lausanne (Suiza) del tratado que pone fin a la guerra entre Italia y Turqu\u00eda.<\/p>\n<p style=\"text-align: justify;\">1920.- Huelga en la miner\u00eda inglesa (un mill\u00f3n de trabajadores) en demanda de un aumento de dos chelines en los salarios.<\/p>\n<p style=\"text-align: justify;\">1925.- Nace Melina Mercuri, actriz y pol\u00edtica griega.<\/p>\n<p style=\"text-align: justify;\">1929.- Nace Violeta Chamorro, ex presidenta de Nicaragua.<\/p>\n<p style=\"text-align: justify;\">1931.- Muere Thomas Edison, inventor estadounidense.<\/p>\n<p style=\"text-align: justify;\">1942.- Nace Isabel Allende, escritora chilena.<\/p>\n<p style=\"text-align: justify;\">1944.- Un cicl\u00f3n arrasa el sur de M\u00e9xico y ocasiona m\u00e1s de 500 muertos.<\/p>\n<p style=\"text-align: justify;\">1945.- Derrocado el presidente venezolano, Isa\u00edas Medina Angarita.<\/p>\n<p style=\"text-align: justify;\">1949.- M\u00e1s de un millar de muertos y unos 100.000 damnificados en Guatemala tras dos semanas de lluvias torrenciales.<\/p>\n<p style=\"text-align: justify;\">1955.- Muere Jos\u00e9 Ortega y Gasset, fil\u00f3sofo y escritor espa\u00f1ol.<\/p>\n<p style=\"text-align: justify;\">1959.- La estaci\u00f3n sovi\u00e9tica \u00abLunik III\u00bb transmite fotograf\u00edas de la cara oculta de la Luna.<\/p>\n<p style=\"text-align: justify;\">1979.- Un golpe militar derroca al presidente de El Salvador, Carlos Humberto Romero.<\/p>\n<p style=\"text-align: justify;\">1983.- Conferencia en San Juan de Puerto Rico sobre las grandes ciudades de Am\u00e9rica.<\/p>\n<p style=\"text-align: justify;\">1984.- Argentina y Chile firman en El Vaticano el compromiso que pone fin a la disputa hist\u00f3rica sobre el canal de Beagle.<\/p>\n<p style=\"text-align: justify;\">1984.- Hallado en Nairobi un esqueleto humano de 1.600.000 a\u00f1os.<\/p>\n<p style=\"text-align: justify;\">1988.- El hurac\u00e1n \u00abJuana\u00bb causa 18 muertos, 20 desaparecidos, 18.000 damnificados en Colombia, y 70 muertos, 250 heridos, 180.000 damnificados y 60.000 casas destruidas en Nicaragua.<\/p>\n<p style=\"text-align: justify;\">1989.- Dimite Erich Honecker, presidente de la Rep\u00fablica Democr\u00e1tica Alemana.<\/p>\n<p style=\"text-align: justify;\">1989.- El presidente peruano Alan Garc\u00eda y el boliviano Jaime Paz Zamora acuerdan en el lago Titicaca la concesi\u00f3n a Bolivia de zonas francas en dos puertos peruanos para facilitar a ese pa\u00eds su salida al mar.<\/p>\n<p style=\"text-align: justify;\">1991.- Israel y la URSS restablecen relaciones diplom\u00e1ticas, interrumpidas en la Guerra \u00e1rabe-israel\u00ed de los Seis D\u00edas de 1967.<\/p>\n<p style=\"text-align: justify;\">1997.- El Rey Juan Carlos de Espa\u00f1a inaugura el Museo Gugenheim de Bilbao.<\/p>\n<p style=\"text-align: justify;\">1999.- El juez espa\u00f1ol Baltasar Garz\u00f3n declarara a otros 29 militares y polic\u00edas de Argentina imputados (ya son 189) en el sumario sobre cr\u00edmenes y desapariciones registrados en este pa\u00eds durante la dictadura militar (1976-1983).<\/p>\n<p style=\"text-align: justify;\">2000.- El Senado estadounidense aprueba tras cuatro d\u00e9cadas de embargo la venta de alimentos y medicinas a Cuba.<\/p>\n<p style=\"text-align: justify;\">2001.- Los ministros unionistas dimiten en bloque y paralizan la autonom\u00eda del Ulster (Irlanda del Norte).<\/p>\n<p style=\"text-align: justify;\">2003.- El astronauta espa\u00f1ol Pedro Duque integra la misi\u00f3n de la Estaci\u00f3n Espacial Internacional (ISS).<\/p>\n<p style=\"text-align: justify;\">2003.- Carlos Mesa Gilbert asume la presidencia de Bolivia.<\/p>\n<p style=\"text-align: justify;\">2003.- Muere Manuel V\u00e1zquez Montalb\u00e1n, escritor espa\u00f1ol.<\/p>\n<p style=\"text-align: justify;\">2004.- El Mercosur y la Comunidad Andina de Naciones firman en Montevideo un acuerdo de libre comercio, que crea el quinto mayor espacio econ\u00f3mico del mundo.<\/p>\n<p style=\"text-align: justify;\">2004.- Desarticulada una presunta c\u00e9lula de Al Qaeda en Espa\u00f1a, que pretend\u00eda volar la Audiencia Nacional con 500 kilos de explosivos.<\/p>\n<p style=\"text-align: justify;\">2005.- Muere Alexander Y\u00e1kovlev, ide\u00f3logo de la Perestroika.<\/p>\n<p style=\"text-align: justify;\">2006.- EEUU dicta una nueva pol\u00edtica espacial que se reserva el derecho de denegar el acceso al espacio a pa\u00edses considerados \u00abadversarios\u00bb.<\/p>\n<p style=\"text-align: justify;\">2007.- 140 muertos y 550 heridos en un atentado al paso de la comitiva de la ex primera ministra Benazir Bhuto en Karachi, a su regreso a Pakist\u00e1n.<\/p>\n<p style=\"text-align: justify;\">2007.- Los l\u00edderes de la UE llegan a un acuerdo en Lisboa sobre un nuevo Tratado de la uni\u00f3n.<\/p>\n<p style=\"text-align: justify;\">2007.- Muere Carlos Salgado, periodista y humorista hondure\u00f1o.<\/p>\n","protected":false},"excerpt":{"rendered":"<p>Un d\u00eda 18 de octubre como, pero de 1898, se iza en San Juan de Puerto Rico la bandera de los Estados Unidos, una vez perdida la isla para Espa\u00f1a.<\/p>\n","protected":false},"author":6,"featured_media":18102,"comment_status":"open","ping_status":"open","sticky":false,"template":"","format":"standard","meta":{"_acf_changed":false,"_monsterinsights_skip_tracking":false,"slim_seo":{"title":"Efem\u00e9rides 18 de octubre - Opini\u00f3n P\u00fablica","description":"Un d\u00eda 18 de octubre como, pero de 1898, se iza en San Juan de Puerto Rico la bandera de los Estados Unidos, una vez perdida la isla para Espa\u00f1a. Otras efem\u00e9rid"},"footnotes":""},"categories":[27],"tags":[],"class_list":["post-18103","post","type-post","status-publish","format-standard","has-post-thumbnail","hentry","category-un-dia-como-hoy"],"acf":[],"_links":{"self":[{"href":"https:\/\/www.opinionpublica.tv\/portada\/wp-json\/wp\/v2\/posts\/18103","targetHints":{"allow":["GET"]}}],"collection":[{"href":"https:\/\/www.opinionpublica.tv\/portada\/wp-json\/wp\/v2\/posts"}],"about":[{"href":"https:\/\/www.opinionpublica.tv\/portada\/wp-json\/wp\/v2\/types\/post"}],"author":[{"embeddable":true,"href":"https:\/\/www.opinionpublica.tv\/portada\/wp-json\/wp\/v2\/users\/6"}],"replies":[{"embeddable":true,"href":"https:\/\/www.opinionpublica.tv\/portada\/wp-json\/wp\/v2\/comments?post=18103"}],"version-history":[{"count":0,"href":"https:\/\/www.opinionpublica.tv\/portada\/wp-json\/wp\/v2\/posts\/18103\/revisions"}],"wp:featuredmedia":[{"embeddable":true,"href":"https:\/\/www.opinionpublica.tv\/portada\/wp-json\/wp\/v2\/media\/18102"}],"wp:attachment":[{"href":"https:\/\/www.opinionpublica.tv\/portada\/wp-json\/wp\/v2\/media?parent=18103"}],"wp:term":[{"taxonomy":"category","embeddable":true,"href":"https:\/\/www.opinionpublica.tv\/portada\/wp-json\/wp\/v2\/categories?post=18103"},{"taxonomy":"post_tag","embeddable":true,"href":"https:\/\/www.opinionpublica.tv\/portada\/wp-json\/wp\/v2\/tags?post=18103"}],"curies":[{"name":"wp","href":"https:\/\/api.w.org\/{rel}","templated":true}]}}