{"id":17813,"date":"2018-08-31T06:00:00","date_gmt":"2018-08-31T04:00:00","guid":{"rendered":"https:\/\/www.opinionpublica.tv\/portada\/2018\/08\/31\/eligen-mesa-directiva-del-primer-ano-de-ejercicio-de-legislatura-66\/"},"modified":"2018-08-31T06:00:00","modified_gmt":"2018-08-31T04:00:00","slug":"eligen-mesa-directiva-del-primer-ano-de-ejercicio-de-legislatura-66","status":"publish","type":"post","link":"https:\/\/www.opinionpublica.tv\/portada\/eligen-mesa-directiva-del-primer-ano-de-ejercicio-de-legislatura-66\/","title":{"rendered":"Eligen Mesa Directiva del primer a\u00f1o de Ejercicio de Legislatura 66"},"content":{"rendered":"<p><img fetchpriority=\"high\" decoding=\"async\" class=\" size-full wp-image-17812\" src=\"https:\/\/www.opinionpublica.tv\/portada\/wp-content\/uploads\/2018\/08\/92ef7c8b9069f9c8b0896015a300fc09.jpg\" alt=\"\" class=\"caption\" title=\"Los diputados de la Legislatura 66 rendir\u00e1n protesta este 1 de septiembre.\" width=\"2048\" height=\"1365\" srcset=\"https:\/\/www.opinionpublica.tv\/portada\/wp-content\/uploads\/2018\/08\/92ef7c8b9069f9c8b0896015a300fc09.jpg 2048w, https:\/\/www.opinionpublica.tv\/portada\/wp-content\/uploads\/2018\/08\/92ef7c8b9069f9c8b0896015a300fc09-300x200.jpg 300w, https:\/\/www.opinionpublica.tv\/portada\/wp-content\/uploads\/2018\/08\/92ef7c8b9069f9c8b0896015a300fc09-1024x683.jpg 1024w, https:\/\/www.opinionpublica.tv\/portada\/wp-content\/uploads\/2018\/08\/92ef7c8b9069f9c8b0896015a300fc09-768x512.jpg 768w, https:\/\/www.opinionpublica.tv\/portada\/wp-content\/uploads\/2018\/08\/92ef7c8b9069f9c8b0896015a300fc09-1536x1024.jpg 1536w\" sizes=\"(max-width: 2048px) 100vw, 2048px\" \/><br \/>\n<!--more--><\/p>\n<p style=\"text-align: justify;\"><em>Chihuahua, Chih<\/em>.- En la sede del Recinto Oficial del Poder Legislativo, se llev\u00f3 a cabo la Junta Previa de Instalaci\u00f3n para la elecci\u00f3n de la Mesa Directiva que dirigir\u00e1 los trabajos del Primer A\u00f1o de Ejercicio Constitucional de la Sexag\u00e9sima Sexta Legislatura.<\/p>\n<p style=\"text-align: justify;\">La ahora ex diputada Diana Karina Vel\u00e1zquez Ram\u00edrez, en representaci\u00f3n de la Comisi\u00f3n Instaladora para Dirigir los Trabajos de la Junta Previa para la Elecci\u00f3n de la Mesa Directiva para la primer a\u00f1o de Ejercicio de la pr\u00f3xima Legislatura del Congreso de Chihuahua, en su mensaje de bienvenida, inst\u00f3 a los diputados electos, a realizar su mejor esfuerzo a trav\u00e9s del di\u00e1logo, para lograr los consensos necesarios para el bien de las y los chihuahuenses.<\/p>\n<p style=\"text-align: justify;\">Posterior a ello, fue aprobada por unanimidad de votos la propuesta presentada por el diputado electo Ren\u00e9 Fr\u00edas Bencomo, respecto de la conformaci\u00f3n de la nueva Mesa Directiva.<\/p>\n<p style=\"text-align: justify;\">Dicha integraci\u00f3n qued\u00f3 de la siguiente manera:\u00a0<br \/> Presidente: Jes\u00fas Villarreal Mac\u00edas (PAN)<br \/> Primer Vicepresidente: Misael Maynez Cano (PES)<br \/> Segundo Vicepresidente: Omar Baz\u00e1n Flores (PRI)<br \/> Primer Secretario: Janet Francis Mendoza Berber (MORENA)\u00a0<br \/> Segundo Secretario: Carmen Roc\u00edo Gonz\u00e1lez Alonso (PAN)<br \/> Primer Prosecretario: Amelia Deyanira Ozaeta D\u00edaz (PT)<br \/> Segundo Prosecretario: Lourdes Beatriz Valle Armend\u00e1riz (MORENA)<br \/> Tercer Prosecretario: Martha Josefina Lemus Gurrola (PES)<br \/> Cuarto Prosecretario: Lorenzo Arturo Parga Amado (MC)<\/p>\n<p style=\"text-align: justify;\">Cabe mencionar que los 33 diputados electos, habr\u00e1n de rendir protesta este s\u00e1bado 1 de septiembre a las 11:00 horas, en el Recinto del Poder Legislativo.<\/p>\n","protected":false},"excerpt":{"rendered":"","protected":false},"author":6,"featured_media":17812,"comment_status":"open","ping_status":"open","sticky":false,"template":"","format":"standard","meta":{"_acf_changed":false,"_monsterinsights_skip_tracking":false,"slim_seo":{"title":"Eligen Mesa Directiva del primer a\u00f1o de Ejercicio de Legislatura 66 - Opini\u00f3n P\u00fablica","description":"Chihuahua, Chih .- En la sede del Recinto Oficial del Poder Legislativo, se llev\u00f3 a cabo la Junta Previa de Instalaci\u00f3n para la elecci\u00f3n de la Mesa Directiva qu"},"footnotes":""},"categories":[4],"tags":[],"class_list":["post-17813","post","type-post","status-publish","format-standard","has-post-thumbnail","hentry","category-pulsopolitico"],"acf":[],"_links":{"self":[{"href":"https:\/\/www.opinionpublica.tv\/portada\/wp-json\/wp\/v2\/posts\/17813","targetHints":{"allow":["GET"]}}],"collection":[{"href":"https:\/\/www.opinionpublica.tv\/portada\/wp-json\/wp\/v2\/posts"}],"about":[{"href":"https:\/\/www.opinionpublica.tv\/portada\/wp-json\/wp\/v2\/types\/post"}],"author":[{"embeddable":true,"href":"https:\/\/www.opinionpublica.tv\/portada\/wp-json\/wp\/v2\/users\/6"}],"replies":[{"embeddable":true,"href":"https:\/\/www.opinionpublica.tv\/portada\/wp-json\/wp\/v2\/comments?post=17813"}],"version-history":[{"count":0,"href":"https:\/\/www.opinionpublica.tv\/portada\/wp-json\/wp\/v2\/posts\/17813\/revisions"}],"wp:featuredmedia":[{"embeddable":true,"href":"https:\/\/www.opinionpublica.tv\/portada\/wp-json\/wp\/v2\/media\/17812"}],"wp:attachment":[{"href":"https:\/\/www.opinionpublica.tv\/portada\/wp-json\/wp\/v2\/media?parent=17813"}],"wp:term":[{"taxonomy":"category","embeddable":true,"href":"https:\/\/www.opinionpublica.tv\/portada\/wp-json\/wp\/v2\/categories?post=17813"},{"taxonomy":"post_tag","embeddable":true,"href":"https:\/\/www.opinionpublica.tv\/portada\/wp-json\/wp\/v2\/tags?post=17813"}],"curies":[{"name":"wp","href":"https:\/\/api.w.org\/{rel}","templated":true}]}}