{"id":17785,"date":"2018-08-25T06:00:00","date_gmt":"2018-08-25T04:00:00","guid":{"rendered":"https:\/\/www.opinionpublica.tv\/portada\/2018\/08\/25\/video-andrea-bocelli-y-celine-byrne-cantan-al-papa-francisco-el-ave-maria-en-irlanda\/"},"modified":"2018-08-25T06:00:00","modified_gmt":"2018-08-25T04:00:00","slug":"video-andrea-bocelli-y-celine-byrne-cantan-al-papa-francisco-el-ave-maria-en-irlanda","status":"publish","type":"post","link":"https:\/\/www.opinionpublica.tv\/portada\/video-andrea-bocelli-y-celine-byrne-cantan-al-papa-francisco-el-ave-maria-en-irlanda\/","title":{"rendered":"Video: Andrea Bocelli y Celine Byrne cantan al Papa Francisco el Ave Mar\u00eda en Irlanda"},"content":{"rendered":"<p><img fetchpriority=\"high\" decoding=\"async\" class=\" size-full wp-image-17784\" src=\"https:\/\/www.opinionpublica.tv\/portada\/wp-content\/uploads\/2018\/08\/92d71eb0f3424b04d11be95574266a35.jpg\" alt=\"\" width=\"504\" height=\"303\" srcset=\"https:\/\/www.opinionpublica.tv\/portada\/wp-content\/uploads\/2018\/08\/92d71eb0f3424b04d11be95574266a35.jpg 504w, https:\/\/www.opinionpublica.tv\/portada\/wp-content\/uploads\/2018\/08\/92d71eb0f3424b04d11be95574266a35-300x180.jpg 300w\" sizes=\"(max-width: 504px) 100vw, 504px\" \/><br \/>\n<!--more--><\/p>\n<div id=\"watch-description-text\" class=\"\">\n<p id=\"eow-description\" class=\"\" style=\"text-align: justify;\">Este s\u00e1bado, antes de retirarse de la Procatedral de Santa Mar\u00eda en Dubl\u00edn, en Irlanda, el Papa Francisco invit\u00f3 a los matrimonios y parejas de novios reunidos, rezar juntos la oraci\u00f3n oficial del Encuentro Mundial de las Familias, que ser\u00e1 clausurado este\u00a0domingo 26 de agosto con una multitudinaria Misa.<\/p>\n<\/div>\n<div class=\"k2_video\"><iframe title=\"Andrea Bocelli y Celine Byrne cantaron ante el Papa Francisco el Ave Mar\u00eda de Franz Schubert\" width=\"800\" height=\"450\" src=\"https:\/\/www.youtube.com\/embed\/6hFwlvQSc6E?feature=oembed\" frameborder=\"0\" allow=\"accelerometer; autoplay; clipboard-write; encrypted-media; gyroscope; picture-in-picture; web-share\" referrerpolicy=\"strict-origin-when-cross-origin\" allowfullscreen><\/iframe>\n<\/div>\n","protected":false},"excerpt":{"rendered":"","protected":false},"author":6,"featured_media":17784,"comment_status":"open","ping_status":"open","sticky":false,"template":"","format":"standard","meta":{"_acf_changed":false,"_monsterinsights_skip_tracking":false,"slim_seo":{"title":"Video: Andrea Bocelli y Celine Byrne cantan al Papa Francisco el Ave Mar\u00eda en Irlanda - Opini\u00f3n P\u00fablica","description":"Este s\u00e1bado, antes de retirarse de la Procatedral de Santa Mar\u00eda en Dubl\u00edn, en Irlanda, el Papa Francisco invit\u00f3 a los matrimonios y parejas de novios reunidos,"},"footnotes":""},"categories":[8],"tags":[],"class_list":["post-17785","post","type-post","status-publish","format-standard","has-post-thumbnail","hentry","category-videos"],"acf":[],"_links":{"self":[{"href":"https:\/\/www.opinionpublica.tv\/portada\/wp-json\/wp\/v2\/posts\/17785","targetHints":{"allow":["GET"]}}],"collection":[{"href":"https:\/\/www.opinionpublica.tv\/portada\/wp-json\/wp\/v2\/posts"}],"about":[{"href":"https:\/\/www.opinionpublica.tv\/portada\/wp-json\/wp\/v2\/types\/post"}],"author":[{"embeddable":true,"href":"https:\/\/www.opinionpublica.tv\/portada\/wp-json\/wp\/v2\/users\/6"}],"replies":[{"embeddable":true,"href":"https:\/\/www.opinionpublica.tv\/portada\/wp-json\/wp\/v2\/comments?post=17785"}],"version-history":[{"count":0,"href":"https:\/\/www.opinionpublica.tv\/portada\/wp-json\/wp\/v2\/posts\/17785\/revisions"}],"wp:featuredmedia":[{"embeddable":true,"href":"https:\/\/www.opinionpublica.tv\/portada\/wp-json\/wp\/v2\/media\/17784"}],"wp:attachment":[{"href":"https:\/\/www.opinionpublica.tv\/portada\/wp-json\/wp\/v2\/media?parent=17785"}],"wp:term":[{"taxonomy":"category","embeddable":true,"href":"https:\/\/www.opinionpublica.tv\/portada\/wp-json\/wp\/v2\/categories?post=17785"},{"taxonomy":"post_tag","embeddable":true,"href":"https:\/\/www.opinionpublica.tv\/portada\/wp-json\/wp\/v2\/tags?post=17785"}],"curies":[{"name":"wp","href":"https:\/\/api.w.org\/{rel}","templated":true}]}}