{"id":17779,"date":"2018-08-25T06:00:00","date_gmt":"2018-08-25T04:00:00","guid":{"rendered":"https:\/\/www.opinionpublica.tv\/portada\/2018\/08\/25\/efemerides-25-de-agosto-2\/"},"modified":"2018-08-25T06:00:00","modified_gmt":"2018-08-25T04:00:00","slug":"efemerides-25-de-agosto-2","status":"publish","type":"post","link":"https:\/\/www.opinionpublica.tv\/portada\/efemerides-25-de-agosto-2\/","title":{"rendered":"Efem\u00e9rides 25 de agosto"},"content":{"rendered":"<img fetchpriority=\"high\" decoding=\"async\" class=\" size-full wp-image-17778\" src=\"https:\/\/www.opinionpublica.tv\/portada\/wp-content\/uploads\/2018\/08\/736497f2f6971e21ce055c00ad24c9b5.jpg\" alt=\"\" class=\"caption\" title=\"El hurac\u00e1n \"Katrina\" dej\u00f3 un saldo de 1,800 muertes y millones de d\u00f3lares en p\u00e9rdidas.\" width=\"750\" height=\"497\" srcset=\"https:\/\/www.opinionpublica.tv\/portada\/wp-content\/uploads\/2018\/08\/736497f2f6971e21ce055c00ad24c9b5.jpg 750w, https:\/\/www.opinionpublica.tv\/portada\/wp-content\/uploads\/2018\/08\/736497f2f6971e21ce055c00ad24c9b5-300x199.jpg 300w\" sizes=\"(max-width: 750px) 100vw, 750px\" \/>\n<p style=\"text-align: justify;\">Un d\u00eda 25 de agosto como hoy, pero del 2005, la tormenta tropical \u00abKatrina\u00bb toca tierra en la costa sureste de Florida. Tras convertirse en hurac\u00e1n, anega buena parte de Nueva Orleans, Luisiana, destruye el \u00e1rea del Golfo de M\u00e9xico, y causa m\u00e1s de mil 800 muertos y miles de centenares de desplazados.<\/p>\n<p><!--more--><\/p>\n<p style=\"text-align: justify;\"><strong>Otras efem\u00e9rides:<\/strong><\/p>\n<p style=\"text-align: justify;\">1580.- Batalla de Alc\u00e1ntara: Tropas espa\u00f1olas derrotan a las portuguesas cerca de Lisboa, y conquistan Portugal hasta 1640.<\/p>\n<p style=\"text-align: justify;\">1776.- Muere el fil\u00f3sofo ingl\u00e9s David Hume.<\/p>\n<p style=\"text-align: justify;\">1790.- La Asamblea Constituyente francesa acuerda excluir a los eclesi\u00e1sticos de todas las funciones p\u00fablicas.<\/p>\n<p style=\"text-align: justify;\">1825.- Uruguay proclama su independencia del imperio brasile\u00f1o y su incorporaci\u00f3n a las Provincias Unidas del R\u00edo de la Plata.<\/p>\n<p style=\"text-align: justify;\">1858.- El Zar Alejandro II de Rusia libera a los siervos del dominio imperial al cederles la propiedad de las tierras que cultivaban.<\/p>\n<p style=\"text-align: justify;\">1863.- Fallece Emilio Salgari, novelista italiano.<\/p>\n<p style=\"text-align: justify;\">1867.- Muere Michael Faraday, f\u00edsico y qu\u00edmico ingl\u00e9s.<\/p>\n<p style=\"text-align: justify;\">1873.- Las autoridades espa\u00f1olas fusilan al poeta y patriota cubano Juan Clemente Zenea.<\/p>\n<p style=\"text-align: justify;\">1897.- Asesinato del presidente uruguayo Juan Idiarte Borda cuando encabezaba una comitiva que iba desde la catedral de Montevideo hacia la Casa de Gobierno.<\/p>\n<p style=\"text-align: justify;\">1900.- Muere el fil\u00f3sofo y escritor alem\u00e1n Friedrich W.<\/p>\n<p style=\"text-align: justify;\">Nietzsche.<\/p>\n<p style=\"text-align: justify;\">1905.- Un consejo de guerra condena a muerte en Rusia a 80 marineros rebeldes del acorazado \u00abPotemkin\u00bb.<\/p>\n<p style=\"text-align: justify;\">1905.- Nace Celia G\u00e1mez, \u00abvedette\u00bb y cantante hispano-argentina.<\/p>\n<p style=\"text-align: justify;\">1908.- Fallece Henri Becquerel, f\u00edsico franc\u00e9s.<\/p>\n<p style=\"text-align: justify;\">1912.- Nace Erick Honecker, pol\u00edtico alem\u00e1n.<\/p>\n<p style=\"text-align: justify;\">1917.- Nace Mel Ferrer, actor y cineasta estadounidense.<\/p>\n<p style=\"text-align: justify;\">1918.- Nace Leonard Bernstein, m\u00fasico estadounidense.<\/p>\n<p style=\"text-align: justify;\">1919.- Un aeroplano civil \u00abHavilland\u00bb transporta dos pasajeros de Londres a Par\u00eds en dos horas y cuarto, lo que da nacimiento a la aviaci\u00f3n comercial.<\/p>\n<p style=\"text-align: justify;\">1920.- Adrienne Bolland es la primera mujer que atraviesa en avi\u00f3n el Canal de La Mancha.<\/p>\n<p style=\"text-align: justify;\">1923.- Nace Alvaro Mutis, escritor colombiano.<\/p>\n<p style=\"text-align: justify;\">1930.- Nace Sean Connery, actor brit\u00e1nico.<\/p>\n<p style=\"text-align: justify;\">1934.- Nace Al\u00ed Rafsanyani, ex presidente de Ir\u00e1n.<\/p>\n<p style=\"text-align: justify;\">1936.- Ejecutados los 16 acusados de conspiraci\u00f3n para asesinar a Stalin y a otros altos dirigentes pol\u00edticos sovi\u00e9ticos.<\/p>\n<p style=\"text-align: justify;\">1938.- Nace Frederick Forsyth, escritor y periodista brit\u00e1nico.<\/p>\n<p style=\"text-align: justify;\">1940.- Aviones brit\u00e1nicos bombardean Berl\u00edn por primera vez durante la II Guerra Mundial.<\/p>\n<p style=\"text-align: justify;\">1944.- Los aliados entran en Par\u00eds. Ruman\u00eda declara la guerra a Alemania.<\/p>\n<p style=\"text-align: justify;\">1947.- Golpe de Estado en Ecuador: El presidente Jos\u00e9 Mar\u00eda Velasco Ibarra renuncia al cargo en favor del coronel Carlos Mancheno.<\/p>\n<p style=\"text-align: justify;\">1955.- Nace Dec\u00edan Patrick Aloysius MacManus, \u00abElvis Costello\u00bb, cantante brit\u00e1nico.<\/p>\n<p style=\"text-align: justify;\">1956.- Muere Alfred Kinsey, antrop\u00f3logo social estadounidense.<\/p>\n<p style=\"text-align: justify;\">1967.- Argentina publica la ley que priva a los comunistas de la nacionalidad y de trabajar en puestos p\u00fablicos.<\/p>\n<p style=\"text-align: justify;\">1970.- Nace Claudia Schiffer, modelo alemana.<\/p>\n<p style=\"text-align: justify;\">1981.- Fallece Bill Colleman, int\u00e9rprete estadounidense de jazz cl\u00e1sico.<\/p>\n<p style=\"text-align: justify;\">1983.- Un golpe de Estado derriba al presidente de Guatemala, Efra\u00edn R\u00edos Montt, que hab\u00eda conquistado el poder por la fuerza un a\u00f1o antes.<\/p>\n<p style=\"text-align: justify;\">1984.- Muere Truman Capote, escritor estadounidense.<\/p>\n<p style=\"text-align: justify;\">1988.- Un incendio destruye el centro hist\u00f3rico de Lisboa.<\/p>\n<p style=\"text-align: justify;\">1989.- Tras 12 a\u00f1os de recorrido espacial, en los que visit\u00f3 J\u00fapiter, Saturno y Urano, llega a Neptuno la sonda espacial estadounidense \u00abVoyager 2\u00bb.<\/p>\n<p style=\"text-align: justify;\">1990.- El Consejo de Seguridad de la ONU autoriza el uso de la fuerza para imponer el embargo a Irak.<\/p>\n<p style=\"text-align: justify;\">1991.- Bielorrusia declara su independencia de la URSS.<\/p>\n<p style=\"text-align: justify;\">1994.- El tif\u00f3n \u00abFred\u00bb causa 1.261 muertos en Zhejiang (China) y da\u00f1os superiores a mil millones de d\u00f3lares.<\/p>\n<p style=\"text-align: justify;\">1994.- Alexandr Solzhenitsin, Premio Leo Tolstoi por su contribuci\u00f3n a la literatura rusa.<\/p>\n<p style=\"text-align: justify;\">1997.- Muere Clodomiro Almeyda, ex vicepresidente chileno.<\/p>\n<p style=\"text-align: justify;\">1999.- El general Momir Talic, jefe militar serbobosnio, es detenido en Viena por las autoridades austr\u00edacas y trasladado a La Haya, acusado de organizar la limpieza \u00e9tnica contra los musulmanes en Bosnia.<\/p>\n<p style=\"text-align: justify;\">2001.- El pr\u00edncipe Haakon, heredero de la corona noruega, contrae matrimonio en Oslo con la noruega Mette-Marit Thesse.<\/p>\n<p style=\"text-align: justify;\">2003.- La red Al Qaeda se atribuye la autor\u00eda del atentado contra la sede de la ONU en Bagdad: 23 muertos.<\/p>\n<p style=\"text-align: justify;\">2005.- En Gobierno de Ecuador, las empresas petroleras y las autoridades de las provincias productoras de crudo de Orellana y Sucumb\u00edos firman el acuerdo que pone fin a la huelga general que provoc\u00f3 la suspensi\u00f3n de las exportaciones de crudo.<\/p>\n<p style=\"text-align: justify;\">2005.- &#8216;Olga Ramos&#8217; (Trinidad Olga Ramos Sanguino), cupletista espa\u00f1ola.<\/p>\n<p style=\"text-align: justify;\">2006.- La UE acuerda aportar alrededor de la mitad de la fuerza internacional de 15.000 cascos azules para garantizar la estabilidad en el sur de L\u00edbano.<\/p>\n<p style=\"text-align: justify;\">2006.- La estadounidense Microsoft presenta en Bolivia los programas &#8216;Windows&#8217; y &#8216;Office&#8217; en lengua quechua.<\/p>\n<p style=\"text-align: justify;\">2007.- Muere Raymond Barre, ex primer ministro franc\u00e9s.<\/p>\n<p style=\"text-align: justify;\">2008.- Fallece Ahmed Faraz, escritor paquistan\u00ed.<\/p>\n<p style=\"text-align: justify;\">2009.- Muere Edward Kennedy, senador estadounidense.<\/p>\n<p style=\"text-align: justify;\">2009.- 43 muertos en un atentado con coche bomba contra un organismo de cooperaci\u00f3n canadiense en Kandahar (Afganist\u00e1n).<\/p>\n","protected":false},"excerpt":{"rendered":"<p>Un d\u00eda 25 de agosto como hoy, pero del 2005, la tormenta tropical \u00abKatrina\u00bb toca tierra en la costa sureste de Florida. Tras convertirse en hurac\u00e1n, anega buena parte de Nueva Orleans, Luisiana, destruye el \u00e1rea del Golfo de M\u00e9xico, y causa m\u00e1s de mil 800 muertos y miles de centenares de desplazados.<\/p>\n","protected":false},"author":6,"featured_media":17778,"comment_status":"open","ping_status":"open","sticky":false,"template":"","format":"standard","meta":{"_acf_changed":false,"_monsterinsights_skip_tracking":false,"slim_seo":{"title":"Efem\u00e9rides 25 de agosto - Opini\u00f3n P\u00fablica","description":"Un d\u00eda 25 de agosto como hoy, pero del 2005, la tormenta tropical \"Katrina\" toca tierra en la costa sureste de Florida. Tras convertirse en hurac\u00e1n, anega buena"},"footnotes":""},"categories":[27],"tags":[],"class_list":["post-17779","post","type-post","status-publish","format-standard","has-post-thumbnail","hentry","category-un-dia-como-hoy"],"acf":[],"_links":{"self":[{"href":"https:\/\/www.opinionpublica.tv\/portada\/wp-json\/wp\/v2\/posts\/17779","targetHints":{"allow":["GET"]}}],"collection":[{"href":"https:\/\/www.opinionpublica.tv\/portada\/wp-json\/wp\/v2\/posts"}],"about":[{"href":"https:\/\/www.opinionpublica.tv\/portada\/wp-json\/wp\/v2\/types\/post"}],"author":[{"embeddable":true,"href":"https:\/\/www.opinionpublica.tv\/portada\/wp-json\/wp\/v2\/users\/6"}],"replies":[{"embeddable":true,"href":"https:\/\/www.opinionpublica.tv\/portada\/wp-json\/wp\/v2\/comments?post=17779"}],"version-history":[{"count":0,"href":"https:\/\/www.opinionpublica.tv\/portada\/wp-json\/wp\/v2\/posts\/17779\/revisions"}],"wp:featuredmedia":[{"embeddable":true,"href":"https:\/\/www.opinionpublica.tv\/portada\/wp-json\/wp\/v2\/media\/17778"}],"wp:attachment":[{"href":"https:\/\/www.opinionpublica.tv\/portada\/wp-json\/wp\/v2\/media?parent=17779"}],"wp:term":[{"taxonomy":"category","embeddable":true,"href":"https:\/\/www.opinionpublica.tv\/portada\/wp-json\/wp\/v2\/categories?post=17779"},{"taxonomy":"post_tag","embeddable":true,"href":"https:\/\/www.opinionpublica.tv\/portada\/wp-json\/wp\/v2\/tags?post=17779"}],"curies":[{"name":"wp","href":"https:\/\/api.w.org\/{rel}","templated":true}]}}