{"id":17769,"date":"2018-08-25T06:00:00","date_gmt":"2018-08-25T04:00:00","guid":{"rendered":"https:\/\/www.opinionpublica.tv\/portada\/2018\/08\/25\/asi-sera-la-imagen-del-nuevo-billete-de-500-pesos\/"},"modified":"2018-08-25T06:00:00","modified_gmt":"2018-08-25T04:00:00","slug":"asi-sera-la-imagen-del-nuevo-billete-de-500-pesos","status":"publish","type":"post","link":"https:\/\/www.opinionpublica.tv\/portada\/asi-sera-la-imagen-del-nuevo-billete-de-500-pesos\/","title":{"rendered":"As\u00ed ser\u00e1 la imagen del nuevo billete de 500 pesos"},"content":{"rendered":"<p><img fetchpriority=\"high\" decoding=\"async\" class=\" size-full wp-image-17767\" src=\"https:\/\/www.opinionpublica.tv\/portada\/wp-content\/uploads\/2018\/08\/e089b075f1110c8b81af83bb23fc4f6b.jpg\" alt=\"\" class=\"caption\" title=\"El nuevo billete de 500 pesos tiene la image de Benito Ju\u00e1rez.\" width=\"265\" height=\"203\" \/><br \/>\n<!--more--><\/p>\n<p style=\"text-align: justify;\"><em>Ciudad de M\u00e9xico<\/em>.- La imagen del billete de denominaci\u00f3n de 500 pesos, uno de los de mayor circulaci\u00f3n en el pa\u00eds, cambiar\u00e1 a partir de este lunes 27 de agosto. El Banco de M\u00e9xico (Banxico) realizar\u00e1 el anuncio a las 13:15 horas.<\/p>\n<p style=\"text-align: justify;\">Hecho de papel de alg\u00f3n, actualmente el billete de 500 tiene como imagen los autorretratos de los artistas Diego Rivera y Frida Kahlo.<\/p>\n<p style=\"text-align: justify;\">El motivo principal es un autorretrato del muralista Diego Rivera, complementado con una vi\u00f1eta compuesta por su obra de caballete titulada \u201cDesnudo Con Alcatraces\u201d, tres pinceles y una paleta, en representaci\u00f3n de los instrumentos que utilizaba al crear sus obras de arte.<\/p>\n<p style=\"text-align: justify;\">En el reverso la imagen principal es un autorretrato de la pintora Frida Kahlo, acompa\u00f1ado por una de sus obras, \u00abEl abrazo de amor del Universo, la Tierra (M\u00e9xico), Yo, Diego, y el se\u00f1or X\u00f3lotl\u00bb.<\/p>\n<p style=\"text-align: justify;\">Recordemos que antes de Frida y Diego Rivera, la figura central era Ignacio Zaragoza.<\/p>\n<p style=\"text-align: justify;\"><img decoding=\"async\" class=\" size-full wp-image-17768\" src=\"https:\/\/www.opinionpublica.tv\/portada\/wp-content\/uploads\/2018\/08\/500_varos.jpg\" width=\"600\" height=\"777\" srcset=\"https:\/\/www.opinionpublica.tv\/portada\/wp-content\/uploads\/2018\/08\/500_varos.jpg 720w, https:\/\/www.opinionpublica.tv\/portada\/wp-content\/uploads\/2018\/08\/500_varos-232x300.jpg 232w\" sizes=\"(max-width: 600px) 100vw, 600px\" \/><\/p>\n<p style=\"text-align: justify;\">Sin embargo, en la nueva imagen el personaje central ser\u00e1 Benito Ju\u00e1rez bajo un color predominante en azul y de lado la imagen que recuerda su entrada triunfal a la Ciudad de M\u00e9xico el 15 de julio de 1867, simbolizando la restauraci\u00f3n de la Rep\u00fablica. En el reverso se muestra un grupo de ballenas, reflejando el ecosistema de costas, mares e islas.<\/p>\n<p style=\"text-align: justify;\">Ahora la duda es: \u00bfQu\u00e9 pasar\u00e1 con el billete de 20 pesos que tambi\u00e9n tiene como imagen al \u00abBen\u00e9merito de las Am\u00e9ricas\u00bb?<\/p>\n","protected":false},"excerpt":{"rendered":"","protected":false},"author":6,"featured_media":17767,"comment_status":"open","ping_status":"open","sticky":false,"template":"","format":"standard","meta":{"_acf_changed":false,"_monsterinsights_skip_tracking":false,"slim_seo":{"title":"As\u00ed ser\u00e1 la imagen del nuevo billete de 500 pesos - Opini\u00f3n P\u00fablica","description":"Ciudad de M\u00e9xico .- La imagen del billete de denominaci\u00f3n de 500 pesos, uno de los de mayor circulaci\u00f3n en el pa\u00eds, cambiar\u00e1 a partir de este lunes 27 de agosto"},"footnotes":""},"categories":[11],"tags":[],"class_list":["post-17769","post","type-post","status-publish","format-standard","has-post-thumbnail","hentry","category-tendencias"],"acf":[],"_links":{"self":[{"href":"https:\/\/www.opinionpublica.tv\/portada\/wp-json\/wp\/v2\/posts\/17769","targetHints":{"allow":["GET"]}}],"collection":[{"href":"https:\/\/www.opinionpublica.tv\/portada\/wp-json\/wp\/v2\/posts"}],"about":[{"href":"https:\/\/www.opinionpublica.tv\/portada\/wp-json\/wp\/v2\/types\/post"}],"author":[{"embeddable":true,"href":"https:\/\/www.opinionpublica.tv\/portada\/wp-json\/wp\/v2\/users\/6"}],"replies":[{"embeddable":true,"href":"https:\/\/www.opinionpublica.tv\/portada\/wp-json\/wp\/v2\/comments?post=17769"}],"version-history":[{"count":0,"href":"https:\/\/www.opinionpublica.tv\/portada\/wp-json\/wp\/v2\/posts\/17769\/revisions"}],"wp:featuredmedia":[{"embeddable":true,"href":"https:\/\/www.opinionpublica.tv\/portada\/wp-json\/wp\/v2\/media\/17767"}],"wp:attachment":[{"href":"https:\/\/www.opinionpublica.tv\/portada\/wp-json\/wp\/v2\/media?parent=17769"}],"wp:term":[{"taxonomy":"category","embeddable":true,"href":"https:\/\/www.opinionpublica.tv\/portada\/wp-json\/wp\/v2\/categories?post=17769"},{"taxonomy":"post_tag","embeddable":true,"href":"https:\/\/www.opinionpublica.tv\/portada\/wp-json\/wp\/v2\/tags?post=17769"}],"curies":[{"name":"wp","href":"https:\/\/api.w.org\/{rel}","templated":true}]}}