{"id":17765,"date":"2018-08-23T06:00:00","date_gmt":"2018-08-23T04:00:00","guid":{"rendered":"https:\/\/www.opinionpublica.tv\/portada\/2018\/08\/23\/elige-congreso-a-hector-acosta-como-auditor-superior-del-estado\/"},"modified":"2018-08-23T06:00:00","modified_gmt":"2018-08-23T04:00:00","slug":"elige-congreso-a-hector-acosta-como-auditor-superior-del-estado","status":"publish","type":"post","link":"https:\/\/www.opinionpublica.tv\/portada\/elige-congreso-a-hector-acosta-como-auditor-superior-del-estado\/","title":{"rendered":"Elige Congreso a H\u00e9ctor Acosta como auditor superior del Estado"},"content":{"rendered":"<p><img fetchpriority=\"high\" decoding=\"async\" class=\" size-full wp-image-17764\" src=\"https:\/\/www.opinionpublica.tv\/portada\/wp-content\/uploads\/2018\/08\/61f6d878b0208e424cc758f888100379.jpg\" alt=\"\" class=\"caption\" title=\"H\u00e9ctor Acosta F\u00e9lix, nuevo auditor superior del Estado.\" width=\"378\" height=\"392\" srcset=\"https:\/\/www.opinionpublica.tv\/portada\/wp-content\/uploads\/2018\/08\/61f6d878b0208e424cc758f888100379.jpg 378w, https:\/\/www.opinionpublica.tv\/portada\/wp-content\/uploads\/2018\/08\/61f6d878b0208e424cc758f888100379-289x300.jpg 289w\" sizes=\"(max-width: 378px) 100vw, 378px\" \/><br \/>\n<!--more--><\/p>\n<p style=\"text-align: justify;\"><em>Chihuahua, Chih<\/em>.- Una mayor\u00eda calificada de diputados del Congreso del Estado, eligieron mediante c\u00e9dula de votaci\u00f3n al abogado H\u00e9ctor Alberto Acosta F\u00e9lix, como titular de la Auditor\u00eda Superior del Estado, a partir del 1 de enero del 2019 y durar\u00e1 en el mismo por un periodo de siete a\u00f1os.<\/p>\n<p style=\"text-align: justify;\">Dicha votaci\u00f3n se llev\u00f3 a cabo, una vez que el Panel de Especialistas encargado de la selecci\u00f3n de la terna de aspirantes a ocupar la titularidad de la Auditor\u00eda Superior del Estado, entreg\u00f3 a la Presidencia del Congreso, el acuerdo con los nombres de las personas y los expedientes de cada uno de los que la conformaron, con la finalidad de que los legisladores constataran que cumpl\u00edan con los requisitos descritos en la convocatoria.<\/p>\n<p style=\"text-align: justify;\">La terna estuvo conformada por H\u00e9ctor Alberto Acosta F\u00e9lix, Armando Valenzuela Beltr\u00e1n y Luis Ra\u00fal Olivas.<\/p>\n<p style=\"text-align: justify;\">Cabe mencionar que por Ley, se establece que es facultad del Congreso designar a mediante el voto de cuando menos las dos terceras partes de las y los diputados presentes, en un plazo que no exceda de los diez d\u00edas naturales a partir de recibida la terna,\u00a0 a quien ser\u00e1 titular de la Auditor\u00eda Superior del Estado.<\/p>\n","protected":false},"excerpt":{"rendered":"","protected":false},"author":6,"featured_media":17764,"comment_status":"open","ping_status":"open","sticky":false,"template":"","format":"standard","meta":{"_acf_changed":false,"_monsterinsights_skip_tracking":false,"slim_seo":{"title":"Elige Congreso a H\u00e9ctor Acosta como auditor superior del Estado - Opini\u00f3n P\u00fablica","description":"Chihuahua, Chih .- Una mayor\u00eda calificada de diputados del Congreso del Estado, eligieron mediante c\u00e9dula de votaci\u00f3n al abogado H\u00e9ctor Alberto Acosta F\u00e9lix, co"},"footnotes":""},"categories":[4],"tags":[],"class_list":["post-17765","post","type-post","status-publish","format-standard","has-post-thumbnail","hentry","category-pulsopolitico"],"acf":[],"_links":{"self":[{"href":"https:\/\/www.opinionpublica.tv\/portada\/wp-json\/wp\/v2\/posts\/17765","targetHints":{"allow":["GET"]}}],"collection":[{"href":"https:\/\/www.opinionpublica.tv\/portada\/wp-json\/wp\/v2\/posts"}],"about":[{"href":"https:\/\/www.opinionpublica.tv\/portada\/wp-json\/wp\/v2\/types\/post"}],"author":[{"embeddable":true,"href":"https:\/\/www.opinionpublica.tv\/portada\/wp-json\/wp\/v2\/users\/6"}],"replies":[{"embeddable":true,"href":"https:\/\/www.opinionpublica.tv\/portada\/wp-json\/wp\/v2\/comments?post=17765"}],"version-history":[{"count":0,"href":"https:\/\/www.opinionpublica.tv\/portada\/wp-json\/wp\/v2\/posts\/17765\/revisions"}],"wp:featuredmedia":[{"embeddable":true,"href":"https:\/\/www.opinionpublica.tv\/portada\/wp-json\/wp\/v2\/media\/17764"}],"wp:attachment":[{"href":"https:\/\/www.opinionpublica.tv\/portada\/wp-json\/wp\/v2\/media?parent=17765"}],"wp:term":[{"taxonomy":"category","embeddable":true,"href":"https:\/\/www.opinionpublica.tv\/portada\/wp-json\/wp\/v2\/categories?post=17765"},{"taxonomy":"post_tag","embeddable":true,"href":"https:\/\/www.opinionpublica.tv\/portada\/wp-json\/wp\/v2\/tags?post=17765"}],"curies":[{"name":"wp","href":"https:\/\/api.w.org\/{rel}","templated":true}]}}