{"id":17758,"date":"2018-08-23T06:00:00","date_gmt":"2018-08-23T04:00:00","guid":{"rendered":"https:\/\/www.opinionpublica.tv\/portada\/2018\/08\/23\/entregan-medalla-victor-hugo-rascon-al-musico-raul-balderrama\/"},"modified":"2018-08-23T06:00:00","modified_gmt":"2018-08-23T04:00:00","slug":"entregan-medalla-victor-hugo-rascon-al-musico-raul-balderrama","status":"publish","type":"post","link":"https:\/\/www.opinionpublica.tv\/portada\/entregan-medalla-victor-hugo-rascon-al-musico-raul-balderrama\/","title":{"rendered":"Entregan Medalla \u201cV\u00edctor Hugo Rasc\u00f3n\u201d a m\u00fasico chihuahuense"},"content":{"rendered":"<p><img fetchpriority=\"high\" decoding=\"async\" class=\" size-full wp-image-17757\" src=\"https:\/\/www.opinionpublica.tv\/portada\/wp-content\/uploads\/2018\/08\/41317eb0dfaf92e94f2294c64fbac846.jpg\" alt=\"\" class=\"caption\" title=\"La medalla fue entregada por el gobernador de Chihuahua, Javier Corral Jurado.\" width=\"2464\" height=\"1640\" srcset=\"https:\/\/www.opinionpublica.tv\/portada\/wp-content\/uploads\/2018\/08\/41317eb0dfaf92e94f2294c64fbac846.jpg 2464w, https:\/\/www.opinionpublica.tv\/portada\/wp-content\/uploads\/2018\/08\/41317eb0dfaf92e94f2294c64fbac846-300x200.jpg 300w, https:\/\/www.opinionpublica.tv\/portada\/wp-content\/uploads\/2018\/08\/41317eb0dfaf92e94f2294c64fbac846-1024x682.jpg 1024w, https:\/\/www.opinionpublica.tv\/portada\/wp-content\/uploads\/2018\/08\/41317eb0dfaf92e94f2294c64fbac846-768x511.jpg 768w, https:\/\/www.opinionpublica.tv\/portada\/wp-content\/uploads\/2018\/08\/41317eb0dfaf92e94f2294c64fbac846-1536x1022.jpg 1536w, https:\/\/www.opinionpublica.tv\/portada\/wp-content\/uploads\/2018\/08\/41317eb0dfaf92e94f2294c64fbac846-2048x1363.jpg 2048w\" sizes=\"(max-width: 2464px) 100vw, 2464px\" \/><br \/>\n<!--more--><\/p>\n<p style=\"text-align: justify;\"><em>Chihuahua, Chih.<\/em>&#8211; Durante Sesi\u00f3n Solemne del Congreso del Estado, el m\u00fasico Ra\u00fal Balderrama Montes recibi\u00f3 este d\u00eda la Medalla al M\u00e9rito Cultural \u201cV\u00edctor Hugo Rasc\u00f3n Banda\u201d 2018 de manos del gobernador Javier Corral Jurado.<\/p>\n<p style=\"text-align: justify;\">El 16 de agosto se determin\u00f3 entregar la medalla al galardonado por sus aportaciones a la cultura chihuahuenses en el \u00e1rea de la m\u00fasica, por lo cual se le entreg\u00f3 un est\u00edmulo de 50 mil pesos y se inscribir\u00e1 en la Sala de Visitantes Ilustres.<\/p>\n<p style=\"text-align: justify;\">En su mensaje, Corral Jurado enfatiz\u00f3 que este d\u00eda se re\u00fanen dos trayectorias de las cuales se siente muy orgulloso, la de V\u00edctor Hugo Rasc\u00f3n Banda y la de Ra\u00fal Balderrama.<\/p>\n<p style=\"text-align: justify;\">Dijo que esta medalla lleva del nombre de un destacado chihuahuense y un entra\u00f1able amigo: \u201cV\u00edctor Hugo ha sido un hombre que trascendi\u00f3 su estado, su pa\u00eds y en el \u00e1mbito internacional, por las diferentes facetas que conjug\u00f3 en su quehacer\u201d.<\/p>\n<p style=\"text-align: justify;\">Precis\u00f3 que adem\u00e1s de escritor y dramaturgo, fue abogado, acad\u00e9mico y activista de los derechos autorales, de los derechos culturales, e impuls\u00f3 acciones legislativas muy importantes para la comunidad art\u00edstica, cinematogr\u00e1fica y cultural de M\u00e9xico.<\/p>\n<p style=\"text-align: justify;\">Sobre el premio que se entreg\u00f3 este d\u00eda, el gobernador dijo que es un acierto reconocer la trayectoria, pero que lleve el nombre de Rasc\u00f3n Banda implica adem\u00e1s una carga moral.<\/p>\n<p style=\"text-align: justify;\">En su discurso, Ra\u00fal Balderrama agradeci\u00f3 a sus padres por su apoyo y dedic\u00f3 este premio a su familia. Expres\u00f3 su reconocimiento a todos los hacedores de cultura que en muchas ocasiones emigran pero que se llevan en el coraz\u00f3n a Chihuahua, as\u00ed como quienes se quedan aqu\u00ed a seguir con sus creaciones en favor de esta rama del quehacer humano.<\/p>\n<p style=\"text-align: justify;\">El investigador dijo que aprendi\u00f3 a amar a Chihuahua por lo que fue y lo que es, que inici\u00f3 su carrera a los 18 a\u00f1os y a los 21, que junto con un grupo de compa\u00f1eros se dio a la tarea de rescatar la m\u00fasica chihuahuense, mediante el Grupo\u00a0<em>Macuilx\u00f3chitl.<\/em><\/p>\n<p style=\"text-align: justify;\">En su participaci\u00f3n,\u00a0\u00a0la presidenta de la Comisi\u00f3n de Cultura del Congreso Estatal, Mar\u00eda Antonieta Mendoza Mendoza, celebr\u00f3 que este premio se entrega desde hace 10 a\u00f1os por parte del Poder Legislativo a quienes realizan aportaciones significativas a la cultura de los chihuahuenses.<\/p>\n<p style=\"text-align: justify;\">La legisladora precis\u00f3 que este a\u00f1o se recibieron 16 expedientes de posibles candidatos a este reconocimiento, todos grandes exponentes de las ramas de la literatura, danza, m\u00fasica, teatro y las humanidades, con chihuahuenses procedentes de Chihuahua, Ju\u00e1rez y Cuauht\u00e9moc, entre otros municipios.<\/p>\n","protected":false},"excerpt":{"rendered":"","protected":false},"author":6,"featured_media":17757,"comment_status":"open","ping_status":"open","sticky":false,"template":"","format":"standard","meta":{"_acf_changed":false,"_monsterinsights_skip_tracking":false,"slim_seo":{"title":"Entregan Medalla \u201cV\u00edctor Hugo Rasc\u00f3n\u201d a m\u00fasico chihuahuense - Opini\u00f3n P\u00fablica","description":"Chihuahua, Chih. - Durante Sesi\u00f3n Solemne del Congreso del Estado, el m\u00fasico Ra\u00fal Balderrama Montes recibi\u00f3 este d\u00eda la Medalla al M\u00e9rito Cultural \u201cV\u00edctor Hugo"},"footnotes":""},"categories":[4],"tags":[],"class_list":["post-17758","post","type-post","status-publish","format-standard","has-post-thumbnail","hentry","category-pulsopolitico"],"acf":[],"_links":{"self":[{"href":"https:\/\/www.opinionpublica.tv\/portada\/wp-json\/wp\/v2\/posts\/17758","targetHints":{"allow":["GET"]}}],"collection":[{"href":"https:\/\/www.opinionpublica.tv\/portada\/wp-json\/wp\/v2\/posts"}],"about":[{"href":"https:\/\/www.opinionpublica.tv\/portada\/wp-json\/wp\/v2\/types\/post"}],"author":[{"embeddable":true,"href":"https:\/\/www.opinionpublica.tv\/portada\/wp-json\/wp\/v2\/users\/6"}],"replies":[{"embeddable":true,"href":"https:\/\/www.opinionpublica.tv\/portada\/wp-json\/wp\/v2\/comments?post=17758"}],"version-history":[{"count":0,"href":"https:\/\/www.opinionpublica.tv\/portada\/wp-json\/wp\/v2\/posts\/17758\/revisions"}],"wp:featuredmedia":[{"embeddable":true,"href":"https:\/\/www.opinionpublica.tv\/portada\/wp-json\/wp\/v2\/media\/17757"}],"wp:attachment":[{"href":"https:\/\/www.opinionpublica.tv\/portada\/wp-json\/wp\/v2\/media?parent=17758"}],"wp:term":[{"taxonomy":"category","embeddable":true,"href":"https:\/\/www.opinionpublica.tv\/portada\/wp-json\/wp\/v2\/categories?post=17758"},{"taxonomy":"post_tag","embeddable":true,"href":"https:\/\/www.opinionpublica.tv\/portada\/wp-json\/wp\/v2\/tags?post=17758"}],"curies":[{"name":"wp","href":"https:\/\/api.w.org\/{rel}","templated":true}]}}