{"id":17756,"date":"2018-08-23T06:00:00","date_gmt":"2018-08-23T04:00:00","guid":{"rendered":"https:\/\/www.opinionpublica.tv\/portada\/2018\/08\/23\/emiten-medidas-preventivas-para-evitar-contagio-de-piojos\/"},"modified":"2018-08-23T06:00:00","modified_gmt":"2018-08-23T04:00:00","slug":"emiten-medidas-preventivas-para-evitar-contagio-de-piojos","status":"publish","type":"post","link":"https:\/\/www.opinionpublica.tv\/portada\/emiten-medidas-preventivas-para-evitar-contagio-de-piojos\/","title":{"rendered":"Emiten medidas preventivas para evitar contagio de piojos"},"content":{"rendered":"<p><img fetchpriority=\"high\" decoding=\"async\" class=\" size-full wp-image-17755\" src=\"https:\/\/www.opinionpublica.tv\/portada\/wp-content\/uploads\/2018\/08\/8249bfd9c731faf8062f1e99dccaf37c.jpg\" alt=\"\" class=\"caption\" title=\"La pediculosis afecta principalmente a ni\u00f1os en edad escolar.\" width=\"520\" height=\"370\" srcset=\"https:\/\/www.opinionpublica.tv\/portada\/wp-content\/uploads\/2018\/08\/8249bfd9c731faf8062f1e99dccaf37c.jpg 520w, https:\/\/www.opinionpublica.tv\/portada\/wp-content\/uploads\/2018\/08\/8249bfd9c731faf8062f1e99dccaf37c-300x213.jpg 300w\" sizes=\"(max-width: 520px) 100vw, 520px\" \/><br \/>\n<!--more--><\/p>\n<p style=\"text-align: justify;\"><em>Ciudad Ju\u00e1rez, Chih<\/em>.- Con el regreso de los ni\u00f1os a clases y la presencia de las altas temperaturas, existe una mayor presencia de pediculosis, por ello,\u00a0la Secretar\u00eda de Salud emite recomendaciones.<\/p>\n<p style=\"text-align: justify;\">Este padecimiento conocido como piojos, es una problem\u00e1tica que se incrementa durante el verano, aunque se presenta durante todo el a\u00f1o, por lo cual se exhorta a la poblaci\u00f3n sobre el cuidado que se debe poner principalmente en los ni\u00f1os para que no se contagien.<\/p>\n<p style=\"text-align: justify;\">Los piojos son insectos \u00a0peque\u00f1os que tienen entre 2 y 3 mil\u00edmetros de tama\u00f1o, generalmente, sus cuerpos son claros y grises, pero su color puede variar. Se alimentan de muy peque\u00f1as cantidades de sangre del cuero cabelludo y generalmente pueden vivir de 1 a 2 d\u00edas sin alimentarse.<\/p>\n<p style=\"text-align: justify;\">Los piojos son insectos que se arrastran. No pueden saltar, brincar ni volar, por eso, la principal manera en que se contagian es con el contacto cercano y prolongado entre una cabeza y otra, adem\u00e1s de compartir elementos tales como peines, cepillos y sombreros.<\/p>\n<p style=\"text-align: justify;\">El epidemi\u00f3logo de la Jurisdicci\u00f3n Sanitaria II, Roberto Su\u00e1rez P\u00e9rez, precis\u00f3 que se deben implementar medidas para los ni\u00f1os que se encuentran contagiados, tales como: ba\u00f1arse diariamente, aplicar medio litro de vinagre blanco en medio litro de agua tibia, despu\u00e9s cubrir la cabeza con una bolsa de pl\u00e1stico por 30 minutos, retirar la bolsa y posteriormente peinar con cepillo chino, revisar diariamente el cuero cabelludo de las personas que se encuentran en contacto con ni\u00f1os con pediculosis.<\/p>\n<p style=\"text-align: justify;\">Por ello, la Secretar\u00eda de Salud\u00a0exhort\u00f3 a la poblaci\u00f3n a tomar precauciones, y en caso de presentar alg\u00fan menor con esta situaci\u00f3n acudir a solicitar apoyo de esta dependencia la cual acude a las escuelas a impartir asesor\u00edas sobre c\u00f3mo tratar y erradicar este padecimiento.<\/p>\n","protected":false},"excerpt":{"rendered":"","protected":false},"author":6,"featured_media":17755,"comment_status":"open","ping_status":"open","sticky":false,"template":"","format":"standard","meta":{"_acf_changed":false,"_monsterinsights_skip_tracking":false,"slim_seo":{"title":"Emiten medidas preventivas para evitar contagio de piojos - Opini\u00f3n P\u00fablica","description":"Ciudad Ju\u00e1rez, Chih .- Con el regreso de los ni\u00f1os a clases y la presencia de las altas temperaturas, existe una mayor presencia de pediculosis, por ello,\u00a0la Se"},"footnotes":""},"categories":[5],"tags":[],"class_list":["post-17756","post","type-post","status-publish","format-standard","has-post-thumbnail","hentry","category-frontera"],"acf":[],"_links":{"self":[{"href":"https:\/\/www.opinionpublica.tv\/portada\/wp-json\/wp\/v2\/posts\/17756","targetHints":{"allow":["GET"]}}],"collection":[{"href":"https:\/\/www.opinionpublica.tv\/portada\/wp-json\/wp\/v2\/posts"}],"about":[{"href":"https:\/\/www.opinionpublica.tv\/portada\/wp-json\/wp\/v2\/types\/post"}],"author":[{"embeddable":true,"href":"https:\/\/www.opinionpublica.tv\/portada\/wp-json\/wp\/v2\/users\/6"}],"replies":[{"embeddable":true,"href":"https:\/\/www.opinionpublica.tv\/portada\/wp-json\/wp\/v2\/comments?post=17756"}],"version-history":[{"count":0,"href":"https:\/\/www.opinionpublica.tv\/portada\/wp-json\/wp\/v2\/posts\/17756\/revisions"}],"wp:featuredmedia":[{"embeddable":true,"href":"https:\/\/www.opinionpublica.tv\/portada\/wp-json\/wp\/v2\/media\/17755"}],"wp:attachment":[{"href":"https:\/\/www.opinionpublica.tv\/portada\/wp-json\/wp\/v2\/media?parent=17756"}],"wp:term":[{"taxonomy":"category","embeddable":true,"href":"https:\/\/www.opinionpublica.tv\/portada\/wp-json\/wp\/v2\/categories?post=17756"},{"taxonomy":"post_tag","embeddable":true,"href":"https:\/\/www.opinionpublica.tv\/portada\/wp-json\/wp\/v2\/tags?post=17756"}],"curies":[{"name":"wp","href":"https:\/\/api.w.org\/{rel}","templated":true}]}}