{"id":17590,"date":"2018-07-27T06:00:00","date_gmt":"2018-07-27T04:00:00","guid":{"rendered":"https:\/\/www.opinionpublica.tv\/portada\/2018\/07\/27\/los-libres-no-reconocen-rivales\/"},"modified":"2018-07-27T06:00:00","modified_gmt":"2018-07-27T04:00:00","slug":"los-libres-no-reconocen-rivales","status":"publish","type":"post","link":"https:\/\/www.opinionpublica.tv\/portada\/los-libres-no-reconocen-rivales\/","title":{"rendered":"Los libres no reconocen rivales"},"content":{"rendered":"<p style=\"text-align: justify;\">El viernes pasado, alguien coment\u00f3, con conmovida voz de alivio, que por fin hab\u00eda llegado al anhelado 20 de julio de este a\u00f1o; el cr\u00edptico desahogo se explic\u00f3 de inmediato: \u201csalimos de vacaciones, no s\u00e9 si merecidas, pero en todo caso necesarias\u201d. Heme aqu\u00ed; instalado de lleno en esta bendita semana que para m\u00ed inici\u00f3 en viernes, compartiendo plenamente ese sentimiento de que, no s\u00e9 si las merezco, pero definitivamente las necesito: vacaciones.<\/p>\n<p><!--more--><\/p>\n<p style=\"text-align: justify;\">El t\u00edtulo de estos p\u00e1rrafos se explica porque, como ya lo saben mis escasos lectores, yo en estos periodos de asueto me pongo a leer como condenado; en \u00e9sas, huerfanito, vi\u00e9ndome desde un anaquel, estaba un librito cuyo t\u00edtulo es el que encabeza estos p\u00e1rrafos, escrito por Paco Ignacio Taibo II.<\/p>\n<p style=\"text-align: justify;\">Con Paco tengo una relaci\u00f3n unilateral de amor-odio de padre y se\u00f1or m\u00edo. Digo que \u2014aunque de antolog\u00eda\u2014 la nuestra es una relaci\u00f3n unilateral porque estoy cierto que el ingrato ni en la vida me hace. Todo comenz\u00f3 hace casi cuarenta a\u00f1os, cuando le\u00ed \u201cD\u00edas de combate\u201d; pues ah\u00ed estaba yo, rendido; todo c\u00e1ndido, pensando que Taibo II era cosa de otro mundo cuando ya le empez\u00f3 a salir lo comunista y lo toscote y nuestro idilio se fue al carajo.<\/p>\n<p style=\"text-align: justify;\">Ahora me cae gordo; hacer novela s\u00ed, bienvenida cualquier creaci\u00f3n literaria que pretenda romper moldes; \u00bfnovela hist\u00f3rica? T\u00fa dale, los lectores asiduos sabemos que la realidad da para eso y mucho m\u00e1s; pero, \u00bfintentar escribir historia un novelista? Y para colmo ideologizado, no se\u00f1or, no lo intenten, no se los recomiendo. Sale cada engendro que no es novela, ni ensayo, ni historia, ni nada. Un pu\u00f1ito de basura, como es el caso.<\/p>\n<p style=\"text-align: justify;\">En su bodrio, Taibo II procura contarnos los avatares cercanos a la Batalla de Puebla y dibuja \u2014desdibuja\u2014 la biograf\u00eda de unos h\u00e9roes de bolsillo enfrentados a unos tiranos \u00e9picos de dimensiones escandalosamente perversas; seg\u00fan \u00e9l: todos los buenos est\u00e1n en el bando de los liberales y los malos en el de los conservadores; su narrativa prescinde de ese matiz indispensable cuando de personas hablamos; nos narra una historia ajena a los claroscuros de la naturaleza humana.<\/p>\n<p style=\"text-align: justify;\">Eso no es lo malo; lo malo de esas perversiones ideol\u00f3gicas es que crece uno con un pensamiento torcido y se larga a la vida a la patita coja intelectual y visual, pues se comienza a ver la realidad, y a interpretarla, con un solo ojo.<\/p>\n<p style=\"text-align: justify;\">Si no me cree, piense en las declaraciones imb\u00e9ciles de MORENA, de las que hablaba en una entrega anterior, empezando por aquellas que intentan deslindar al otrora Rayito de Esperanza, a punto de convertirse en un sol arrasador que cae a plomo, del nauseabundo \u201cblanqueo\u201d de millones de pesos en nombre de los afectados por el sismo del a\u00f1o pasado: el fideicomiso propuesto por AMLO recibi\u00f3 44 millones 407 mil pesos depositados en efectivo; 2 lo que violaba el r\u00e9gimen especial porque al ser dep\u00f3sitos en efectivo, no es posible saber la procedencia del dinero y si se trata de recursos l\u00edcitos; porque los dep\u00f3sitos violan el r\u00e9gimen de financiamiento a partidos pol\u00edticos; y porque el propio fideicomiso prev\u00e9 que s\u00f3lo puede recibir aportaciones a trav\u00e9s de transferencias electr\u00f3nicas y cheques.<\/p>\n<p style=\"text-align: justify;\">Adivine cu\u00e1l fue la respuesta de AMLO a tan palmaria evidencia: \u201cConsejeros del INE son conservadores, no quieren un cambio\u201d. \u00a1Le digo! <\/p>\n<p style=\"text-align: justify;\">Cont\u00e1cteme a trav\u00e9s de mi correo electr\u00f3nico o s\u00edgame en los medios que gentilmente me publican, en Facebook o tambi\u00e9n en mi blog: http:\/\/unareflexionpersonal.wordpress.com\/<\/p>\n<p style=\"text-align: justify;\">\u00a0<\/p>\n<p style=\"text-align: justify;\">Luis Villegas Montes.<\/p>\n<p style=\"text-align: justify;\">luvimo6608@gmail.com, luvimo6614@hotmail.com<\/p>\n","protected":false},"excerpt":{"rendered":"<p>El viernes pasado, alguien coment\u00f3, con conmovida voz de alivio, que por fin hab\u00eda llegado al anhelado 20 de julio de este a\u00f1o; el cr\u00edptico desahogo se explic\u00f3 de inmediato: \u201csalimos de vacaciones, no s\u00e9 si merecidas, pero en todo caso necesarias\u201d. Heme aqu\u00ed; instalado de lleno en esta bendita semana que para m\u00ed inici\u00f3 [&hellip;]<\/p>\n","protected":false},"author":6,"featured_media":0,"comment_status":"open","ping_status":"open","sticky":false,"template":"","format":"standard","meta":{"_acf_changed":false,"_monsterinsights_skip_tracking":false,"slim_seo":{"title":"Los libres no reconocen rivales - Opini\u00f3n P\u00fablica","description":"El viernes pasado, alguien coment\u00f3, con conmovida voz de alivio, que por fin hab\u00eda llegado al anhelado 20 de julio de este a\u00f1o; el cr\u00edptico desahogo se explic\u00f3"},"footnotes":""},"categories":[19],"tags":[],"class_list":["post-17590","post","type-post","status-publish","format-standard","hentry","category-principal-columnas"],"acf":[],"_links":{"self":[{"href":"https:\/\/www.opinionpublica.tv\/portada\/wp-json\/wp\/v2\/posts\/17590","targetHints":{"allow":["GET"]}}],"collection":[{"href":"https:\/\/www.opinionpublica.tv\/portada\/wp-json\/wp\/v2\/posts"}],"about":[{"href":"https:\/\/www.opinionpublica.tv\/portada\/wp-json\/wp\/v2\/types\/post"}],"author":[{"embeddable":true,"href":"https:\/\/www.opinionpublica.tv\/portada\/wp-json\/wp\/v2\/users\/6"}],"replies":[{"embeddable":true,"href":"https:\/\/www.opinionpublica.tv\/portada\/wp-json\/wp\/v2\/comments?post=17590"}],"version-history":[{"count":0,"href":"https:\/\/www.opinionpublica.tv\/portada\/wp-json\/wp\/v2\/posts\/17590\/revisions"}],"wp:attachment":[{"href":"https:\/\/www.opinionpublica.tv\/portada\/wp-json\/wp\/v2\/media?parent=17590"}],"wp:term":[{"taxonomy":"category","embeddable":true,"href":"https:\/\/www.opinionpublica.tv\/portada\/wp-json\/wp\/v2\/categories?post=17590"},{"taxonomy":"post_tag","embeddable":true,"href":"https:\/\/www.opinionpublica.tv\/portada\/wp-json\/wp\/v2\/tags?post=17590"}],"curies":[{"name":"wp","href":"https:\/\/api.w.org\/{rel}","templated":true}]}}