{"id":17587,"date":"2018-07-27T06:00:00","date_gmt":"2018-07-27T04:00:00","guid":{"rendered":"https:\/\/www.opinionpublica.tv\/portada\/2018\/07\/27\/anuncia-gonzalez-mocken-equipo-de-transicion-para-exigir-al-ayuntamiento-entrega-recepcion\/"},"modified":"2018-07-27T06:00:00","modified_gmt":"2018-07-27T04:00:00","slug":"anuncia-gonzalez-mocken-equipo-de-transicion-para-exigir-al-ayuntamiento-entrega-recepcion","status":"publish","type":"post","link":"https:\/\/www.opinionpublica.tv\/portada\/anuncia-gonzalez-mocken-equipo-de-transicion-para-exigir-al-ayuntamiento-entrega-recepcion\/","title":{"rendered":"Anuncia Mocken equipo de transici\u00f3n para exigir entrega-recepci\u00f3n al Municipio"},"content":{"rendered":"<p><img fetchpriority=\"high\" decoding=\"async\" class=\" size-full wp-image-17586\" src=\"https:\/\/www.opinionpublica.tv\/portada\/wp-content\/uploads\/2018\/07\/8702d64c8554736ea716197c127d0527.jpg\" alt=\"\" class=\"caption\" title=\"Javier Gonz\u00e1lez Mocken, presidente municipal electo de Ciudad Ju\u00e1rez.\" width=\"600\" height=\"400\" srcset=\"https:\/\/www.opinionpublica.tv\/portada\/wp-content\/uploads\/2018\/07\/8702d64c8554736ea716197c127d0527.jpg 600w, https:\/\/www.opinionpublica.tv\/portada\/wp-content\/uploads\/2018\/07\/8702d64c8554736ea716197c127d0527-300x200.jpg 300w\" sizes=\"(max-width: 600px) 100vw, 600px\" \/><br \/>\n<!--more--><\/p>\n<p style=\"text-align: justify;\"><em>Ciudad Ju\u00e1rez, Chih<\/em>.- El pr\u00f3ximo lunes el equipo de transici\u00f3n del presidente municipal electo, Javier Gonz\u00e1lez Mocken, entregar\u00e1 un escrito a trav\u00e9s de un oficio a la administraci\u00f3n municipal en la cual solicitar\u00e1n que designen el d\u00eda y la hora para la celebraci\u00f3n de la primera reuni\u00f3n para iniciar el proceso de entrega-recepci\u00f3n.<\/p>\n<p style=\"text-align: justify;\">El alcalde electo explic\u00f3 que la Ley de Entrega Recepci\u00f3n para el Estado de Chihuahua establece que el proceso debe iniciar cuando menos 30 d\u00edas antes de la toma de protesta, es decir, el 10 de agosto.<\/p>\n<p style=\"text-align: justify;\">\u201cNosotros vamos a seguir lo que la ley nos indique en ese sentido, tenemos que ganar tiempo al tiempo\u201d, indic\u00f3.<\/p>\n<p style=\"text-align: justify;\">Gonz\u00e1lez Mocken se\u00f1al\u00f3 que mientras el Tribunal Estatal Electoral resuelve el recurso de impugnaci\u00f3n, el equipo de transici\u00f3n del Municipio y del presidente municipal electo deber\u00e1n seguir con el procedimiento del proceso entrega-recepci\u00f3n.<\/p>\n<p style=\"text-align: justify;\">\u201cEl lunes pr\u00f3ximo se presentar\u00e1 la solicitud formal por parte de nosotros para que se designe por parte del gobierno municipal la persona que va a estar a cargo por parte de ellos para el equipo de entrega-recepci\u00f3n\u201d, extern\u00f3.<\/p>\n<p style=\"text-align: justify;\">Coment\u00f3 que el fin de semana conformar\u00e1n la comitiva que participar\u00e1 en el proceso de entrega-recepci\u00f3n.<\/p>\n<p style=\"text-align: justify;\">El secretario del Ayuntamiento, Roberto Renter\u00eda Manqueros coment\u00f3 el mi\u00e9rcoles pasado que un mes antes de la toma de protesta, iniciar\u00e1 el proceso de entrega-recepci\u00f3n del Municipio de Ciudad Ju\u00e1rez como lo marca la ley.<\/p>\n<p style=\"text-align: justify;\">Por parte del Municipio, la Contralor\u00eda Municipal es quien est\u00e1 llevando los trabajos de recabar la informaci\u00f3n del gobierno a trav\u00e9s de las dependencias municipales. (OEM)<\/p>\n","protected":false},"excerpt":{"rendered":"","protected":false},"author":6,"featured_media":17586,"comment_status":"open","ping_status":"open","sticky":false,"template":"","format":"standard","meta":{"_acf_changed":false,"_monsterinsights_skip_tracking":false,"slim_seo":{"title":"Anuncia Mocken equipo de transici\u00f3n para exigir entrega-recepci\u00f3n al Municipio - Opini\u00f3n P\u00fablica","description":"Ciudad Ju\u00e1rez, Chih .- El pr\u00f3ximo lunes el equipo de transici\u00f3n del presidente municipal electo, Javier Gonz\u00e1lez Mocken, entregar\u00e1 un escrito a trav\u00e9s de un ofi"},"footnotes":""},"categories":[3],"tags":[],"class_list":["post-17587","post","type-post","status-publish","format-standard","has-post-thumbnail","hentry","category-principal"],"acf":[],"_links":{"self":[{"href":"https:\/\/www.opinionpublica.tv\/portada\/wp-json\/wp\/v2\/posts\/17587","targetHints":{"allow":["GET"]}}],"collection":[{"href":"https:\/\/www.opinionpublica.tv\/portada\/wp-json\/wp\/v2\/posts"}],"about":[{"href":"https:\/\/www.opinionpublica.tv\/portada\/wp-json\/wp\/v2\/types\/post"}],"author":[{"embeddable":true,"href":"https:\/\/www.opinionpublica.tv\/portada\/wp-json\/wp\/v2\/users\/6"}],"replies":[{"embeddable":true,"href":"https:\/\/www.opinionpublica.tv\/portada\/wp-json\/wp\/v2\/comments?post=17587"}],"version-history":[{"count":0,"href":"https:\/\/www.opinionpublica.tv\/portada\/wp-json\/wp\/v2\/posts\/17587\/revisions"}],"wp:featuredmedia":[{"embeddable":true,"href":"https:\/\/www.opinionpublica.tv\/portada\/wp-json\/wp\/v2\/media\/17586"}],"wp:attachment":[{"href":"https:\/\/www.opinionpublica.tv\/portada\/wp-json\/wp\/v2\/media?parent=17587"}],"wp:term":[{"taxonomy":"category","embeddable":true,"href":"https:\/\/www.opinionpublica.tv\/portada\/wp-json\/wp\/v2\/categories?post=17587"},{"taxonomy":"post_tag","embeddable":true,"href":"https:\/\/www.opinionpublica.tv\/portada\/wp-json\/wp\/v2\/tags?post=17587"}],"curies":[{"name":"wp","href":"https:\/\/api.w.org\/{rel}","templated":true}]}}