{"id":16839,"date":"2018-05-12T06:00:00","date_gmt":"2018-05-12T04:00:00","guid":{"rendered":"https:\/\/www.opinionpublica.tv\/portada\/2018\/05\/12\/los-medios-se-arrodillan-ante-amlo\/"},"modified":"2018-05-12T06:00:00","modified_gmt":"2018-05-12T04:00:00","slug":"los-medios-se-arrodillan-ante-amlo","status":"publish","type":"post","link":"https:\/\/www.opinionpublica.tv\/portada\/los-medios-se-arrodillan-ante-amlo\/","title":{"rendered":"Los medios se arrodillan ante AMLO"},"content":{"rendered":"<p style=\"text-align: justify;\">No cabe duda de que M\u00e9xico no cambiar\u00e1, a menos de que el pueblo lo quiera. No me refiero a ese pueblo que opina a mano alzada ante las indicaciones del caudillo en turno, me refiero al verdadero pueblo que con visi\u00f3n de futuro y responsabilidad pol\u00edtica todos anhelamos tener. Bien, es quiz\u00e1s un pueblo id\u00edlico que no existe en M\u00e9xico, pero debemos descubrir y provocar.<\/p>\n<p><!--more--><\/p>\n<p style=\"text-align: justify;\">Un pueblo que tenga sue\u00f1os, un pueblo que quiera superarse, un pueblo trabajador, un pueblo que educa a sus hijos y que aspira a ser feliz. Este pueblo es posible que se nos est\u00e9 yendo a otros pa\u00edses a encontrar mejor vida.<\/p>\n<p style=\"text-align: justify;\">Bien, pero yo creo firmemente que debemos de luchar por ese pueblo que puede tener M\u00e9xico. Es posible que ya lo tenga, no se si es una mayor\u00eda, pero s\u00ed se que hay millones de mexicanos que est\u00e1n luchando d\u00eda con d\u00eda a que se de por primera vez en la historia de M\u00e9xico, la libertad real del pueblo, que est\u00e9 impulsando la prosperidad del pa\u00eds, movi\u00e9ndola a partir del mejoramiento de su familia y la superaci\u00f3n de sus miembros.<\/p>\n<p style=\"text-align: justify;\">Pues bien, \u00bfcu\u00e1l es la amenaza inminente que veo que se va poco a poco conformando?; es el acomodamiento de las estructuras de poder a lo que creen inevitable: el triunfo de AMLO en la Presidencia de la Rep\u00fablica.<\/p>\n<p style=\"text-align: justify;\">En nuestro pa\u00eds s\u00ed hay una Mafia del Poder, quiz\u00e1s no sea la que dice AMLO que es, pero no me cabe la menor duda, que forman parte de la misma las grandes empresas de medios de comunicaci\u00f3n, que a mi sorpresa veo que empiezan a pon\u00e9rsele a modo a L\u00f3pez Obrador.<\/p>\n<p style=\"text-align: justify;\">En el regreso del programa Tercer Grado de Televisa, vimos todos con sorpresa a un L\u00f3pez D\u00f3riga y a un Carlos Loret de Mola, mansitos como corderitos ante la oportunidad de cuestionamientos duros a su entrevistado, como lo acostumbran a hacer. En la entrevista de Alatorre en TV Azteca vimos una situaci\u00f3n similar.<\/p>\n<p style=\"text-align: justify;\">Estos medios, indudablemente, que se encuentran en profunda crisis por los avances tecnol\u00f3gicos en las telecomunicaciones, su subsistencia, estimo, no dudar\u00e1 muchos a\u00f1os si no evolucionan de la televisi\u00f3n abierta a otras modalidades m\u00e1s modernas. Pero para mi es claro que se quieren acomodar al poder omn\u00edmodo que ejercer\u00e1 el que ellos visualizan como el nuevo Gran Jefe.<\/p>\n<p style=\"text-align: justify;\">As\u00ed pues, con tristeza veo, que muy probablemente los poderes f\u00e1cticos de M\u00e9xico empezar\u00e1n a alinearse a los designios de AMLO. As\u00ed caeremos de nueva cuenta a una regresi\u00f3n de la democracia en nuestra naci\u00f3n. Al mando de un solo hombre.<\/p>\n<p style=\"text-align: justify;\">Esto es, sin embargo, evitable, si los mexicanos decimos un hasta aqu\u00ed a que un solo hombre nos diga qu\u00e9 hacer y c\u00f3mo actuar, a que nos de soluciones m\u00e1gicas a nuestros problemas, en lugar de darnos el entrono necesario para resolverlos con libertad.<\/p>\n<p style=\"text-align: justify;\">Es evitable esto, si los mexicanos le ponemos un freno a caer en las manos de nueva cuenta de un solo partido que todo lo domine, a un partido que no tenga frenos y l\u00edmites democr\u00e1ticos e institucionales.<\/p>\n<p style=\"text-align: justify;\">Debemos los mexicanos poner un hasta aqu\u00ed, a permanecer gobernados por una nueva Mafia del Poder, por un peque\u00f1o grupo de \u201ciluminados\u201d que dicen que nos van a quitar las cadenas, para que \u00fanicamente nos cambien las mismas a otras de marca diferente.<\/p>\n<p style=\"text-align: justify;\">Si ahora no nos damos cuenta ante esta inminente amenaza de que en lo que debemos de luchar es en obtener nuestra verdadera libertad de ejercer el poder del ciudadano, no nada m\u00e1s en las elecciones, sino en el quehacer cotidiano del gobierno. No en las c\u00fapulas necesariamente, sino en el gobierno que d\u00eda a d\u00eda est\u00e1 conduciendo al pa\u00eds en los niveles secundarios, en donde la burocracia domina, acompa\u00f1ando y participando la ciudadan\u00eda en la acci\u00f3n de gobernar, en las pol\u00edticas p\u00fablica y en los actos de gobierno, a trav\u00e9s de las nuevas tecnolog\u00edas de la informaci\u00f3n, usando la transparencia y exigiendo rendici\u00f3n de cuentas, en un sistema de gobierno abierto.<\/p>\n<p style=\"text-align: justify;\">El ciudadano debe empezar por ejercer su poder en la designaci\u00f3n de las candidaturas de los partidos pol\u00edticos. El ciudadano debe ejercer su poder exigiendo un buen gobierno, que sea eficiente, moderno y tecnificado, libre de corrupci\u00f3n, delgado y que opere a bajos costos, que deje espacio de libertades, con bajos impuestos, con empresas que operen con eficiencia a bajos costos, que permitan tener mejores salarios y prestaciones para que los ciudadanos se conviertan en ese pueblo avanzado que todos queremos, liebres de caudillos y de mafias, en donde impulsemos a nuestros mejores hombres y mujeres que nos sirvan para crear bien com\u00fan, y no salvadores que nos vayan a hundir m\u00e1s en la pobreza y p\u00e9rdida de libertades.<\/p>\n","protected":false},"excerpt":{"rendered":"<p>No cabe duda de que M\u00e9xico no cambiar\u00e1, a menos de que el pueblo lo quiera. No me refiero a ese pueblo que opina a mano alzada ante las indicaciones del caudillo en turno, me refiero al verdadero pueblo que con visi\u00f3n de futuro y responsabilidad pol\u00edtica todos anhelamos tener. Bien, es quiz\u00e1s un pueblo [&hellip;]<\/p>\n","protected":false},"author":6,"featured_media":0,"comment_status":"open","ping_status":"open","sticky":false,"template":"","format":"standard","meta":{"_acf_changed":false,"_monsterinsights_skip_tracking":false,"slim_seo":{"title":"Los medios se arrodillan ante AMLO - Opini\u00f3n P\u00fablica","description":"No cabe duda de que M\u00e9xico no cambiar\u00e1, a menos de que el pueblo lo quiera. No me refiero a ese pueblo que opina a mano alzada ante las indicaciones del caudill"},"footnotes":""},"categories":[17],"tags":[],"class_list":["post-16839","post","type-post","status-publish","format-standard","hentry","category-ultima-instancia"],"acf":[],"_links":{"self":[{"href":"https:\/\/www.opinionpublica.tv\/portada\/wp-json\/wp\/v2\/posts\/16839","targetHints":{"allow":["GET"]}}],"collection":[{"href":"https:\/\/www.opinionpublica.tv\/portada\/wp-json\/wp\/v2\/posts"}],"about":[{"href":"https:\/\/www.opinionpublica.tv\/portada\/wp-json\/wp\/v2\/types\/post"}],"author":[{"embeddable":true,"href":"https:\/\/www.opinionpublica.tv\/portada\/wp-json\/wp\/v2\/users\/6"}],"replies":[{"embeddable":true,"href":"https:\/\/www.opinionpublica.tv\/portada\/wp-json\/wp\/v2\/comments?post=16839"}],"version-history":[{"count":0,"href":"https:\/\/www.opinionpublica.tv\/portada\/wp-json\/wp\/v2\/posts\/16839\/revisions"}],"wp:attachment":[{"href":"https:\/\/www.opinionpublica.tv\/portada\/wp-json\/wp\/v2\/media?parent=16839"}],"wp:term":[{"taxonomy":"category","embeddable":true,"href":"https:\/\/www.opinionpublica.tv\/portada\/wp-json\/wp\/v2\/categories?post=16839"},{"taxonomy":"post_tag","embeddable":true,"href":"https:\/\/www.opinionpublica.tv\/portada\/wp-json\/wp\/v2\/tags?post=16839"}],"curies":[{"name":"wp","href":"https:\/\/api.w.org\/{rel}","templated":true}]}}